{"id":72030,"date":"2024-04-23T13:57:04","date_gmt":"2024-04-23T18:57:04","guid":{"rendered":"https:\/\/l21.mx\/?p=72030"},"modified":"2024-04-23T13:57:39","modified_gmt":"2024-04-23T18:57:39","slug":"72030-2","status":"publish","type":"post","link":"https:\/\/l21.mx\/?p=72030","title":{"rendered":"Amazon M\u00e9xico y Rappi unen fuerzas en una colaboraci\u00f3n \u00fanica"},"content":{"rendered":"<p class=\"x_MsoNormal\" align=\"center\"><b><span lang=\"es\">\u00a0<\/span><\/b><\/p>\n<p class=\"x_MsoNormal\"><span lang=\"es\">\u25cf\u00a0\u00a0\u00a0\u00a0\u00a0\u00a0<\/span><i><span lang=\"es\">A partir de hoy, los miembros de Amazon Prime podr\u00e1n disfrutar hasta 12 meses de Rappi Pro, el programa de suscripci\u00f3n de Rappi, que incluye entregas gratuitas ilimitadas en restaurantes, supermercados, farmacias y m\u00e1s.<\/span><\/i><\/p>\n<p class=\"x_MsoNormal\"><span lang=\"es\">\u25cf\u00a0\u00a0\u00a0\u00a0\u00a0\u00a0<\/span><i><span lang=\"es\">Esta nueva oferta es solo una de las formas en que Amazon Prime ofrece gran valor para sus miembros &#8211; cualquiera puede unirse a Amazon Prime y las personas elegibles pueden comenzar una prueba gratuita de 30 d\u00edas en\u00a0<a title=\"Protegido por Outlook: http:\/\/amazon.com.mx\/amazonprime. Haz clic o pulsa para seguir el v\u00ednculo.\" href=\"https:\/\/na01.safelinks.protection.outlook.com\/?url=http%3A%2F%2Famazon.com.mx%2Famazonprime&amp;data=05%7C02%7C%7C57fc0e20cdea4a2bcd5608dc63ba553a%7C84df9e7fe9f640afb435aaaaaaaaaaaa%7C1%7C0%7C638494899222000146%7CUnknown%7CTWFpbGZsb3d8eyJWIjoiMC4wLjAwMDAiLCJQIjoiV2luMzIiLCJBTiI6Ik1haWwiLCJXVCI6Mn0%3D%7C0%7C%7C%7C&amp;sdata=FDSvr1UlZXRigwgsBxVP6M6q%2B6bXde1YrTeX9xbEyv4%3D&amp;reserved=0\" target=\"_blank\" rel=\"noopener noreferrer\" data-auth=\"Verified\" data-linkindex=\"1\">amazon.com.mx\/amazonprime<\/a><\/span><\/i><\/p>\n<p class=\"x_MsoNormal\"><i><span lang=\"es\"> <a href=\"https:\/\/l21.mx\/wp-content\/uploads\/2024\/04\/Amazon-Rappi.jpeg\" data-rel=\"penci-gallery-image-content\" ><img fetchpriority=\"high\" decoding=\"async\" class=\"alignnone size-medium wp-image-72032\" src=\"https:\/\/l21.mx\/wp-content\/uploads\/2024\/04\/Amazon-Rappi-300x235.jpeg\" alt=\"\" width=\"300\" height=\"235\" srcset=\"https:\/\/l21.mx\/wp-content\/uploads\/2024\/04\/Amazon-Rappi-300x235.jpeg 300w, https:\/\/l21.mx\/wp-content\/uploads\/2024\/04\/Amazon-Rappi-585x459.jpeg 585w, https:\/\/l21.mx\/wp-content\/uploads\/2024\/04\/Amazon-Rappi.jpeg 769w\" sizes=\"(max-width: 300px) 100vw, 300px\" \/><\/a><\/span><\/i><\/p>\n<p class=\"x_MsoNormal\"><b><span lang=\"es\">Ciudad de M\u00e9xico, 23 de abril de 2024<\/span><\/b><span lang=\"es\">. Amazon M\u00e9xico y Rappi anuncian el lanzamiento de una nueva oferta en donde los miembros de Amazon Prime podr\u00e1n disfrutar hasta 12 meses de Rappi Pro sin costo adicional, es decir, entregas gratuitas ilimitadas en restaurantes, supermercados, farmacias y mucho m\u00e1s. Esta oferta est\u00e1 disponible tanto para miembros nuevos como aquellos que ya tienen Amazon Prime en M\u00e9xico, esta es la \u00faltima incorporaci\u00f3n a la gama de ahorros y ofertas especiales de la membres\u00eda.<\/span><\/p>\n<p class=\"x_MsoNormal\"><span lang=\"es\">\u00a0<\/span><span lang=\"es\">La oferta de Rappi Pro para miembros de Amazon Prime estar\u00e1 disponible a partir de hoy y tendr\u00e1 una duraci\u00f3n de 12 meses para quienes lo activen, con la cual podr\u00e1n disfrutar de los otros beneficios de Amazon Prime como pedir su comida favorita sin costo de env\u00edo para ver la serie de la que no se pueden despegar en Prime Video, todo en una misma suscripci\u00f3n. Adem\u00e1s, Rappi Pro ofrece cientos de ofertas exclusivas a sus suscriptores y entregas gratuitas de 10 minutos con Rappi Turbo,\u00a0<\/span><span lang=\"es\"><a title=\"Protegido por Outlook: https:\/\/pro.rappi.com\/mexico. Haz clic o pulsa para seguir el v\u00ednculo.\" href=\"https:\/\/na01.safelinks.protection.outlook.com\/?url=https%3A%2F%2Fpro.rappi.com%2Fmexico&amp;data=05%7C02%7C%7C57fc0e20cdea4a2bcd5608dc63ba553a%7C84df9e7fe9f640afb435aaaaaaaaaaaa%7C1%7C0%7C638494899222004948%7CUnknown%7CTWFpbGZsb3d8eyJWIjoiMC4wLjAwMDAiLCJQIjoiV2luMzIiLCJBTiI6Ik1haWwiLCJXVCI6Mn0%3D%7C0%7C%7C%7C&amp;sdata=IoEKz75bgQtv3AL0MlE5zUN0VkBAjJSvI4BIK3i3ZPo%3D&amp;reserved=0\" target=\"_blank\" rel=\"noopener noreferrer\" data-auth=\"Verified\" data-linkindex=\"2\">entre otros beneficios exclusivos.<\/a><\/span><\/p>\n<p class=\"x_MsoNormal\"><span lang=\"es\">\u00a0<\/span><i><span lang=\"es\">\u201cQueremos que todos disfruten de Amazon Prime, una membres\u00eda con ofertas y descuentos exclusivos, entregas gratuitas y una amplia oferta de entretenimiento de calidad\u201d,\u00a0<\/span><\/i><span lang=\"es\">afirm\u00f3 Paulina Hefferan, L\u00edder de Amazon Prime en M\u00e9xico<i>. \u00abCon esta nueva oferta, ayudaremos a nuestros clientes y miembros de Amazon Prime a ahorrar m\u00e1s durante todo el a\u00f1o. Los miembros de Amazon Prime en M\u00e9xico ya tienen acceso, por $99 pesos al mes, a millones de productos con entrega r\u00e1pida y gratuita, series y pel\u00edculas, m\u00fasica y, ahora tambi\u00e9n, hasta 12 meses de entregas gratuitas ilimitadas en restaurantes, supermercados, farmacias y mucho m\u00e1s con Rappi Pro\u00bb,\u00a0<\/i>agreg\u00f3<i>.<\/i><\/span><\/p>\n<p class=\"x_MsoNormal\"><span lang=\"es\">\u00a0<\/span><span lang=\"es\">Tan solo en 2023, el 60% de los usuarios de Rappi en M\u00e9xico disfrutaron de los beneficios de Rappi Pro, realizando m\u00e1s de 37 millones de pedidos. Rappi Pro redefine los servicios de suscripci\u00f3n en el sector del\u00a0<i>delivery<\/i>, ofreciendo una de las membres\u00edas de entrega de comida y productos del supermercado a domicilio m\u00e1s completas de M\u00e9xico<\/span><span lang=\"es\">.\u00a0Este programa fue dise\u00f1ado y co-creado con usuarios de la aplicaci\u00f3n para ofrecerles beneficios exclusivos y adaptados a sus necesidades, buscando que ahorren m\u00e1s dinero y tiempo.<\/span><\/p>\n<p class=\"x_MsoNormal\"><i><span lang=\"es\">\u00a0<\/span><\/i><i><span lang=\"es\">\u00abEstamos muy entusiasmados de colaborar con Amazon M\u00e9xico para ofrecer esta oferta exclusiva a los miembros de Amazon Prime\u00bb,\u00a0<\/span><\/i><span lang=\"es\">dijo Iv\u00e1n Cadavid, CEO de Rappi M\u00e9xico.<i>\u00a0\u00abRappi Pro se compromete a brindar a los usuarios la mejor experiencia posible, y estamos encantados de extender nuestros servicios a los millones de miembros de Amazon Prime en M\u00e9xico, permiti\u00e9ndoles disfrutar de lo mejor de sus colonias con entrega gratuita en sus restaurantes favoritos, supermercados, farmacias y mucho m\u00e1s\u00bb.<\/i><\/span><\/p>\n<p class=\"x_MsoNormal\"><i><span lang=\"es\"> <a href=\"https:\/\/l21.mx\/wp-content\/uploads\/2024\/04\/Prime-Oferta-Rappi-Pro.jpg\" data-rel=\"penci-gallery-image-content\" ><img decoding=\"async\" class=\"alignnone size-medium wp-image-72031\" src=\"https:\/\/l21.mx\/wp-content\/uploads\/2024\/04\/Prime-Oferta-Rappi-Pro-300x300.jpg\" alt=\"\" width=\"300\" height=\"300\" srcset=\"https:\/\/l21.mx\/wp-content\/uploads\/2024\/04\/Prime-Oferta-Rappi-Pro-300x300.jpg 300w, https:\/\/l21.mx\/wp-content\/uploads\/2024\/04\/Prime-Oferta-Rappi-Pro-150x150.jpg 150w, https:\/\/l21.mx\/wp-content\/uploads\/2024\/04\/Prime-Oferta-Rappi-Pro-768x768.jpg 768w, https:\/\/l21.mx\/wp-content\/uploads\/2024\/04\/Prime-Oferta-Rappi-Pro-585x585.jpg 585w, https:\/\/l21.mx\/wp-content\/uploads\/2024\/04\/Prime-Oferta-Rappi-Pro.jpg 1000w\" sizes=\"(max-width: 300px) 100vw, 300px\" \/><\/a><\/span><\/i><\/p>\n<h3 class=\"x_MsoNormal\"><b><span lang=\"es\">C\u00f3mo acceder a los beneficios<\/span><\/b><\/h3>\n<p class=\"x_MsoNormal\"><span lang=\"es\">\u00a0<\/span><span lang=\"es\">Para acceder a los beneficios de esta colaboraci\u00f3n entre Amazon Prime y Rappi, los clientes deben iniciar sesi\u00f3n en\u00a0<a title=\"Protegido por Outlook: http:\/\/amazon.com.mx\/. Haz clic o pulsa para seguir el v\u00ednculo.\" href=\"https:\/\/na01.safelinks.protection.outlook.com\/?url=http%3A%2F%2Famazon.com.mx%2F&amp;data=05%7C02%7C%7C57fc0e20cdea4a2bcd5608dc63ba553a%7C84df9e7fe9f640afb435aaaaaaaaaaaa%7C1%7C0%7C638494899222009389%7CUnknown%7CTWFpbGZsb3d8eyJWIjoiMC4wLjAwMDAiLCJQIjoiV2luMzIiLCJBTiI6Ik1haWwiLCJXVCI6Mn0%3D%7C0%7C%7C%7C&amp;sdata=PaaxBXYddY4IPwmUNvpIzz9r%2FGIPEJRKG%2FROUqljnuo%3D&amp;reserved=0\" target=\"_blank\" rel=\"noopener noreferrer\" data-auth=\"Verified\" data-linkindex=\"3\">Amazon.com.mx<\/a>\u00a0y comenzar a usar la oferta. A los nuevos clientes se les pedir\u00e1 suscribirse, mientras que a los miembros existentes de Amazon Prime se les pedir\u00e1 que se registren y canjeen la oferta. Una vez que las cuentas est\u00e9n vinculadas, los clientes pueden activar sus 12 meses gratis de Rappi Pro e inmediatamente disfrutar de los beneficios al hacer un pedido en Rappi. Los miembros de Amazon Prime deber\u00e1n permanecer suscritos a la membres\u00eda para poder disfrutar de la oferta de hasta 12 meses de Rappi Pro.\u00a0<\/span><span lang=\"es\">Despu\u00e9s de un a\u00f1o, los miembros de Amazon Prime tendr\u00e1n la opci\u00f3n de renovar Rappi Pro con un costo de $109 pesos al mes (o su valor actual para entonces) o cancelarla en cualquier momento.\u00a0<\/span><\/p>\n","protected":false},"excerpt":{"rendered":"<p>\u00a0 \u25cf\u00a0\u00a0\u00a0\u00a0\u00a0\u00a0A partir de hoy, los miembros de Amazon Prime podr\u00e1n disfrutar hasta 12 meses de&hellip;<\/p>\n","protected":false},"author":100,"featured_media":72033,"comment_status":"closed","ping_status":"closed","sticky":false,"template":"","format":"standard","meta":{"_acf_changed":false,"_lmt_disableupdate":"","_lmt_disable":"","_mbp_gutenberg_autopost":false,"footnotes":""},"categories":[23],"tags":[],"class_list":["post-72030","post","type-post","status-publish","format-standard","has-post-thumbnail","hentry","category-noticias"],"acf":[],"yoast_head":"<!-- This site is optimized with the Yoast SEO plugin v27.5 - https:\/\/yoast.com\/product\/yoast-seo-wordpress\/ -->\n<title>Amazon M\u00e9xico y Rappi unen fuerzas en una colaboraci\u00f3n \u00fanica | Revista Latitud 21<\/title>\n<meta name=\"description\" content=\"L21, Emprendedores y Negocios en el Caribe Mexicano, es la revista l\u00edder entre el Sector Empresarial y Tur\u00edstico del Caribe Mexicano.\" \/>\n<meta name=\"robots\" content=\"index, follow, max-snippet:-1, max-image-preview:large, max-video-preview:-1\" \/>\n<link rel=\"canonical\" href=\"https:\/\/l21.mx\/?p=72030\" \/>\n<meta name=\"twitter:card\" content=\"summary_large_image\" \/>\n<meta name=\"twitter:title\" content=\"Amazon M\u00e9xico y Rappi unen fuerzas en una colaboraci\u00f3n \u00fanica | Revista Latitud 21\" \/>\n<meta name=\"twitter:description\" content=\"L21, Emprendedores y Negocios en el Caribe Mexicano, es la revista l\u00edder entre el Sector Empresarial y Tur\u00edstico del Caribe Mexicano.\" \/>\n<meta name=\"twitter:image\" content=\"https:\/\/l21.mx\/wp-content\/uploads\/2024\/04\/amazon-y-rappi.jpg\" \/>\n<meta name=\"twitter:creator\" content=\"@Latitud21mx\" \/>\n<meta name=\"twitter:site\" content=\"@Latitud21mx\" \/>\n<meta name=\"twitter:label1\" content=\"Escrito por\" \/>\n\t<meta name=\"twitter:data1\" content=\"NellyG\" \/>\n\t<meta name=\"twitter:label2\" content=\"Tiempo de lectura\" \/>\n\t<meta name=\"twitter:data2\" content=\"4 minutos\" \/>\n<script type=\"application\/ld+json\" class=\"yoast-schema-graph\">{\"@context\":\"https:\\\/\\\/schema.org\",\"@graph\":[{\"@type\":\"Article\",\"@id\":\"https:\\\/\\\/l21.mx\\\/?p=72030#article\",\"isPartOf\":{\"@id\":\"https:\\\/\\\/l21.mx\\\/?p=72030\"},\"author\":{\"name\":\"NellyG\",\"@id\":\"https:\\\/\\\/l21.mx\\\/#\\\/schema\\\/person\\\/cca68595b80b2f6c4c55a8b254bfbb2a\"},\"headline\":\"Amazon M\u00e9xico y Rappi unen fuerzas en una colaboraci\u00f3n \u00fanica\",\"datePublished\":\"2024-04-23T18:57:04+00:00\",\"dateModified\":\"2024-04-23T18:57:39+00:00\",\"mainEntityOfPage\":{\"@id\":\"https:\\\/\\\/l21.mx\\\/?p=72030\"},\"wordCount\":711,\"publisher\":{\"@id\":\"https:\\\/\\\/l21.mx\\\/#organization\"},\"image\":{\"@id\":\"https:\\\/\\\/l21.mx\\\/?p=72030#primaryimage\"},\"thumbnailUrl\":\"https:\\\/\\\/l21.mx\\\/wp-content\\\/uploads\\\/2024\\\/04\\\/amazon-y-rappi.jpg\",\"articleSection\":[\"Noticias\"],\"inLanguage\":\"es\"},{\"@type\":\"WebPage\",\"@id\":\"https:\\\/\\\/l21.mx\\\/?p=72030\",\"url\":\"https:\\\/\\\/l21.mx\\\/?p=72030\",\"name\":\"Amazon M\u00e9xico y Rappi unen fuerzas en una colaboraci\u00f3n \u00fanica | Revista Latitud 21\",\"isPartOf\":{\"@id\":\"https:\\\/\\\/l21.mx\\\/#website\"},\"primaryImageOfPage\":{\"@id\":\"https:\\\/\\\/l21.mx\\\/?p=72030#primaryimage\"},\"image\":{\"@id\":\"https:\\\/\\\/l21.mx\\\/?p=72030#primaryimage\"},\"thumbnailUrl\":\"https:\\\/\\\/l21.mx\\\/wp-content\\\/uploads\\\/2024\\\/04\\\/amazon-y-rappi.jpg\",\"datePublished\":\"2024-04-23T18:57:04+00:00\",\"dateModified\":\"2024-04-23T18:57:39+00:00\",\"description\":\"L21, Emprendedores y Negocios en el Caribe Mexicano, es la revista l\u00edder entre el Sector Empresarial y Tur\u00edstico del Caribe Mexicano.\",\"breadcrumb\":{\"@id\":\"https:\\\/\\\/l21.mx\\\/?p=72030#breadcrumb\"},\"inLanguage\":\"es\",\"potentialAction\":[{\"@type\":\"ReadAction\",\"target\":[\"https:\\\/\\\/l21.mx\\\/?p=72030\"]}]},{\"@type\":\"ImageObject\",\"inLanguage\":\"es\",\"@id\":\"https:\\\/\\\/l21.mx\\\/?p=72030#primaryimage\",\"url\":\"https:\\\/\\\/l21.mx\\\/wp-content\\\/uploads\\\/2024\\\/04\\\/amazon-y-rappi.jpg\",\"contentUrl\":\"https:\\\/\\\/l21.mx\\\/wp-content\\\/uploads\\\/2024\\\/04\\\/amazon-y-rappi.jpg\",\"width\":1366,\"height\":840},{\"@type\":\"BreadcrumbList\",\"@id\":\"https:\\\/\\\/l21.mx\\\/?p=72030#breadcrumb\",\"itemListElement\":[{\"@type\":\"ListItem\",\"position\":1,\"name\":\"Portada\",\"item\":\"https:\\\/\\\/l21.mx\\\/\"},{\"@type\":\"ListItem\",\"position\":2,\"name\":\"Amazon M\u00e9xico y Rappi unen fuerzas en una colaboraci\u00f3n \u00fanica\"}]},{\"@type\":\"WebSite\",\"@id\":\"https:\\\/\\\/l21.mx\\\/#website\",\"url\":\"https:\\\/\\\/l21.mx\\\/\",\"name\":\"Revista Latitud 21\",\"description\":\"Emprendedores  y negocios en el Caribe Mexicano\",\"publisher\":{\"@id\":\"https:\\\/\\\/l21.mx\\\/#organization\"},\"potentialAction\":[{\"@type\":\"SearchAction\",\"target\":{\"@type\":\"EntryPoint\",\"urlTemplate\":\"https:\\\/\\\/l21.mx\\\/?s={search_term_string}\"},\"query-input\":{\"@type\":\"PropertyValueSpecification\",\"valueRequired\":true,\"valueName\":\"search_term_string\"}}],\"inLanguage\":\"es\"},{\"@type\":\"Organization\",\"@id\":\"https:\\\/\\\/l21.mx\\\/#organization\",\"name\":\"Grupo Editorial Latitud 21 SA de CV\",\"url\":\"https:\\\/\\\/l21.mx\\\/\",\"logo\":{\"@type\":\"ImageObject\",\"inLanguage\":\"es\",\"@id\":\"https:\\\/\\\/l21.mx\\\/#\\\/schema\\\/logo\\\/image\\\/\",\"url\":\"https:\\\/\\\/l21.mx\\\/wp-content\\\/uploads\\\/2020\\\/10\\\/logo-l21-baja.jpg\",\"contentUrl\":\"https:\\\/\\\/l21.mx\\\/wp-content\\\/uploads\\\/2020\\\/10\\\/logo-l21-baja.jpg\",\"width\":250,\"height\":250,\"caption\":\"Grupo Editorial Latitud 21 SA de CV\"},\"image\":{\"@id\":\"https:\\\/\\\/l21.mx\\\/#\\\/schema\\\/logo\\\/image\\\/\"},\"sameAs\":[\"https:\\\/\\\/www.facebook.com\\\/RevistaLatitud21\\\/\",\"https:\\\/\\\/x.com\\\/Latitud21mx\"]},{\"@type\":\"Person\",\"@id\":\"https:\\\/\\\/l21.mx\\\/#\\\/schema\\\/person\\\/cca68595b80b2f6c4c55a8b254bfbb2a\",\"name\":\"NellyG\",\"url\":\"https:\\\/\\\/l21.mx\\\/?author=100\"}]}<\/script>\n<!-- \/ Yoast SEO plugin. -->","yoast_head_json":{"title":"Amazon M\u00e9xico y Rappi unen fuerzas en una colaboraci\u00f3n \u00fanica | Revista Latitud 21","description":"L21, Emprendedores y Negocios en el Caribe Mexicano, es la revista l\u00edder entre el Sector Empresarial y Tur\u00edstico del Caribe Mexicano.","robots":{"index":"index","follow":"follow","max-snippet":"max-snippet:-1","max-image-preview":"max-image-preview:large","max-video-preview":"max-video-preview:-1"},"canonical":"https:\/\/l21.mx\/?p=72030","twitter_card":"summary_large_image","twitter_title":"Amazon M\u00e9xico y Rappi unen fuerzas en una colaboraci\u00f3n \u00fanica | Revista Latitud 21","twitter_description":"L21, Emprendedores y Negocios en el Caribe Mexicano, es la revista l\u00edder entre el Sector Empresarial y Tur\u00edstico del Caribe Mexicano.","twitter_image":"https:\/\/l21.mx\/wp-content\/uploads\/2024\/04\/amazon-y-rappi.jpg","twitter_creator":"@Latitud21mx","twitter_site":"@Latitud21mx","twitter_misc":{"Escrito por":"NellyG","Tiempo de lectura":"4 minutos"},"schema":{"@context":"https:\/\/schema.org","@graph":[{"@type":"Article","@id":"https:\/\/l21.mx\/?p=72030#article","isPartOf":{"@id":"https:\/\/l21.mx\/?p=72030"},"author":{"name":"NellyG","@id":"https:\/\/l21.mx\/#\/schema\/person\/cca68595b80b2f6c4c55a8b254bfbb2a"},"headline":"Amazon M\u00e9xico y Rappi unen fuerzas en una colaboraci\u00f3n \u00fanica","datePublished":"2024-04-23T18:57:04+00:00","dateModified":"2024-04-23T18:57:39+00:00","mainEntityOfPage":{"@id":"https:\/\/l21.mx\/?p=72030"},"wordCount":711,"publisher":{"@id":"https:\/\/l21.mx\/#organization"},"image":{"@id":"https:\/\/l21.mx\/?p=72030#primaryimage"},"thumbnailUrl":"https:\/\/l21.mx\/wp-content\/uploads\/2024\/04\/amazon-y-rappi.jpg","articleSection":["Noticias"],"inLanguage":"es"},{"@type":"WebPage","@id":"https:\/\/l21.mx\/?p=72030","url":"https:\/\/l21.mx\/?p=72030","name":"Amazon M\u00e9xico y Rappi unen fuerzas en una colaboraci\u00f3n \u00fanica | Revista Latitud 21","isPartOf":{"@id":"https:\/\/l21.mx\/#website"},"primaryImageOfPage":{"@id":"https:\/\/l21.mx\/?p=72030#primaryimage"},"image":{"@id":"https:\/\/l21.mx\/?p=72030#primaryimage"},"thumbnailUrl":"https:\/\/l21.mx\/wp-content\/uploads\/2024\/04\/amazon-y-rappi.jpg","datePublished":"2024-04-23T18:57:04+00:00","dateModified":"2024-04-23T18:57:39+00:00","description":"L21, Emprendedores y Negocios en el Caribe Mexicano, es la revista l\u00edder entre el Sector Empresarial y Tur\u00edstico del Caribe Mexicano.","breadcrumb":{"@id":"https:\/\/l21.mx\/?p=72030#breadcrumb"},"inLanguage":"es","potentialAction":[{"@type":"ReadAction","target":["https:\/\/l21.mx\/?p=72030"]}]},{"@type":"ImageObject","inLanguage":"es","@id":"https:\/\/l21.mx\/?p=72030#primaryimage","url":"https:\/\/l21.mx\/wp-content\/uploads\/2024\/04\/amazon-y-rappi.jpg","contentUrl":"https:\/\/l21.mx\/wp-content\/uploads\/2024\/04\/amazon-y-rappi.jpg","width":1366,"height":840},{"@type":"BreadcrumbList","@id":"https:\/\/l21.mx\/?p=72030#breadcrumb","itemListElement":[{"@type":"ListItem","position":1,"name":"Portada","item":"https:\/\/l21.mx\/"},{"@type":"ListItem","position":2,"name":"Amazon M\u00e9xico y Rappi unen fuerzas en una colaboraci\u00f3n \u00fanica"}]},{"@type":"WebSite","@id":"https:\/\/l21.mx\/#website","url":"https:\/\/l21.mx\/","name":"Revista Latitud 21","description":"Emprendedores  y negocios en el Caribe Mexicano","publisher":{"@id":"https:\/\/l21.mx\/#organization"},"potentialAction":[{"@type":"SearchAction","target":{"@type":"EntryPoint","urlTemplate":"https:\/\/l21.mx\/?s={search_term_string}"},"query-input":{"@type":"PropertyValueSpecification","valueRequired":true,"valueName":"search_term_string"}}],"inLanguage":"es"},{"@type":"Organization","@id":"https:\/\/l21.mx\/#organization","name":"Grupo Editorial Latitud 21 SA de CV","url":"https:\/\/l21.mx\/","logo":{"@type":"ImageObject","inLanguage":"es","@id":"https:\/\/l21.mx\/#\/schema\/logo\/image\/","url":"https:\/\/l21.mx\/wp-content\/uploads\/2020\/10\/logo-l21-baja.jpg","contentUrl":"https:\/\/l21.mx\/wp-content\/uploads\/2020\/10\/logo-l21-baja.jpg","width":250,"height":250,"caption":"Grupo Editorial Latitud 21 SA de CV"},"image":{"@id":"https:\/\/l21.mx\/#\/schema\/logo\/image\/"},"sameAs":["https:\/\/www.facebook.com\/RevistaLatitud21\/","https:\/\/x.com\/Latitud21mx"]},{"@type":"Person","@id":"https:\/\/l21.mx\/#\/schema\/person\/cca68595b80b2f6c4c55a8b254bfbb2a","name":"NellyG","url":"https:\/\/l21.mx\/?author=100"}]}},"amp_enabled":true,"_links":{"self":[{"href":"https:\/\/l21.mx\/index.php?rest_route=\/wp\/v2\/posts\/72030","targetHints":{"allow":["GET"]}}],"collection":[{"href":"https:\/\/l21.mx\/index.php?rest_route=\/wp\/v2\/posts"}],"about":[{"href":"https:\/\/l21.mx\/index.php?rest_route=\/wp\/v2\/types\/post"}],"author":[{"embeddable":true,"href":"https:\/\/l21.mx\/index.php?rest_route=\/wp\/v2\/users\/100"}],"replies":[{"embeddable":true,"href":"https:\/\/l21.mx\/index.php?rest_route=%2Fwp%2Fv2%2Fcomments&post=72030"}],"version-history":[{"count":2,"href":"https:\/\/l21.mx\/index.php?rest_route=\/wp\/v2\/posts\/72030\/revisions"}],"predecessor-version":[{"id":72037,"href":"https:\/\/l21.mx\/index.php?rest_route=\/wp\/v2\/posts\/72030\/revisions\/72037"}],"wp:featuredmedia":[{"embeddable":true,"href":"https:\/\/l21.mx\/index.php?rest_route=\/wp\/v2\/media\/72033"}],"wp:attachment":[{"href":"https:\/\/l21.mx\/index.php?rest_route=%2Fwp%2Fv2%2Fmedia&parent=72030"}],"wp:term":[{"taxonomy":"category","embeddable":true,"href":"https:\/\/l21.mx\/index.php?rest_route=%2Fwp%2Fv2%2Fcategories&post=72030"},{"taxonomy":"post_tag","embeddable":true,"href":"https:\/\/l21.mx\/index.php?rest_route=%2Fwp%2Fv2%2Ftags&post=72030"}],"curies":[{"name":"wp","href":"https:\/\/api.w.org\/{rel}","templated":true}]}}