{"id":72047,"date":"2024-04-23T20:23:35","date_gmt":"2024-04-24T01:23:35","guid":{"rendered":"https:\/\/l21.mx\/?p=72047"},"modified":"2024-04-23T20:23:35","modified_gmt":"2024-04-24T01:23:35","slug":"chetumal-vuelve-a-ser-zona-libre-renuevan-decreto-hasta-2030","status":"publish","type":"post","link":"https:\/\/l21.mx\/?p=72047","title":{"rendered":"Chetumal vuelve a ser Zona Libre; renuevan decreto hasta 2030"},"content":{"rendered":"<p>&nbsp;<\/p>\n<p>-Este decreto abrir\u00e1 nuevas oportunidades para el crecimiento econ\u00f3mico, la prosperidad y el bienestar de la poblaci\u00f3n, especialmente en la capital Chetumal<\/p>\n<p><a href=\"https:\/\/l21.mx\/wp-content\/uploads\/2024\/04\/1b.jpg\" data-rel=\"penci-gallery-image-content\" ><img fetchpriority=\"high\" decoding=\"async\" class=\"alignnone size-medium wp-image-72048\" src=\"https:\/\/l21.mx\/wp-content\/uploads\/2024\/04\/1b-300x300.jpg\" alt=\"\" width=\"300\" height=\"300\" srcset=\"https:\/\/l21.mx\/wp-content\/uploads\/2024\/04\/1b-300x300.jpg 300w, https:\/\/l21.mx\/wp-content\/uploads\/2024\/04\/1b-150x150.jpg 150w, https:\/\/l21.mx\/wp-content\/uploads\/2024\/04\/1b-585x585.jpg 585w, https:\/\/l21.mx\/wp-content\/uploads\/2024\/04\/1b.jpg 680w\" sizes=\"(max-width: 300px) 100vw, 300px\" \/><\/a><\/p>\n<p>Chetumal.- La gobernadora Mara Lezama Espinosa anunci\u00f3 que se concret\u00f3 la actualizaci\u00f3n y emisi\u00f3n del decreto de Zona Libre para Chetumal.<\/p>\n<p>Afirm\u00f3 que con esta gran noticia, a partir de la emisi\u00f3n del decreto se cuenta con incentivos fiscales muy importantes, para personas f\u00edsicas y morales que decidan dedicarse al giro de la importaci\u00f3n y acrediten los requisitos necesarios.<\/p>\n<p>Mara Lezama dio a conocer que despu\u00e9s de varios meses de trabajo, y reuniones encabezadas por el presidente de la Rep\u00fablica Andr\u00e9s Manuel L\u00f3pez Obrador, en las que particip\u00f3 el Gobierno del Estado de Quintana Roo, la Secretar\u00eda de Econom\u00eda de M\u00e9xico, el Servicio de Administraci\u00f3n Tributaria (SAT), la Consejer\u00eda Jur\u00eddica del Ejecutivo Federal y la Procuradur\u00eda Fiscal de la Federaci\u00f3n, ahora se contar\u00e1 con un est\u00edmulo fiscal del 100% en el IVA, ISR e Impuestos Aduanales y relacionados con la importaci\u00f3n de bienes y productos para todas las personas f\u00edsicas que se dediquen a la importaci\u00f3n y que no rebasen ingresos anuales por 5 millones de pesos, mientras que el tope ser\u00e1 de 50 millones de pesos en ingresos anuales para las personas morales, dentro de las zonas designadas por el gobierno del estado en el territorio del Municipio de Oth\u00f3n P. Blanco, empezando con la zona espec\u00edfica del pol\u00edgono del Tianguis del Bienestar \u201cYum Kaax\u201d.<\/p>\n<p>Este decreto permitir\u00e1 la reactivaci\u00f3n de la econom\u00eda en el municipio de Oth\u00f3n P. Blanco y una mayor recaudaci\u00f3n que generar\u00e1 beneficios especialmente en la capital Chetumal, buscando que se convierta en un polo de desarrollo comercial, industrial y tur\u00edstico para el Sur-Sureste del pa\u00eds.<\/p>\n<p>A\u00f1adi\u00f3 que se les otorgar\u00e1n est\u00edmulos fiscales por medio de este decreto, declarando a Oth\u00f3n P. Blanco como zona franca, firmado por el presidente Andr\u00e9s Manuel L\u00f3pez Obrador.<\/p>\n<p>\u201cCon este decreto, escribiremos otra bella p\u00e1gina en la historia de nuestro estado, principalmente en la capital, que gozar\u00e1 de estos est\u00edmulos fiscales y la detonaci\u00f3n de la econom\u00eda local\u201d puntualiz\u00f3 la titular del Ejecutivo.<\/p>\n<p>El decreto fue publicado en el Diario Oficial de la Federaci\u00f3n de fecha 22 de abril de 2024.<\/p>\n","protected":false},"excerpt":{"rendered":"<p>&nbsp; -Este decreto abrir\u00e1 nuevas oportunidades para el crecimiento econ\u00f3mico, la prosperidad y el bienestar de&hellip;<\/p>\n","protected":false},"author":100,"featured_media":72049,"comment_status":"closed","ping_status":"closed","sticky":false,"template":"","format":"standard","meta":{"_acf_changed":false,"_lmt_disableupdate":"","_lmt_disable":"","_mbp_gutenberg_autopost":false,"footnotes":""},"categories":[23,1656],"tags":[],"class_list":["post-72047","post","type-post","status-publish","format-standard","has-post-thumbnail","hentry","category-noticias","category-quintana-roo"],"acf":[],"yoast_head":"<!-- This site is optimized with the Yoast SEO plugin v27.3 - https:\/\/yoast.com\/product\/yoast-seo-wordpress\/ -->\n<title>Chetumal vuelve a ser Zona Libre; renuevan decreto hasta 2030 | Revista Latitud 21<\/title>\n<meta name=\"description\" content=\"L21, Emprendedores y Negocios en el Caribe Mexicano, es la revista l\u00edder entre el Sector Empresarial y Tur\u00edstico del Caribe Mexicano.\" \/>\n<meta name=\"robots\" content=\"index, follow, max-snippet:-1, max-image-preview:large, max-video-preview:-1\" \/>\n<link rel=\"canonical\" href=\"https:\/\/l21.mx\/?p=72047\" \/>\n<meta name=\"twitter:card\" content=\"summary_large_image\" \/>\n<meta name=\"twitter:title\" content=\"Chetumal vuelve a ser Zona Libre; renuevan decreto hasta 2030 | Revista Latitud 21\" \/>\n<meta name=\"twitter:description\" content=\"L21, Emprendedores y Negocios en el Caribe Mexicano, es la revista l\u00edder entre el Sector Empresarial y Tur\u00edstico del Caribe Mexicano.\" \/>\n<meta name=\"twitter:image\" content=\"https:\/\/l21.mx\/wp-content\/uploads\/2024\/04\/1-chetumal.jpg\" \/>\n<meta name=\"twitter:creator\" content=\"@Latitud21mx\" \/>\n<meta name=\"twitter:site\" content=\"@Latitud21mx\" \/>\n<meta name=\"twitter:label1\" content=\"Escrito por\" \/>\n\t<meta name=\"twitter:data1\" content=\"NellyG\" \/>\n\t<meta name=\"twitter:label2\" content=\"Tiempo de lectura\" \/>\n\t<meta name=\"twitter:data2\" content=\"2 minutos\" \/>\n<script type=\"application\/ld+json\" class=\"yoast-schema-graph\">{\"@context\":\"https:\\\/\\\/schema.org\",\"@graph\":[{\"@type\":\"Article\",\"@id\":\"https:\\\/\\\/l21.mx\\\/?p=72047#article\",\"isPartOf\":{\"@id\":\"https:\\\/\\\/l21.mx\\\/?p=72047\"},\"author\":{\"name\":\"NellyG\",\"@id\":\"https:\\\/\\\/l21.mx\\\/#\\\/schema\\\/person\\\/cca68595b80b2f6c4c55a8b254bfbb2a\"},\"headline\":\"Chetumal vuelve a ser Zona Libre; renuevan decreto hasta 2030\",\"datePublished\":\"2024-04-24T01:23:35+00:00\",\"mainEntityOfPage\":{\"@id\":\"https:\\\/\\\/l21.mx\\\/?p=72047\"},\"wordCount\":413,\"publisher\":{\"@id\":\"https:\\\/\\\/l21.mx\\\/#organization\"},\"image\":{\"@id\":\"https:\\\/\\\/l21.mx\\\/?p=72047#primaryimage\"},\"thumbnailUrl\":\"https:\\\/\\\/l21.mx\\\/wp-content\\\/uploads\\\/2024\\\/04\\\/1-chetumal.jpg\",\"articleSection\":[\"Noticias\",\"Quintana Roo\"],\"inLanguage\":\"es\"},{\"@type\":\"WebPage\",\"@id\":\"https:\\\/\\\/l21.mx\\\/?p=72047\",\"url\":\"https:\\\/\\\/l21.mx\\\/?p=72047\",\"name\":\"Chetumal vuelve a ser Zona Libre; renuevan decreto hasta 2030 | Revista Latitud 21\",\"isPartOf\":{\"@id\":\"https:\\\/\\\/l21.mx\\\/#website\"},\"primaryImageOfPage\":{\"@id\":\"https:\\\/\\\/l21.mx\\\/?p=72047#primaryimage\"},\"image\":{\"@id\":\"https:\\\/\\\/l21.mx\\\/?p=72047#primaryimage\"},\"thumbnailUrl\":\"https:\\\/\\\/l21.mx\\\/wp-content\\\/uploads\\\/2024\\\/04\\\/1-chetumal.jpg\",\"datePublished\":\"2024-04-24T01:23:35+00:00\",\"description\":\"L21, Emprendedores y Negocios en el Caribe Mexicano, es la revista l\u00edder entre el Sector Empresarial y Tur\u00edstico del Caribe Mexicano.\",\"breadcrumb\":{\"@id\":\"https:\\\/\\\/l21.mx\\\/?p=72047#breadcrumb\"},\"inLanguage\":\"es\",\"potentialAction\":[{\"@type\":\"ReadAction\",\"target\":[\"https:\\\/\\\/l21.mx\\\/?p=72047\"]}]},{\"@type\":\"ImageObject\",\"inLanguage\":\"es\",\"@id\":\"https:\\\/\\\/l21.mx\\\/?p=72047#primaryimage\",\"url\":\"https:\\\/\\\/l21.mx\\\/wp-content\\\/uploads\\\/2024\\\/04\\\/1-chetumal.jpg\",\"contentUrl\":\"https:\\\/\\\/l21.mx\\\/wp-content\\\/uploads\\\/2024\\\/04\\\/1-chetumal.jpg\",\"width\":680,\"height\":385},{\"@type\":\"BreadcrumbList\",\"@id\":\"https:\\\/\\\/l21.mx\\\/?p=72047#breadcrumb\",\"itemListElement\":[{\"@type\":\"ListItem\",\"position\":1,\"name\":\"Portada\",\"item\":\"https:\\\/\\\/l21.mx\\\/\"},{\"@type\":\"ListItem\",\"position\":2,\"name\":\"Chetumal vuelve a ser Zona Libre; renuevan decreto hasta 2030\"}]},{\"@type\":\"WebSite\",\"@id\":\"https:\\\/\\\/l21.mx\\\/#website\",\"url\":\"https:\\\/\\\/l21.mx\\\/\",\"name\":\"Revista Latitud 21\",\"description\":\"Emprendedores  y negocios en el Caribe Mexicano\",\"publisher\":{\"@id\":\"https:\\\/\\\/l21.mx\\\/#organization\"},\"potentialAction\":[{\"@type\":\"SearchAction\",\"target\":{\"@type\":\"EntryPoint\",\"urlTemplate\":\"https:\\\/\\\/l21.mx\\\/?s={search_term_string}\"},\"query-input\":{\"@type\":\"PropertyValueSpecification\",\"valueRequired\":true,\"valueName\":\"search_term_string\"}}],\"inLanguage\":\"es\"},{\"@type\":\"Organization\",\"@id\":\"https:\\\/\\\/l21.mx\\\/#organization\",\"name\":\"Grupo Editorial Latitud 21 SA de CV\",\"url\":\"https:\\\/\\\/l21.mx\\\/\",\"logo\":{\"@type\":\"ImageObject\",\"inLanguage\":\"es\",\"@id\":\"https:\\\/\\\/l21.mx\\\/#\\\/schema\\\/logo\\\/image\\\/\",\"url\":\"https:\\\/\\\/l21.mx\\\/wp-content\\\/uploads\\\/2020\\\/10\\\/logo-l21-baja.jpg\",\"contentUrl\":\"https:\\\/\\\/l21.mx\\\/wp-content\\\/uploads\\\/2020\\\/10\\\/logo-l21-baja.jpg\",\"width\":250,\"height\":250,\"caption\":\"Grupo Editorial Latitud 21 SA de CV\"},\"image\":{\"@id\":\"https:\\\/\\\/l21.mx\\\/#\\\/schema\\\/logo\\\/image\\\/\"},\"sameAs\":[\"https:\\\/\\\/www.facebook.com\\\/RevistaLatitud21\\\/\",\"https:\\\/\\\/x.com\\\/Latitud21mx\"]},{\"@type\":\"Person\",\"@id\":\"https:\\\/\\\/l21.mx\\\/#\\\/schema\\\/person\\\/cca68595b80b2f6c4c55a8b254bfbb2a\",\"name\":\"NellyG\",\"url\":\"https:\\\/\\\/l21.mx\\\/?author=100\"}]}<\/script>\n<!-- \/ Yoast SEO plugin. -->","yoast_head_json":{"title":"Chetumal vuelve a ser Zona Libre; renuevan decreto hasta 2030 | Revista Latitud 21","description":"L21, Emprendedores y Negocios en el Caribe Mexicano, es la revista l\u00edder entre el Sector Empresarial y Tur\u00edstico del Caribe Mexicano.","robots":{"index":"index","follow":"follow","max-snippet":"max-snippet:-1","max-image-preview":"max-image-preview:large","max-video-preview":"max-video-preview:-1"},"canonical":"https:\/\/l21.mx\/?p=72047","twitter_card":"summary_large_image","twitter_title":"Chetumal vuelve a ser Zona Libre; renuevan decreto hasta 2030 | Revista Latitud 21","twitter_description":"L21, Emprendedores y Negocios en el Caribe Mexicano, es la revista l\u00edder entre el Sector Empresarial y Tur\u00edstico del Caribe Mexicano.","twitter_image":"https:\/\/l21.mx\/wp-content\/uploads\/2024\/04\/1-chetumal.jpg","twitter_creator":"@Latitud21mx","twitter_site":"@Latitud21mx","twitter_misc":{"Escrito por":"NellyG","Tiempo de lectura":"2 minutos"},"schema":{"@context":"https:\/\/schema.org","@graph":[{"@type":"Article","@id":"https:\/\/l21.mx\/?p=72047#article","isPartOf":{"@id":"https:\/\/l21.mx\/?p=72047"},"author":{"name":"NellyG","@id":"https:\/\/l21.mx\/#\/schema\/person\/cca68595b80b2f6c4c55a8b254bfbb2a"},"headline":"Chetumal vuelve a ser Zona Libre; renuevan decreto hasta 2030","datePublished":"2024-04-24T01:23:35+00:00","mainEntityOfPage":{"@id":"https:\/\/l21.mx\/?p=72047"},"wordCount":413,"publisher":{"@id":"https:\/\/l21.mx\/#organization"},"image":{"@id":"https:\/\/l21.mx\/?p=72047#primaryimage"},"thumbnailUrl":"https:\/\/l21.mx\/wp-content\/uploads\/2024\/04\/1-chetumal.jpg","articleSection":["Noticias","Quintana Roo"],"inLanguage":"es"},{"@type":"WebPage","@id":"https:\/\/l21.mx\/?p=72047","url":"https:\/\/l21.mx\/?p=72047","name":"Chetumal vuelve a ser Zona Libre; renuevan decreto hasta 2030 | Revista Latitud 21","isPartOf":{"@id":"https:\/\/l21.mx\/#website"},"primaryImageOfPage":{"@id":"https:\/\/l21.mx\/?p=72047#primaryimage"},"image":{"@id":"https:\/\/l21.mx\/?p=72047#primaryimage"},"thumbnailUrl":"https:\/\/l21.mx\/wp-content\/uploads\/2024\/04\/1-chetumal.jpg","datePublished":"2024-04-24T01:23:35+00:00","description":"L21, Emprendedores y Negocios en el Caribe Mexicano, es la revista l\u00edder entre el Sector Empresarial y Tur\u00edstico del Caribe Mexicano.","breadcrumb":{"@id":"https:\/\/l21.mx\/?p=72047#breadcrumb"},"inLanguage":"es","potentialAction":[{"@type":"ReadAction","target":["https:\/\/l21.mx\/?p=72047"]}]},{"@type":"ImageObject","inLanguage":"es","@id":"https:\/\/l21.mx\/?p=72047#primaryimage","url":"https:\/\/l21.mx\/wp-content\/uploads\/2024\/04\/1-chetumal.jpg","contentUrl":"https:\/\/l21.mx\/wp-content\/uploads\/2024\/04\/1-chetumal.jpg","width":680,"height":385},{"@type":"BreadcrumbList","@id":"https:\/\/l21.mx\/?p=72047#breadcrumb","itemListElement":[{"@type":"ListItem","position":1,"name":"Portada","item":"https:\/\/l21.mx\/"},{"@type":"ListItem","position":2,"name":"Chetumal vuelve a ser Zona Libre; renuevan decreto hasta 2030"}]},{"@type":"WebSite","@id":"https:\/\/l21.mx\/#website","url":"https:\/\/l21.mx\/","name":"Revista Latitud 21","description":"Emprendedores  y negocios en el Caribe Mexicano","publisher":{"@id":"https:\/\/l21.mx\/#organization"},"potentialAction":[{"@type":"SearchAction","target":{"@type":"EntryPoint","urlTemplate":"https:\/\/l21.mx\/?s={search_term_string}"},"query-input":{"@type":"PropertyValueSpecification","valueRequired":true,"valueName":"search_term_string"}}],"inLanguage":"es"},{"@type":"Organization","@id":"https:\/\/l21.mx\/#organization","name":"Grupo Editorial Latitud 21 SA de CV","url":"https:\/\/l21.mx\/","logo":{"@type":"ImageObject","inLanguage":"es","@id":"https:\/\/l21.mx\/#\/schema\/logo\/image\/","url":"https:\/\/l21.mx\/wp-content\/uploads\/2020\/10\/logo-l21-baja.jpg","contentUrl":"https:\/\/l21.mx\/wp-content\/uploads\/2020\/10\/logo-l21-baja.jpg","width":250,"height":250,"caption":"Grupo Editorial Latitud 21 SA de CV"},"image":{"@id":"https:\/\/l21.mx\/#\/schema\/logo\/image\/"},"sameAs":["https:\/\/www.facebook.com\/RevistaLatitud21\/","https:\/\/x.com\/Latitud21mx"]},{"@type":"Person","@id":"https:\/\/l21.mx\/#\/schema\/person\/cca68595b80b2f6c4c55a8b254bfbb2a","name":"NellyG","url":"https:\/\/l21.mx\/?author=100"}]}},"amp_enabled":true,"_links":{"self":[{"href":"https:\/\/l21.mx\/index.php?rest_route=\/wp\/v2\/posts\/72047","targetHints":{"allow":["GET"]}}],"collection":[{"href":"https:\/\/l21.mx\/index.php?rest_route=\/wp\/v2\/posts"}],"about":[{"href":"https:\/\/l21.mx\/index.php?rest_route=\/wp\/v2\/types\/post"}],"author":[{"embeddable":true,"href":"https:\/\/l21.mx\/index.php?rest_route=\/wp\/v2\/users\/100"}],"replies":[{"embeddable":true,"href":"https:\/\/l21.mx\/index.php?rest_route=%2Fwp%2Fv2%2Fcomments&post=72047"}],"version-history":[{"count":1,"href":"https:\/\/l21.mx\/index.php?rest_route=\/wp\/v2\/posts\/72047\/revisions"}],"predecessor-version":[{"id":72052,"href":"https:\/\/l21.mx\/index.php?rest_route=\/wp\/v2\/posts\/72047\/revisions\/72052"}],"wp:featuredmedia":[{"embeddable":true,"href":"https:\/\/l21.mx\/index.php?rest_route=\/wp\/v2\/media\/72049"}],"wp:attachment":[{"href":"https:\/\/l21.mx\/index.php?rest_route=%2Fwp%2Fv2%2Fmedia&parent=72047"}],"wp:term":[{"taxonomy":"category","embeddable":true,"href":"https:\/\/l21.mx\/index.php?rest_route=%2Fwp%2Fv2%2Fcategories&post=72047"},{"taxonomy":"post_tag","embeddable":true,"href":"https:\/\/l21.mx\/index.php?rest_route=%2Fwp%2Fv2%2Ftags&post=72047"}],"curies":[{"name":"wp","href":"https:\/\/api.w.org\/{rel}","templated":true}]}}