{"id":72963,"date":"2024-05-09T17:22:26","date_gmt":"2024-05-09T22:22:26","guid":{"rendered":"https:\/\/l21.mx\/?p=72963"},"modified":"2024-05-09T17:22:26","modified_gmt":"2024-05-09T22:22:26","slug":"aprovecha-los-talleres-de-salud-mental","status":"publish","type":"post","link":"https:\/\/l21.mx\/?p=72963","title":{"rendered":"Aprovecha los talleres de salud mental"},"content":{"rendered":"<p>&nbsp;<\/p>\n<p>Playa del Carmen, Solidaridad a 9 de mayo del 2024.- El Sistema DIF Solidaridad brinda la atenci\u00f3n psicol\u00f3gica a las y los solidarenses que as\u00ed lo requieran, pues al priorizar la salud mental se promueve un ambiente m\u00e1s saludable, por lo que durante este mes de mayo realizar\u00e1n una serie de talleres por parte de la coordinaci\u00f3n de Salud Mental.<br \/>\nEstos talleres son: \u2018Conociendo y aprendiendo sobre emociones\u2019, \u2018Creando consciencia\u2019, \u2018Adolescencia positiva\u2019, \u2018Autoestima y empoderamiento femenino\u2019, los cuales se impartir\u00e1n en la direcci\u00f3n de Servicios de Salud del DIF y el taller \u2018\u00bfQu\u00e9 pasa con mi adolescencia?, se llevar\u00e1 a cabo en el enlace DIF de Puerto Aventuras.<br \/>\nDe igual forma, el DIF tiene un horario de atenci\u00f3n de 7:00 a 18:00 horas de lunes a viernes y los s\u00e1bados de 9:00 a 13:00 horas, mientras que el enlace de Villas del Sol de 9:00 a 16:00 horas martes y jueves brindando asesor\u00eda psicol\u00f3gica, taller comunitario y valoraci\u00f3n psicol\u00f3gica.<\/p>\n","protected":false},"excerpt":{"rendered":"<p>&nbsp; Playa del Carmen, Solidaridad a 9 de mayo del 2024.- El Sistema DIF Solidaridad brinda&hellip;<\/p>\n","protected":false},"author":100,"featured_media":72964,"comment_status":"closed","ping_status":"closed","sticky":false,"template":"","format":"standard","meta":{"_acf_changed":false,"_lmt_disableupdate":"","_lmt_disable":"","_mbp_gutenberg_autopost":false,"footnotes":""},"categories":[1654],"tags":[],"class_list":["post-72963","post","type-post","status-publish","format-standard","has-post-thumbnail","hentry","category-solidaridad"],"acf":[],"_links":{"self":[{"href":"https:\/\/l21.mx\/index.php?rest_route=\/wp\/v2\/posts\/72963","targetHints":{"allow":["GET"]}}],"collection":[{"href":"https:\/\/l21.mx\/index.php?rest_route=\/wp\/v2\/posts"}],"about":[{"href":"https:\/\/l21.mx\/index.php?rest_route=\/wp\/v2\/types\/post"}],"author":[{"embeddable":true,"href":"https:\/\/l21.mx\/index.php?rest_route=\/wp\/v2\/users\/100"}],"replies":[{"embeddable":true,"href":"https:\/\/l21.mx\/index.php?rest_route=%2Fwp%2Fv2%2Fcomments&post=72963"}],"version-history":[{"count":0,"href":"https:\/\/l21.mx\/index.php?rest_route=\/wp\/v2\/posts\/72963\/revisions"}],"wp:featuredmedia":[{"embeddable":true,"href":"https:\/\/l21.mx\/index.php?rest_route=\/wp\/v2\/media\/72964"}],"wp:attachment":[{"href":"https:\/\/l21.mx\/index.php?rest_route=%2Fwp%2Fv2%2Fmedia&parent=72963"}],"wp:term":[{"taxonomy":"category","embeddable":true,"href":"https:\/\/l21.mx\/index.php?rest_route=%2Fwp%2Fv2%2Fcategories&post=72963"},{"taxonomy":"post_tag","embeddable":true,"href":"https:\/\/l21.mx\/index.php?rest_route=%2Fwp%2Fv2%2Ftags&post=72963"}],"curies":[{"name":"wp","href":"https:\/\/api.w.org\/{rel}","templated":true}]}}