{"id":72969,"date":"2024-05-09T18:22:23","date_gmt":"2024-05-09T23:22:23","guid":{"rendered":"https:\/\/l21.mx\/?p=72969"},"modified":"2024-05-09T18:22:23","modified_gmt":"2024-05-09T23:22:23","slug":"entra-en-funciones-nueva-oficina-de-pasaportes-en-aeropuerto-internacional-de-tulum-felipe-carrillo-puerto-para-agilizar-tramites-a-viajeros","status":"publish","type":"post","link":"https:\/\/l21.mx\/?p=72969","title":{"rendered":"Entra en funciones nueva Oficina de Pasaportes en Aeropuerto Internacional de Tulum \u201cFelipe Carrillo Puerto\u201d para agilizar tr\u00e1mites a viajeros"},"content":{"rendered":"<p>&nbsp;<\/p>\n<p>-Opera de lunes a viernes, de 08:00 a 18:00 horas y comenz\u00f3 a prestar servicios desde el pasado 6 de mayo del presente a\u00f1o<\/p>\n<p><a href=\"https:\/\/l21.mx\/wp-content\/uploads\/2024\/05\/WhatsApp-Image-2024-05-09-at-6.06.28-PM-scaled.jpeg\" data-rel=\"penci-gallery-image-content\" ><img fetchpriority=\"high\" decoding=\"async\" class=\"alignnone size-medium wp-image-72970\" src=\"https:\/\/l21.mx\/wp-content\/uploads\/2024\/05\/WhatsApp-Image-2024-05-09-at-6.06.28-PM-225x300.jpeg\" alt=\"\" width=\"225\" height=\"300\" srcset=\"https:\/\/l21.mx\/wp-content\/uploads\/2024\/05\/WhatsApp-Image-2024-05-09-at-6.06.28-PM-225x300.jpeg 225w, https:\/\/l21.mx\/wp-content\/uploads\/2024\/05\/WhatsApp-Image-2024-05-09-at-6.06.28-PM-768x1024.jpeg 768w, https:\/\/l21.mx\/wp-content\/uploads\/2024\/05\/WhatsApp-Image-2024-05-09-at-6.06.28-PM-1152x1536.jpeg 1152w, https:\/\/l21.mx\/wp-content\/uploads\/2024\/05\/WhatsApp-Image-2024-05-09-at-6.06.28-PM-1536x2048.jpeg 1536w, https:\/\/l21.mx\/wp-content\/uploads\/2024\/05\/WhatsApp-Image-2024-05-09-at-6.06.28-PM-scaled.jpeg 1920w, https:\/\/l21.mx\/wp-content\/uploads\/2024\/05\/WhatsApp-Image-2024-05-09-at-6.06.28-PM-1170x1560.jpeg 1170w, https:\/\/l21.mx\/wp-content\/uploads\/2024\/05\/WhatsApp-Image-2024-05-09-at-6.06.28-PM-585x780.jpeg 585w\" sizes=\"(max-width: 225px) 100vw, 225px\" \/><\/a><\/p>\n<p>Tulum.- La nueva Oficina de Pasaportes en el Aeropuerto Internacional de Tulum \u201cFelipe Carrillo Puerto\u201d ya se encuentra en funciones como parte de la estrecha colaboraci\u00f3n entre el Gobierno de Quintana Roo a trav\u00e9s de la Secretar\u00eda de Turismo del Estado (SEDETUR) y la Secretar\u00eda de Relaciones Exteriores (SER).<\/p>\n<p>Esta Oficina de Pasaportes tiene como principal objetivo facilitar y agilizar el proceso de obtenci\u00f3n de pasaportes para los ciudadanos quintanarroenses y los viajeros que arriban a la reci\u00e9n inaugurada terminal a\u00e9rea.<\/p>\n<p>Cabe destacar que la apertura de este edificio a cargo de la SER contribuir\u00e1 a reducir la demanda y a evitar traslados de los turistas y locales para tramitar su pasaporte.<\/p>\n<p>Se reitera la importancia de evitar fraudes y no realizar pagos ni dep\u00f3sitos a cuentas personales o en tiendas de conveniencia para obtener una cita de tr\u00e1mite de su pasaporte.<\/p>\n<p>La nueva Oficina de Pasaportes en el Aeropuerto Internacional de Tulum \u201cFelipe Carrillo Puerto\u201d operar\u00e1 de lunes a viernes, de 08:00 a 18:00 horas, y comenz\u00f3 a prestar servicios desde el pasado 6 de mayo del presente a\u00f1o.<\/p>\n","protected":false},"excerpt":{"rendered":"<p>&nbsp; -Opera de lunes a viernes, de 08:00 a 18:00 horas y comenz\u00f3 a prestar servicios&hellip;<\/p>\n","protected":false},"author":100,"featured_media":72972,"comment_status":"closed","ping_status":"closed","sticky":false,"template":"","format":"standard","meta":{"_acf_changed":false,"_lmt_disableupdate":"","_lmt_disable":"","_mbp_gutenberg_autopost":false,"footnotes":""},"categories":[23,1656],"tags":[],"class_list":["post-72969","post","type-post","status-publish","format-standard","has-post-thumbnail","hentry","category-noticias","category-quintana-roo"],"acf":[],"_links":{"self":[{"href":"https:\/\/l21.mx\/index.php?rest_route=\/wp\/v2\/posts\/72969","targetHints":{"allow":["GET"]}}],"collection":[{"href":"https:\/\/l21.mx\/index.php?rest_route=\/wp\/v2\/posts"}],"about":[{"href":"https:\/\/l21.mx\/index.php?rest_route=\/wp\/v2\/types\/post"}],"author":[{"embeddable":true,"href":"https:\/\/l21.mx\/index.php?rest_route=\/wp\/v2\/users\/100"}],"replies":[{"embeddable":true,"href":"https:\/\/l21.mx\/index.php?rest_route=%2Fwp%2Fv2%2Fcomments&post=72969"}],"version-history":[{"count":0,"href":"https:\/\/l21.mx\/index.php?rest_route=\/wp\/v2\/posts\/72969\/revisions"}],"wp:featuredmedia":[{"embeddable":true,"href":"https:\/\/l21.mx\/index.php?rest_route=\/wp\/v2\/media\/72972"}],"wp:attachment":[{"href":"https:\/\/l21.mx\/index.php?rest_route=%2Fwp%2Fv2%2Fmedia&parent=72969"}],"wp:term":[{"taxonomy":"category","embeddable":true,"href":"https:\/\/l21.mx\/index.php?rest_route=%2Fwp%2Fv2%2Fcategories&post=72969"},{"taxonomy":"post_tag","embeddable":true,"href":"https:\/\/l21.mx\/index.php?rest_route=%2Fwp%2Fv2%2Ftags&post=72969"}],"curies":[{"name":"wp","href":"https:\/\/api.w.org\/{rel}","templated":true}]}}