{"id":72984,"date":"2024-05-10T10:52:57","date_gmt":"2024-05-10T15:52:57","guid":{"rendered":"https:\/\/l21.mx\/?p=72984"},"modified":"2024-05-10T10:52:57","modified_gmt":"2024-05-10T15:52:57","slug":"playa-llena-corazon-contento-para-atender-con-alimentos-a-miles-de-familias-solidarenses-estefania-mercado","status":"publish","type":"post","link":"https:\/\/l21.mx\/?p=72984","title":{"rendered":"\u201cPlaya llena, coraz\u00f3n contento\u201d para atender con alimentos a miles de familias solidarenses: Estefan\u00eda Mercado"},"content":{"rendered":"<p>&nbsp;<\/p>\n<p>\u2022 En su visita a los fraccionamientos Pescadores II y Villas del Sol, Estefan\u00eda Mercado asegura que ninguna familia en pobreza moderada quedar\u00e1 excluida de este proyecto bandera<\/p>\n<p><a href=\"https:\/\/l21.mx\/wp-content\/uploads\/2024\/05\/WhatsApp-Image-2024-05-09-at-9.55.20-PM-1.jpeg\" data-rel=\"penci-gallery-image-content\" ><img fetchpriority=\"high\" decoding=\"async\" class=\"alignnone size-medium wp-image-72986\" src=\"https:\/\/l21.mx\/wp-content\/uploads\/2024\/05\/WhatsApp-Image-2024-05-09-at-9.55.20-PM-1-300x233.jpeg\" alt=\"\" width=\"300\" height=\"233\" srcset=\"https:\/\/l21.mx\/wp-content\/uploads\/2024\/05\/WhatsApp-Image-2024-05-09-at-9.55.20-PM-1-300x233.jpeg 300w, https:\/\/l21.mx\/wp-content\/uploads\/2024\/05\/WhatsApp-Image-2024-05-09-at-9.55.20-PM-1-1024x796.jpeg 1024w, https:\/\/l21.mx\/wp-content\/uploads\/2024\/05\/WhatsApp-Image-2024-05-09-at-9.55.20-PM-1-768x597.jpeg 768w, https:\/\/l21.mx\/wp-content\/uploads\/2024\/05\/WhatsApp-Image-2024-05-09-at-9.55.20-PM-1-1170x910.jpeg 1170w, https:\/\/l21.mx\/wp-content\/uploads\/2024\/05\/WhatsApp-Image-2024-05-09-at-9.55.20-PM-1-585x455.jpeg 585w, https:\/\/l21.mx\/wp-content\/uploads\/2024\/05\/WhatsApp-Image-2024-05-09-at-9.55.20-PM-1.jpeg 1231w\" sizes=\"(max-width: 300px) 100vw, 300px\" \/><\/a><\/p>\n<p>Playa del Carmen, Solidaridad.\u2014 El programa social \u201cPlaya llena, coraz\u00f3n contento\u201d busca cerrar las brechas de la desigualdad y reducir el \u00edndice de pobreza moderada que afecta al 33.1 por ciento de las familias solidarenses, afirm\u00f3 Estefan\u00eda Mercado, candidata a la presidencia municipal de Solidaridad por la Coalici\u00f3n \u201cSigamos Haciendo Historia en Quintana Roo\u201d.<\/p>\n<p>Durante su caminata de este jueves por calles de los fraccionamientos Pescadores II y Villas del Sol, Estefan\u00eda Mercado explic\u00f3 a los vecinos que este programa ser\u00e1 puesto en marcha desde el primer d\u00eda en que asuma la presidencia municipal.<\/p>\n<p>\u201cCuando decimos bienestar para todos, primero los pobres, nos referimos a hacer acciones concretas para ayudar a las familias en situaci\u00f3n de vulnerabilidad, de ah\u00ed la importancia de este proyecto bandera que proponemos dentro del eje Solidaridad con Bienestar Social\u201d, dijo Estefan\u00eda Mercado.<\/p>\n<p><a href=\"https:\/\/l21.mx\/wp-content\/uploads\/2024\/05\/WhatsApp-Image-2024-05-09-at-9.55.21-PM.jpeg\" data-rel=\"penci-gallery-image-content\" ><img decoding=\"async\" class=\"alignnone size-medium wp-image-72987\" src=\"https:\/\/l21.mx\/wp-content\/uploads\/2024\/05\/WhatsApp-Image-2024-05-09-at-9.55.21-PM-300x200.jpeg\" alt=\"\" width=\"300\" height=\"200\" srcset=\"https:\/\/l21.mx\/wp-content\/uploads\/2024\/05\/WhatsApp-Image-2024-05-09-at-9.55.21-PM-300x200.jpeg 300w, https:\/\/l21.mx\/wp-content\/uploads\/2024\/05\/WhatsApp-Image-2024-05-09-at-9.55.21-PM-1024x682.jpeg 1024w, https:\/\/l21.mx\/wp-content\/uploads\/2024\/05\/WhatsApp-Image-2024-05-09-at-9.55.21-PM-768x512.jpeg 768w, https:\/\/l21.mx\/wp-content\/uploads\/2024\/05\/WhatsApp-Image-2024-05-09-at-9.55.21-PM-1536x1023.jpeg 1536w, https:\/\/l21.mx\/wp-content\/uploads\/2024\/05\/WhatsApp-Image-2024-05-09-at-9.55.21-PM-1170x780.jpeg 1170w, https:\/\/l21.mx\/wp-content\/uploads\/2024\/05\/WhatsApp-Image-2024-05-09-at-9.55.21-PM-585x390.jpeg 585w, https:\/\/l21.mx\/wp-content\/uploads\/2024\/05\/WhatsApp-Image-2024-05-09-at-9.55.21-PM-263x175.jpeg 263w, https:\/\/l21.mx\/wp-content\/uploads\/2024\/05\/WhatsApp-Image-2024-05-09-at-9.55.21-PM.jpeg 1600w\" sizes=\"(max-width: 300px) 100vw, 300px\" \/><\/a><\/p>\n<p>Por medio de \u201cPlaya llena, coraz\u00f3n contento\u201d, que ser\u00e1 uno de los programas pilares de su gobierno, Estefan\u00eda Mercado apoyar\u00e1 con despensas de comida a las familias m\u00e1s necesitadas que viven en las 85 colonias y fraccionamientos de Playa del Carmen y en las 20 localidades del municipio.<\/p>\n<p>\u201cEsto lo vamos a lograr trabajando en equipo con Claudia Sheinbaum, la pr\u00f3xima presidenta del pa\u00eds, y con el gobierno estatal\u201d, reiter\u00f3 Estefan\u00eda Mercado.<\/p>\n<p>La abanderada morenista coment\u00f3 que ser\u00e1n tomadas en cuenta m\u00e1s de 111 mil mujeres jefas de familia y madres trabajadoras, a las que tambi\u00e9n prometi\u00f3 guarder\u00edas gratuitas.<\/p>\n<p>Estefan\u00eda Mercado explic\u00f3 que los recursos que ser\u00e1n destinados a este tipo de programas provendr\u00e1n de los ingresos propios que el ayuntamiento percibe por el pago de impuestos y de la derrama que dejan m\u00e1s de 8.4 millones de turistas que visitan anualmente la Riviera Maya.<\/p>\n<p>En las caminatas de este tarde, Estefan\u00eda Mercado estuvo acompa\u00f1ada por el candidato a diputado federal, Juan Carrillo Soberanis y por la candidata a diputada local por el distrito IX, tepy Guti\u00e9rrez; as\u00ed como miembros de su planilla y decenas de militantes de Morena, Partido Verde y Partido del Trabajo.<\/p>\n","protected":false},"excerpt":{"rendered":"<p>&nbsp; \u2022 En su visita a los fraccionamientos Pescadores II y Villas del Sol, Estefan\u00eda Mercado&hellip;<\/p>\n","protected":false},"author":100,"featured_media":72985,"comment_status":"closed","ping_status":"closed","sticky":false,"template":"","format":"standard","meta":{"_acf_changed":false,"_lmt_disableupdate":"","_lmt_disable":"","_mbp_gutenberg_autopost":false,"footnotes":""},"categories":[23,1656],"tags":[],"class_list":["post-72984","post","type-post","status-publish","format-standard","has-post-thumbnail","hentry","category-noticias","category-quintana-roo"],"acf":[],"_links":{"self":[{"href":"https:\/\/l21.mx\/index.php?rest_route=\/wp\/v2\/posts\/72984","targetHints":{"allow":["GET"]}}],"collection":[{"href":"https:\/\/l21.mx\/index.php?rest_route=\/wp\/v2\/posts"}],"about":[{"href":"https:\/\/l21.mx\/index.php?rest_route=\/wp\/v2\/types\/post"}],"author":[{"embeddable":true,"href":"https:\/\/l21.mx\/index.php?rest_route=\/wp\/v2\/users\/100"}],"replies":[{"embeddable":true,"href":"https:\/\/l21.mx\/index.php?rest_route=%2Fwp%2Fv2%2Fcomments&post=72984"}],"version-history":[{"count":0,"href":"https:\/\/l21.mx\/index.php?rest_route=\/wp\/v2\/posts\/72984\/revisions"}],"wp:featuredmedia":[{"embeddable":true,"href":"https:\/\/l21.mx\/index.php?rest_route=\/wp\/v2\/media\/72985"}],"wp:attachment":[{"href":"https:\/\/l21.mx\/index.php?rest_route=%2Fwp%2Fv2%2Fmedia&parent=72984"}],"wp:term":[{"taxonomy":"category","embeddable":true,"href":"https:\/\/l21.mx\/index.php?rest_route=%2Fwp%2Fv2%2Fcategories&post=72984"},{"taxonomy":"post_tag","embeddable":true,"href":"https:\/\/l21.mx\/index.php?rest_route=%2Fwp%2Fv2%2Ftags&post=72984"}],"curies":[{"name":"wp","href":"https:\/\/api.w.org\/{rel}","templated":true}]}}