{"id":73030,"date":"2024-05-12T21:18:34","date_gmt":"2024-05-13T02:18:34","guid":{"rendered":"https:\/\/l21.mx\/?p=73030"},"modified":"2024-05-12T21:18:34","modified_gmt":"2024-05-13T02:18:34","slug":"conoce-donde-estara-esta-semana-la-campana-de-descacharrizacion-en-solidaridad","status":"publish","type":"post","link":"https:\/\/l21.mx\/?p=73030","title":{"rendered":"Conoce d\u00f3nde estar\u00e1 esta semana la campa\u00f1a de descacharrizaci\u00f3n en Solidaridad"},"content":{"rendered":"<p><a href=\"https:\/\/l21.mx\/wp-content\/uploads\/2024\/05\/WhatsApp-Image-2024-05-12-at-7.14.03-PM.jpeg\" data-rel=\"penci-gallery-image-content\" ><img fetchpriority=\"high\" decoding=\"async\" class=\"alignnone size-medium wp-image-73031\" src=\"https:\/\/l21.mx\/wp-content\/uploads\/2024\/05\/WhatsApp-Image-2024-05-12-at-7.14.03-PM-300x200.jpeg\" alt=\"\" width=\"300\" height=\"200\" srcset=\"https:\/\/l21.mx\/wp-content\/uploads\/2024\/05\/WhatsApp-Image-2024-05-12-at-7.14.03-PM-300x200.jpeg 300w, https:\/\/l21.mx\/wp-content\/uploads\/2024\/05\/WhatsApp-Image-2024-05-12-at-7.14.03-PM-1024x682.jpeg 1024w, https:\/\/l21.mx\/wp-content\/uploads\/2024\/05\/WhatsApp-Image-2024-05-12-at-7.14.03-PM-768x512.jpeg 768w, https:\/\/l21.mx\/wp-content\/uploads\/2024\/05\/WhatsApp-Image-2024-05-12-at-7.14.03-PM-1170x780.jpeg 1170w, https:\/\/l21.mx\/wp-content\/uploads\/2024\/05\/WhatsApp-Image-2024-05-12-at-7.14.03-PM-585x390.jpeg 585w, https:\/\/l21.mx\/wp-content\/uploads\/2024\/05\/WhatsApp-Image-2024-05-12-at-7.14.03-PM-263x175.jpeg 263w, https:\/\/l21.mx\/wp-content\/uploads\/2024\/05\/WhatsApp-Image-2024-05-12-at-7.14.03-PM.jpeg 1280w\" sizes=\"(max-width: 300px) 100vw, 300px\" \/><\/a><\/p>\n<p>Playa del Carmen, Solidaridad, a 12 de mayo del 2024.- Para mantener las calles y avenidas de las colonias limpias, as\u00ed como libres de criaderos de mosquitos, se lleva a cabo la campa\u00f1a permanente de descacharrizaci\u00f3n, esta segunda semana de mayo estar\u00e1 activa de lunes a s\u00e1bado en Playa Magna, Balam Tun, Lol-Tun, Lolka-Tun, Xcalacoco y Mayakoba en horario de 6:00 a 14:00 horas.<\/p>\n<p><a href=\"https:\/\/l21.mx\/wp-content\/uploads\/2024\/05\/WhatsApp-Image-2024-05-12-at-7.14.03-PM-1.jpeg\" data-rel=\"penci-gallery-image-content\" ><img decoding=\"async\" class=\"alignnone size-medium wp-image-73034\" src=\"https:\/\/l21.mx\/wp-content\/uploads\/2024\/05\/WhatsApp-Image-2024-05-12-at-7.14.03-PM-1-300x225.jpeg\" alt=\"\" width=\"300\" height=\"225\" srcset=\"https:\/\/l21.mx\/wp-content\/uploads\/2024\/05\/WhatsApp-Image-2024-05-12-at-7.14.03-PM-1-300x225.jpeg 300w, https:\/\/l21.mx\/wp-content\/uploads\/2024\/05\/WhatsApp-Image-2024-05-12-at-7.14.03-PM-1-1024x768.jpeg 1024w, https:\/\/l21.mx\/wp-content\/uploads\/2024\/05\/WhatsApp-Image-2024-05-12-at-7.14.03-PM-1-768x576.jpeg 768w, https:\/\/l21.mx\/wp-content\/uploads\/2024\/05\/WhatsApp-Image-2024-05-12-at-7.14.03-PM-1-1200x900.jpeg 1200w, https:\/\/l21.mx\/wp-content\/uploads\/2024\/05\/WhatsApp-Image-2024-05-12-at-7.14.03-PM-1-1170x878.jpeg 1170w, https:\/\/l21.mx\/wp-content\/uploads\/2024\/05\/WhatsApp-Image-2024-05-12-at-7.14.03-PM-1-585x439.jpeg 585w, https:\/\/l21.mx\/wp-content\/uploads\/2024\/05\/WhatsApp-Image-2024-05-12-at-7.14.03-PM-1.jpeg 1280w\" sizes=\"(max-width: 300px) 100vw, 300px\" \/><\/a><\/p>\n<p>Se invita a todos los ciudadanos participar en esta actividad, para que el personal de servicios p\u00fablicos se lleve sus cacharros que no son recolectados por los camiones de basura convencionales. Para ello, se utilizar\u00e1n veh\u00edculos especializados, como volquetes y camiones de redilas, para su recolecci\u00f3n adecuada.<\/p>\n<p><a href=\"https:\/\/l21.mx\/wp-content\/uploads\/2024\/05\/WhatsApp-Image-2024-05-12-at-7.14.02-PM.jpeg\" data-rel=\"penci-gallery-image-content\" ><img decoding=\"async\" class=\"alignnone size-medium wp-image-73033\" src=\"https:\/\/l21.mx\/wp-content\/uploads\/2024\/05\/WhatsApp-Image-2024-05-12-at-7.14.02-PM-300x237.jpeg\" alt=\"\" width=\"300\" height=\"237\" srcset=\"https:\/\/l21.mx\/wp-content\/uploads\/2024\/05\/WhatsApp-Image-2024-05-12-at-7.14.02-PM-300x237.jpeg 300w, https:\/\/l21.mx\/wp-content\/uploads\/2024\/05\/WhatsApp-Image-2024-05-12-at-7.14.02-PM-1024x809.jpeg 1024w, https:\/\/l21.mx\/wp-content\/uploads\/2024\/05\/WhatsApp-Image-2024-05-12-at-7.14.02-PM-768x607.jpeg 768w, https:\/\/l21.mx\/wp-content\/uploads\/2024\/05\/WhatsApp-Image-2024-05-12-at-7.14.02-PM-585x462.jpeg 585w, https:\/\/l21.mx\/wp-content\/uploads\/2024\/05\/WhatsApp-Image-2024-05-12-at-7.14.02-PM.jpeg 1080w\" sizes=\"(max-width: 300px) 100vw, 300px\" \/><\/a><\/p>\n<p>El personal de Servicios P\u00fablicos enfatiza que los desechos m\u00e1s comunes son maderas, muebles, escombros y troncos, para dudas o para m\u00e1s informaci\u00f3n se pueden comunicar al n\u00famero 984-877-3050 ext. 10020.<\/p>\n","protected":false},"excerpt":{"rendered":"<p>Playa del Carmen, Solidaridad, a 12 de mayo del 2024.- Para mantener las calles y avenidas&hellip;<\/p>\n","protected":false},"author":100,"featured_media":73032,"comment_status":"closed","ping_status":"closed","sticky":false,"template":"","format":"standard","meta":{"_acf_changed":false,"_lmt_disableupdate":"","_lmt_disable":"","_mbp_gutenberg_autopost":false,"footnotes":""},"categories":[1654],"tags":[],"class_list":["post-73030","post","type-post","status-publish","format-standard","has-post-thumbnail","hentry","category-solidaridad"],"acf":[],"_links":{"self":[{"href":"https:\/\/l21.mx\/index.php?rest_route=\/wp\/v2\/posts\/73030","targetHints":{"allow":["GET"]}}],"collection":[{"href":"https:\/\/l21.mx\/index.php?rest_route=\/wp\/v2\/posts"}],"about":[{"href":"https:\/\/l21.mx\/index.php?rest_route=\/wp\/v2\/types\/post"}],"author":[{"embeddable":true,"href":"https:\/\/l21.mx\/index.php?rest_route=\/wp\/v2\/users\/100"}],"replies":[{"embeddable":true,"href":"https:\/\/l21.mx\/index.php?rest_route=%2Fwp%2Fv2%2Fcomments&post=73030"}],"version-history":[{"count":0,"href":"https:\/\/l21.mx\/index.php?rest_route=\/wp\/v2\/posts\/73030\/revisions"}],"wp:featuredmedia":[{"embeddable":true,"href":"https:\/\/l21.mx\/index.php?rest_route=\/wp\/v2\/media\/73032"}],"wp:attachment":[{"href":"https:\/\/l21.mx\/index.php?rest_route=%2Fwp%2Fv2%2Fmedia&parent=73030"}],"wp:term":[{"taxonomy":"category","embeddable":true,"href":"https:\/\/l21.mx\/index.php?rest_route=%2Fwp%2Fv2%2Fcategories&post=73030"},{"taxonomy":"post_tag","embeddable":true,"href":"https:\/\/l21.mx\/index.php?rest_route=%2Fwp%2Fv2%2Ftags&post=73030"}],"curies":[{"name":"wp","href":"https:\/\/api.w.org\/{rel}","templated":true}]}}