{"id":73055,"date":"2024-05-13T13:45:13","date_gmt":"2024-05-13T18:45:13","guid":{"rendered":"https:\/\/l21.mx\/?p=73055"},"modified":"2024-05-13T13:45:13","modified_gmt":"2024-05-13T18:45:13","slug":"se-elimina-el-pago-de-derechos-de-40-dolares-para-mexicanos-que-entren-a-belice","status":"publish","type":"post","link":"https:\/\/l21.mx\/?p=73055","title":{"rendered":"Se elimina el pago de derechos de 40 d\u00f3lares para mexicanos que entren a Belice"},"content":{"rendered":"<p>&nbsp;<\/p>\n<p>&nbsp;<\/p>\n<p>-La gobernadora Mara Lezama acompa\u00f1\u00f3 al presidente Andr\u00e9s Manuel L\u00f3pez Obrador en reuni\u00f3n con Juan Antonio Brice\u00f1o, primer ministro de Belice<\/p>\n<p><a href=\"https:\/\/l21.mx\/wp-content\/uploads\/2024\/05\/WhatsApp-Image-2024-05-11-at-9.40.42-PM.jpeg\" data-rel=\"penci-gallery-image-content\" ><img fetchpriority=\"high\" decoding=\"async\" class=\"alignnone size-medium wp-image-73056\" src=\"https:\/\/l21.mx\/wp-content\/uploads\/2024\/05\/WhatsApp-Image-2024-05-11-at-9.40.42-PM-300x200.jpeg\" alt=\"\" width=\"300\" height=\"200\" srcset=\"https:\/\/l21.mx\/wp-content\/uploads\/2024\/05\/WhatsApp-Image-2024-05-11-at-9.40.42-PM-300x200.jpeg 300w, https:\/\/l21.mx\/wp-content\/uploads\/2024\/05\/WhatsApp-Image-2024-05-11-at-9.40.42-PM-1024x682.jpeg 1024w, https:\/\/l21.mx\/wp-content\/uploads\/2024\/05\/WhatsApp-Image-2024-05-11-at-9.40.42-PM-768x512.jpeg 768w, https:\/\/l21.mx\/wp-content\/uploads\/2024\/05\/WhatsApp-Image-2024-05-11-at-9.40.42-PM-1536x1023.jpeg 1536w, https:\/\/l21.mx\/wp-content\/uploads\/2024\/05\/WhatsApp-Image-2024-05-11-at-9.40.42-PM-1170x780.jpeg 1170w, https:\/\/l21.mx\/wp-content\/uploads\/2024\/05\/WhatsApp-Image-2024-05-11-at-9.40.42-PM-585x390.jpeg 585w, https:\/\/l21.mx\/wp-content\/uploads\/2024\/05\/WhatsApp-Image-2024-05-11-at-9.40.42-PM-263x175.jpeg 263w, https:\/\/l21.mx\/wp-content\/uploads\/2024\/05\/WhatsApp-Image-2024-05-11-at-9.40.42-PM.jpeg 1600w\" sizes=\"(max-width: 300px) 100vw, 300px\" \/><\/a><\/p>\n<p>Canc\u00fan.- La gobernadora Mara Lezama Espinosa acompa\u00f1\u00f3 al presidente Andr\u00e9s Manuel L\u00f3pez Obrador en una reuni\u00f3n bilateral con Juan Antonio Brice\u00f1o, primer ministro de Belice.<\/p>\n<p>Como resultado de esta visita, se inform\u00f3 que se elimin\u00f3 el pago de derechos de 40 d\u00f3lares para la entrada de mexicanos a este pa\u00eds vecino.<\/p>\n<p>\u201cEn una fruct\u00edfera reuni\u00f3n de trabajo hablamos de turismo, infraestructura, energ\u00eda, zona libre, importaciones y m\u00e1s opciones de desarrollo que impulsen la actividad econ\u00f3mica y social en la frontera\u201d explic\u00f3 la titular del Ejecutivo.<\/p>\n<p>\u201cContinuamos con una relaci\u00f3n de hermandad y trabajo en favor de nuestros pueblos vecinos\u201d a\u00f1adi\u00f3.<\/p>\n","protected":false},"excerpt":{"rendered":"<p>&nbsp; &nbsp; -La gobernadora Mara Lezama acompa\u00f1\u00f3 al presidente Andr\u00e9s Manuel L\u00f3pez Obrador en reuni\u00f3n con&hellip;<\/p>\n","protected":false},"author":100,"featured_media":73057,"comment_status":"closed","ping_status":"closed","sticky":false,"template":"","format":"standard","meta":{"_acf_changed":false,"_lmt_disableupdate":"","_lmt_disable":"","_mbp_gutenberg_autopost":false,"footnotes":""},"categories":[23,1656],"tags":[],"class_list":["post-73055","post","type-post","status-publish","format-standard","has-post-thumbnail","hentry","category-noticias","category-quintana-roo"],"acf":[],"_links":{"self":[{"href":"https:\/\/l21.mx\/index.php?rest_route=\/wp\/v2\/posts\/73055","targetHints":{"allow":["GET"]}}],"collection":[{"href":"https:\/\/l21.mx\/index.php?rest_route=\/wp\/v2\/posts"}],"about":[{"href":"https:\/\/l21.mx\/index.php?rest_route=\/wp\/v2\/types\/post"}],"author":[{"embeddable":true,"href":"https:\/\/l21.mx\/index.php?rest_route=\/wp\/v2\/users\/100"}],"replies":[{"embeddable":true,"href":"https:\/\/l21.mx\/index.php?rest_route=%2Fwp%2Fv2%2Fcomments&post=73055"}],"version-history":[{"count":0,"href":"https:\/\/l21.mx\/index.php?rest_route=\/wp\/v2\/posts\/73055\/revisions"}],"wp:featuredmedia":[{"embeddable":true,"href":"https:\/\/l21.mx\/index.php?rest_route=\/wp\/v2\/media\/73057"}],"wp:attachment":[{"href":"https:\/\/l21.mx\/index.php?rest_route=%2Fwp%2Fv2%2Fmedia&parent=73055"}],"wp:term":[{"taxonomy":"category","embeddable":true,"href":"https:\/\/l21.mx\/index.php?rest_route=%2Fwp%2Fv2%2Fcategories&post=73055"},{"taxonomy":"post_tag","embeddable":true,"href":"https:\/\/l21.mx\/index.php?rest_route=%2Fwp%2Fv2%2Ftags&post=73055"}],"curies":[{"name":"wp","href":"https:\/\/api.w.org\/{rel}","templated":true}]}}