{"id":73061,"date":"2024-05-13T13:48:36","date_gmt":"2024-05-13T18:48:36","guid":{"rendered":"https:\/\/l21.mx\/?p=73061"},"modified":"2024-05-13T13:48:36","modified_gmt":"2024-05-13T18:48:36","slug":"la-quintanarroense-yareni-chab-conquista-plata-en-el-campeonato-panamericano-juvenil-y-master-de-tiro-con-arco","status":"publish","type":"post","link":"https:\/\/l21.mx\/?p=73061","title":{"rendered":"La quintanarroense Yareni Chab conquista plata en el Campeonato Panamericano Juvenil y M\u00e1ster de tiro con arco"},"content":{"rendered":"<p>&nbsp;<\/p>\n<p>El Salvador.- La atleta oriunda de Chetumal, Yareni Miranda Chab Quintal, aport\u00f3 una medalla con la Selecci\u00f3n Mexicana de tiro con arco, al conquistar un metal de plata en la categor\u00eda Sub-18 de Arco Recurvo, esto durante su participaci\u00f3n en el Campeonato Panamericano Juventud y M\u00e1ster 2024, el cual se escenific\u00f3 en la ciudad de San Salvador, El Salvador.<\/p>\n<p>&nbsp;<\/p>\n<p><a href=\"https:\/\/l21.mx\/wp-content\/uploads\/2024\/05\/WhatsApp-Image-2024-05-13-at-10.18.07-AM-1.jpeg\" data-rel=\"penci-gallery-image-content\" ><img fetchpriority=\"high\" decoding=\"async\" class=\"alignnone size-medium wp-image-73062\" src=\"https:\/\/l21.mx\/wp-content\/uploads\/2024\/05\/WhatsApp-Image-2024-05-13-at-10.18.07-AM-1-300x200.jpeg\" alt=\"\" width=\"300\" height=\"200\" srcset=\"https:\/\/l21.mx\/wp-content\/uploads\/2024\/05\/WhatsApp-Image-2024-05-13-at-10.18.07-AM-1-300x200.jpeg 300w, https:\/\/l21.mx\/wp-content\/uploads\/2024\/05\/WhatsApp-Image-2024-05-13-at-10.18.07-AM-1-1024x682.jpeg 1024w, https:\/\/l21.mx\/wp-content\/uploads\/2024\/05\/WhatsApp-Image-2024-05-13-at-10.18.07-AM-1-768x511.jpeg 768w, https:\/\/l21.mx\/wp-content\/uploads\/2024\/05\/WhatsApp-Image-2024-05-13-at-10.18.07-AM-1-1170x779.jpeg 1170w, https:\/\/l21.mx\/wp-content\/uploads\/2024\/05\/WhatsApp-Image-2024-05-13-at-10.18.07-AM-1-585x389.jpeg 585w, https:\/\/l21.mx\/wp-content\/uploads\/2024\/05\/WhatsApp-Image-2024-05-13-at-10.18.07-AM-1-263x175.jpeg 263w, https:\/\/l21.mx\/wp-content\/uploads\/2024\/05\/WhatsApp-Image-2024-05-13-at-10.18.07-AM-1.jpeg 1280w\" sizes=\"(max-width: 300px) 100vw, 300px\" \/><\/a><\/p>\n<p>La joven arquera quintanarroense logr\u00f3 su presea durante la \u00faltima jornada de actividades de esta justa, donde la Selecci\u00f3n Mexicano tambi\u00e9n se cosech\u00f3 otros cuatro oros y dos bronces m\u00e1s, los cuales fueron por conducto de Fernanda Salas, Adriana Castillo, Carlos Flores y V\u00edctor Portillo que finalizaron en primero; mientras que Juan T\u00e9llez y El\u00edas Reyes lograron segundo sitio.<\/p>\n<p>Cabe destacar que, con esto, la Selecci\u00f3n Nacional Juvenil de la especialidad dio un golpe de autoridad a nivel continental, cerrando su actuaci\u00f3n del certamen con un total de 16 medallas y adem\u00e1s, seis plazas para los pr\u00f3ximos Juegos Panamericanos Junior Asunci\u00f3n 2025.<\/p>\n<p><a href=\"https:\/\/l21.mx\/wp-content\/uploads\/2024\/05\/WhatsApp-Image-2024-05-13-at-10.18.11-AM.jpeg\" data-rel=\"penci-gallery-image-content\" ><img decoding=\"async\" class=\"alignnone size-medium wp-image-73064\" src=\"https:\/\/l21.mx\/wp-content\/uploads\/2024\/05\/WhatsApp-Image-2024-05-13-at-10.18.11-AM-300x203.jpeg\" alt=\"\" width=\"300\" height=\"203\" srcset=\"https:\/\/l21.mx\/wp-content\/uploads\/2024\/05\/WhatsApp-Image-2024-05-13-at-10.18.11-AM-300x203.jpeg 300w, https:\/\/l21.mx\/wp-content\/uploads\/2024\/05\/WhatsApp-Image-2024-05-13-at-10.18.11-AM-1024x694.jpeg 1024w, https:\/\/l21.mx\/wp-content\/uploads\/2024\/05\/WhatsApp-Image-2024-05-13-at-10.18.11-AM-768x521.jpeg 768w, https:\/\/l21.mx\/wp-content\/uploads\/2024\/05\/WhatsApp-Image-2024-05-13-at-10.18.11-AM-585x397.jpeg 585w, https:\/\/l21.mx\/wp-content\/uploads\/2024\/05\/WhatsApp-Image-2024-05-13-at-10.18.11-AM.jpeg 1080w\" sizes=\"(max-width: 300px) 100vw, 300px\" \/><\/a><\/p>\n<p>La quintanarroense lleg\u00f3 al \u00faltimo d\u00eda del certamen meti\u00e9ndose en la final de la especialidad de Arco Recurvo dentro de la Sub-18, donde tuvo un cierre muy intenso, pero mantuvo la calma y en una pelea muy cerrada finaliz\u00f3 colg\u00e1ndose al pecho la presea plateada de su divisi\u00f3n, adem\u00e1s de obtener una gran experiencia en competencia de talla internacional.<\/p>\n<p>Cabe recordar que la representante quintanarroense, Yareni Chab, que logr\u00f3 llegar a esta competencia, luego de que gan\u00f3 su lugar al finalizar en el primer lugar en el pasado Campeonato Clasificatorio Sub-18, celebrado previamente en la ciudad de Tlaxcala.<\/p>\n<p><a href=\"https:\/\/l21.mx\/wp-content\/uploads\/2024\/05\/WhatsApp-Image-2024-05-13-at-10.18.08-AM.jpeg\" data-rel=\"penci-gallery-image-content\" ><img decoding=\"async\" class=\"alignnone size-medium wp-image-73063\" src=\"https:\/\/l21.mx\/wp-content\/uploads\/2024\/05\/WhatsApp-Image-2024-05-13-at-10.18.08-AM-225x300.jpeg\" alt=\"\" width=\"225\" height=\"300\" srcset=\"https:\/\/l21.mx\/wp-content\/uploads\/2024\/05\/WhatsApp-Image-2024-05-13-at-10.18.08-AM-225x300.jpeg 225w, https:\/\/l21.mx\/wp-content\/uploads\/2024\/05\/WhatsApp-Image-2024-05-13-at-10.18.08-AM-768x1024.jpeg 768w, https:\/\/l21.mx\/wp-content\/uploads\/2024\/05\/WhatsApp-Image-2024-05-13-at-10.18.08-AM-1152x1536.jpeg 1152w, https:\/\/l21.mx\/wp-content\/uploads\/2024\/05\/WhatsApp-Image-2024-05-13-at-10.18.08-AM-1170x1560.jpeg 1170w, https:\/\/l21.mx\/wp-content\/uploads\/2024\/05\/WhatsApp-Image-2024-05-13-at-10.18.08-AM-585x780.jpeg 585w, https:\/\/l21.mx\/wp-content\/uploads\/2024\/05\/WhatsApp-Image-2024-05-13-at-10.18.08-AM.jpeg 1200w\" sizes=\"(max-width: 225px) 100vw, 225px\" \/><\/a><\/p>\n","protected":false},"excerpt":{"rendered":"<p>&nbsp; El Salvador.- La atleta oriunda de Chetumal, Yareni Miranda Chab Quintal, aport\u00f3 una medalla con&hellip;<\/p>\n","protected":false},"author":100,"featured_media":73065,"comment_status":"closed","ping_status":"closed","sticky":false,"template":"","format":"standard","meta":{"_acf_changed":false,"_lmt_disableupdate":"","_lmt_disable":"","_mbp_gutenberg_autopost":false,"footnotes":""},"categories":[1689],"tags":[],"class_list":["post-73061","post","type-post","status-publish","format-standard","has-post-thumbnail","hentry","category-deporte-y-salud"],"acf":[],"_links":{"self":[{"href":"https:\/\/l21.mx\/index.php?rest_route=\/wp\/v2\/posts\/73061","targetHints":{"allow":["GET"]}}],"collection":[{"href":"https:\/\/l21.mx\/index.php?rest_route=\/wp\/v2\/posts"}],"about":[{"href":"https:\/\/l21.mx\/index.php?rest_route=\/wp\/v2\/types\/post"}],"author":[{"embeddable":true,"href":"https:\/\/l21.mx\/index.php?rest_route=\/wp\/v2\/users\/100"}],"replies":[{"embeddable":true,"href":"https:\/\/l21.mx\/index.php?rest_route=%2Fwp%2Fv2%2Fcomments&post=73061"}],"version-history":[{"count":0,"href":"https:\/\/l21.mx\/index.php?rest_route=\/wp\/v2\/posts\/73061\/revisions"}],"wp:featuredmedia":[{"embeddable":true,"href":"https:\/\/l21.mx\/index.php?rest_route=\/wp\/v2\/media\/73065"}],"wp:attachment":[{"href":"https:\/\/l21.mx\/index.php?rest_route=%2Fwp%2Fv2%2Fmedia&parent=73061"}],"wp:term":[{"taxonomy":"category","embeddable":true,"href":"https:\/\/l21.mx\/index.php?rest_route=%2Fwp%2Fv2%2Fcategories&post=73061"},{"taxonomy":"post_tag","embeddable":true,"href":"https:\/\/l21.mx\/index.php?rest_route=%2Fwp%2Fv2%2Ftags&post=73061"}],"curies":[{"name":"wp","href":"https:\/\/api.w.org\/{rel}","templated":true}]}}