{"id":7308,"date":"2014-06-02T16:56:50","date_gmt":"2014-06-02T21:56:50","guid":{"rendered":"http:\/\/innovatori.space\/lat21\/?p=7308"},"modified":"2014-06-02T16:56:50","modified_gmt":"2014-06-02T21:56:50","slug":"prensa-extranjera-promovera-cultura-maya-y-museo-subacuatico-de-cancun","status":"publish","type":"post","link":"https:\/\/l21.mx\/?p=7308","title":{"rendered":"PRENSA EXTRANJERA PROMOVERA CULTURA MAYA Y MUSEO SUBACU\u00c1TICO DE CANCUN"},"content":{"rendered":"<p align=\"center\"><strong><a href=\"http:\/\/l21.mx\/wp-content\/uploads\/2014\/06\/En-el-Cenote-Chabela-en-el-tour-organizado-por-Alltournative.jpg\" data-rel=\"penci-gallery-image-content\" ><img fetchpriority=\"high\" decoding=\"async\" class=\"aligncenter size-large wp-image-7309\" title=\"En el Cenote Chabela en el tour organizado por Alltournative\" src=\"http:\/\/l21.mx\/wp-content\/uploads\/2014\/06\/En-el-Cenote-Chabela-en-el-tour-organizado-por-Alltournative-1024x682.jpg\" alt=\"\" width=\"1024\" height=\"682\" srcset=\"https:\/\/l21.mx\/wp-content\/uploads\/2014\/06\/En-el-Cenote-Chabela-en-el-tour-organizado-por-Alltournative-1024x682.jpg 1024w, https:\/\/l21.mx\/wp-content\/uploads\/2014\/06\/En-el-Cenote-Chabela-en-el-tour-organizado-por-Alltournative-300x200.jpg 300w, https:\/\/l21.mx\/wp-content\/uploads\/2014\/06\/En-el-Cenote-Chabela-en-el-tour-organizado-por-Alltournative-768x512.jpg 768w, https:\/\/l21.mx\/wp-content\/uploads\/2014\/06\/En-el-Cenote-Chabela-en-el-tour-organizado-por-Alltournative-1536x1023.jpg 1536w, https:\/\/l21.mx\/wp-content\/uploads\/2014\/06\/En-el-Cenote-Chabela-en-el-tour-organizado-por-Alltournative-1170x780.jpg 1170w, https:\/\/l21.mx\/wp-content\/uploads\/2014\/06\/En-el-Cenote-Chabela-en-el-tour-organizado-por-Alltournative-585x390.jpg 585w, https:\/\/l21.mx\/wp-content\/uploads\/2014\/06\/En-el-Cenote-Chabela-en-el-tour-organizado-por-Alltournative-263x175.jpg 263w, https:\/\/l21.mx\/wp-content\/uploads\/2014\/06\/En-el-Cenote-Chabela-en-el-tour-organizado-por-Alltournative.jpg 1729w\" sizes=\"(max-width: 1024px) 100vw, 1024px\" \/><\/a>* La OVC de Canc\u00fan invita periodistas de destacados medios de EU para elaborar reportajes sobre la Traves\u00eda Sagrada Maya y las costumbres de esta ancestral civilizaci\u00f3n<\/strong><\/p>\n<p><strong>Canc\u00fan, Q. Roo (Junio \u00a02014)<\/strong>\u00a0La Oficina de Visitantes y Convenciones de Canc\u00fan (OVC) invit\u00f3 a un grupo de periodistas de Estados Unidos a un fam de prensa para conocer las m\u00edsticas tradiciones mayas y la belleza submarina del Caribe Mexicano.<\/p>\n<p>&nbsp;<\/p>\n<p>Los colaboradores de destacados medios como\u00a0<a href=\"http:\/\/frommers.com\/\" target=\"_blank\" rel=\"noopener\">Frommers.com<\/a>, Accent &amp; Forum, 2Backpackers, Global Gastros, Big Earth, HuffPost, Newsday, Yahoo Travel, CNN, CNBC, E! XM, \u00a0AAA Going Places, ABC News, AOL Living, Bridal Guide, Brides y Caribbean Travel &amp; Life tuvieron la oportunidad de disfrutar la octava edici\u00f3n de la Traves\u00eda Sagrada Maya y visitar el Museo Subacu\u00e1tico de Canc\u00fan.<\/p>\n<p>&nbsp;<\/p>\n<p>Con el apoyo de la OVC de Canc\u00fan,\u00a0Lisa Sonne, Lena Katz, Joshua Estrin, Jacquelin Carnegie y Chelsea Schmidt\u00a0presenciaron en Xcaret la representaci\u00f3n de un mercado prehisp\u00e1nico maya as\u00ed como la despedida de 350 canoeros que a bordo de sus embarcaciones se trasladaron hasta la isla de Cozumel para rendirle ofrendas a la Diosa Ixchel, como parte de un esfuerzo por revivir una tradici\u00f3n maya de m\u00e1s de 500 a\u00f1os.<\/p>\n<p>&nbsp;<\/p>\n<p>Para conocer m\u00e1s de cerca los vestigios culturales y tradiciones de la civilizaci\u00f3n maya, el organismo de promoci\u00f3n tur\u00edstica y Alltournative trasladaron a los comunicadores a la zona arqueol\u00f3gica de Cob\u00e1 y a Tres Reyes, una aut\u00e9ntica villa maya en medio de la selva maya, en donde degustaron comida t\u00edpica y tortillas hechas a mano.<\/p>\n<p>&nbsp;<\/p>\n<p>Durante su estancia en el destino, los periodistas tambi\u00e9n recorrieron el Museo Subacu\u00e1tico de Canc\u00fan con el apoyo de la empresa Aquaworld, la cual proporcion\u00f3 la embarcaci\u00f3n y el equipo necesario para que se sumergieran y conocieran algunas de las 400 esculturas que se encuentran bajo el mar.<\/p>\n<p>&nbsp;<\/p>\n<p>Para concluir con el fam de prensa, los distinguidos visitantes fueron sorprendidos por el hotel anfritri\u00f3n, Westin Canc\u00fan Resort &amp; Spa, con un ba\u00f1o de vapor en un aut\u00e9ntico Temazcal \u00a0y una cena preparada con piedras calientes.<\/p>\n","protected":false},"excerpt":{"rendered":"<p>* La OVC de Canc\u00fan invita periodistas de destacados medios de EU para elaborar reportajes sobre&hellip;<\/p>\n","protected":false},"author":2,"featured_media":7312,"comment_status":"open","ping_status":"open","sticky":false,"template":"","format":"standard","meta":{"_acf_changed":false,"_lmt_disableupdate":"","_lmt_disable":"","_mbp_gutenberg_autopost":false,"footnotes":""},"categories":[23,8],"tags":[],"class_list":["post-7308","post","type-post","status-publish","format-standard","has-post-thumbnail","hentry","category-noticias","category-turismo"],"acf":[],"_links":{"self":[{"href":"https:\/\/l21.mx\/index.php?rest_route=\/wp\/v2\/posts\/7308","targetHints":{"allow":["GET"]}}],"collection":[{"href":"https:\/\/l21.mx\/index.php?rest_route=\/wp\/v2\/posts"}],"about":[{"href":"https:\/\/l21.mx\/index.php?rest_route=\/wp\/v2\/types\/post"}],"author":[{"embeddable":true,"href":"https:\/\/l21.mx\/index.php?rest_route=\/wp\/v2\/users\/2"}],"replies":[{"embeddable":true,"href":"https:\/\/l21.mx\/index.php?rest_route=%2Fwp%2Fv2%2Fcomments&post=7308"}],"version-history":[{"count":0,"href":"https:\/\/l21.mx\/index.php?rest_route=\/wp\/v2\/posts\/7308\/revisions"}],"wp:featuredmedia":[{"embeddable":true,"href":"https:\/\/l21.mx\/index.php?rest_route=\/wp\/v2\/media\/7312"}],"wp:attachment":[{"href":"https:\/\/l21.mx\/index.php?rest_route=%2Fwp%2Fv2%2Fmedia&parent=7308"}],"wp:term":[{"taxonomy":"category","embeddable":true,"href":"https:\/\/l21.mx\/index.php?rest_route=%2Fwp%2Fv2%2Fcategories&post=7308"},{"taxonomy":"post_tag","embeddable":true,"href":"https:\/\/l21.mx\/index.php?rest_route=%2Fwp%2Fv2%2Ftags&post=7308"}],"curies":[{"name":"wp","href":"https:\/\/api.w.org\/{rel}","templated":true}]}}