{"id":73115,"date":"2024-05-14T21:36:37","date_gmt":"2024-05-15T02:36:37","guid":{"rendered":"https:\/\/l21.mx\/?p=73115"},"modified":"2024-05-14T21:36:37","modified_gmt":"2024-05-15T02:36:37","slug":"brindan-caps-consultas-odontologicas","status":"publish","type":"post","link":"https:\/\/l21.mx\/?p=73115","title":{"rendered":"Brindan CAPS consultas odontol\u00f3gicas"},"content":{"rendered":"<p>Brindan CAPS consultas odontol\u00f3gicas<\/p>\n<p><a href=\"https:\/\/l21.mx\/wp-content\/uploads\/2024\/05\/IMG-20240514-WA0090.jpg\" data-rel=\"penci-gallery-image-content\" ><img fetchpriority=\"high\" decoding=\"async\" class=\"alignnone size-medium wp-image-73117\" src=\"https:\/\/l21.mx\/wp-content\/uploads\/2024\/05\/IMG-20240514-WA0090-300x225.jpg\" alt=\"\" width=\"300\" height=\"225\" srcset=\"https:\/\/l21.mx\/wp-content\/uploads\/2024\/05\/IMG-20240514-WA0090-300x225.jpg 300w, https:\/\/l21.mx\/wp-content\/uploads\/2024\/05\/IMG-20240514-WA0090-1024x769.jpg 1024w, https:\/\/l21.mx\/wp-content\/uploads\/2024\/05\/IMG-20240514-WA0090-768x576.jpg 768w, https:\/\/l21.mx\/wp-content\/uploads\/2024\/05\/IMG-20240514-WA0090-1536x1153.jpg 1536w, https:\/\/l21.mx\/wp-content\/uploads\/2024\/05\/IMG-20240514-WA0090-1200x900.jpg 1200w, https:\/\/l21.mx\/wp-content\/uploads\/2024\/05\/IMG-20240514-WA0090-1170x878.jpg 1170w, https:\/\/l21.mx\/wp-content\/uploads\/2024\/05\/IMG-20240514-WA0090-585x439.jpg 585w, https:\/\/l21.mx\/wp-content\/uploads\/2024\/05\/IMG-20240514-WA0090.jpg 1600w\" sizes=\"(max-width: 300px) 100vw, 300px\" \/><\/a><\/p>\n<p>Playa del Carmen, Solidaridad a 14 de mayo del 2024.- Para prevenir enfermedades bucales, los cinco Centros de Atenci\u00f3n Primaria de Solidaridad brindan atenci\u00f3n gratuita para las familias solidarenses, por lo que invitan a la poblaci\u00f3n a su consulta odontol\u00f3gica.<\/p>\n<p><a href=\"https:\/\/l21.mx\/wp-content\/uploads\/2024\/05\/IMG-20240514-WA0091.jpg\" data-rel=\"penci-gallery-image-content\" ><img decoding=\"async\" class=\"alignnone size-medium wp-image-73118\" src=\"https:\/\/l21.mx\/wp-content\/uploads\/2024\/05\/IMG-20240514-WA0091-225x300.jpg\" alt=\"\" width=\"225\" height=\"300\" srcset=\"https:\/\/l21.mx\/wp-content\/uploads\/2024\/05\/IMG-20240514-WA0091-225x300.jpg 225w, https:\/\/l21.mx\/wp-content\/uploads\/2024\/05\/IMG-20240514-WA0091-768x1024.jpg 768w, https:\/\/l21.mx\/wp-content\/uploads\/2024\/05\/IMG-20240514-WA0091-1152x1536.jpg 1152w, https:\/\/l21.mx\/wp-content\/uploads\/2024\/05\/IMG-20240514-WA0091-1170x1560.jpg 1170w, https:\/\/l21.mx\/wp-content\/uploads\/2024\/05\/IMG-20240514-WA0091-585x780.jpg 585w, https:\/\/l21.mx\/wp-content\/uploads\/2024\/05\/IMG-20240514-WA0091.jpg 1200w\" sizes=\"(max-width: 225px) 100vw, 225px\" \/><\/a><\/p>\n<p>Dentro de los servicios est\u00e1n extracciones simples, aplicaci\u00f3n de fl\u00faor, control bucal durante el embarazo y para personas con enfermedades cr\u00f3nicas, entre otras. La atenci\u00f3n es de lunes a viernes de 7:00 a 21:00 horas, en Villas del Sol, El Pet\u00e9n, Colosio y la alcald\u00eda de Puerto Aventuras, mientras que en la 28 de Julio tambi\u00e9n se da atenci\u00f3n s\u00e1bado y domingo de 8:00 a 20:00 horas.<\/p>\n<p><a href=\"https:\/\/l21.mx\/wp-content\/uploads\/2024\/05\/IMG-20240514-WA0092.jpg\" data-rel=\"penci-gallery-image-content\" ><img decoding=\"async\" class=\"alignnone size-medium wp-image-73119\" src=\"https:\/\/l21.mx\/wp-content\/uploads\/2024\/05\/IMG-20240514-WA0092-300x300.jpg\" alt=\"\" width=\"300\" height=\"300\" srcset=\"https:\/\/l21.mx\/wp-content\/uploads\/2024\/05\/IMG-20240514-WA0092-300x300.jpg 300w, https:\/\/l21.mx\/wp-content\/uploads\/2024\/05\/IMG-20240514-WA0092-1024x1024.jpg 1024w, https:\/\/l21.mx\/wp-content\/uploads\/2024\/05\/IMG-20240514-WA0092-150x150.jpg 150w, https:\/\/l21.mx\/wp-content\/uploads\/2024\/05\/IMG-20240514-WA0092-768x768.jpg 768w, https:\/\/l21.mx\/wp-content\/uploads\/2024\/05\/IMG-20240514-WA0092-585x585.jpg 585w, https:\/\/l21.mx\/wp-content\/uploads\/2024\/05\/IMG-20240514-WA0092.jpg 1080w\" sizes=\"(max-width: 300px) 100vw, 300px\" \/><\/a><\/p>\n<p>De igual manera, el Sistema DIF Municipal ofrece consultas de lunes a viernes de 07:00 a 18:00 horas y los s\u00e1bados de 09:00 a 13:00 horas en la Direcci\u00f3n de Servicio de Salud, ubicada en calle 8 Norte entre 30 y 40 avenidas, colonia Centro.<\/p>\n","protected":false},"excerpt":{"rendered":"<p>Brindan CAPS consultas odontol\u00f3gicas Playa del Carmen, Solidaridad a 14 de mayo del 2024.- Para prevenir&hellip;<\/p>\n","protected":false},"author":100,"featured_media":73116,"comment_status":"closed","ping_status":"closed","sticky":false,"template":"","format":"standard","meta":{"_acf_changed":false,"_lmt_disableupdate":"","_lmt_disable":"","_mbp_gutenberg_autopost":false,"footnotes":""},"categories":[1654],"tags":[],"class_list":["post-73115","post","type-post","status-publish","format-standard","has-post-thumbnail","hentry","category-solidaridad"],"acf":[],"_links":{"self":[{"href":"https:\/\/l21.mx\/index.php?rest_route=\/wp\/v2\/posts\/73115","targetHints":{"allow":["GET"]}}],"collection":[{"href":"https:\/\/l21.mx\/index.php?rest_route=\/wp\/v2\/posts"}],"about":[{"href":"https:\/\/l21.mx\/index.php?rest_route=\/wp\/v2\/types\/post"}],"author":[{"embeddable":true,"href":"https:\/\/l21.mx\/index.php?rest_route=\/wp\/v2\/users\/100"}],"replies":[{"embeddable":true,"href":"https:\/\/l21.mx\/index.php?rest_route=%2Fwp%2Fv2%2Fcomments&post=73115"}],"version-history":[{"count":0,"href":"https:\/\/l21.mx\/index.php?rest_route=\/wp\/v2\/posts\/73115\/revisions"}],"wp:featuredmedia":[{"embeddable":true,"href":"https:\/\/l21.mx\/index.php?rest_route=\/wp\/v2\/media\/73116"}],"wp:attachment":[{"href":"https:\/\/l21.mx\/index.php?rest_route=%2Fwp%2Fv2%2Fmedia&parent=73115"}],"wp:term":[{"taxonomy":"category","embeddable":true,"href":"https:\/\/l21.mx\/index.php?rest_route=%2Fwp%2Fv2%2Fcategories&post=73115"},{"taxonomy":"post_tag","embeddable":true,"href":"https:\/\/l21.mx\/index.php?rest_route=%2Fwp%2Fv2%2Ftags&post=73115"}],"curies":[{"name":"wp","href":"https:\/\/api.w.org\/{rel}","templated":true}]}}