{"id":73125,"date":"2024-05-15T11:35:18","date_gmt":"2024-05-15T16:35:18","guid":{"rendered":"https:\/\/l21.mx\/?p=73125"},"modified":"2024-05-15T11:35:18","modified_gmt":"2024-05-15T16:35:18","slug":"la-seleccion-de-patines-sobre-ruedas-conquista-9-medallas-mas-en-los-nacionales-conade-2024","status":"publish","type":"post","link":"https:\/\/l21.mx\/?p=73125","title":{"rendered":"La Selecci\u00f3n de patines sobre ruedas conquista 9 medallas m\u00e1s en los Nacionales CONADE 2024"},"content":{"rendered":"<p>&nbsp;<\/p>\n<p>La Selecci\u00f3n de patines sobre ruedas contin\u00faa aportando medallas para Quintana Roo dentro de las acciones de los Nacionales CONADE 2024, tras una brillante participaci\u00f3n en las pruebas de Distancia y Puntos, que se escenificaron en el Polideportivo \u201cRevoluci\u00f3n\u201d de Guadalajara y en donde el equipo estatal acumul\u00f3 nueve presas m\u00e1s: dos oros, dos platas y cinco bronces.<\/p>\n<div data-sliderid=\"71394\" id=\"penci-post-gallery__71394\" class=\"penci-post-gallery-container justified column-3\" data-height=\"150\" data-margin=\"3\"><a class=\"penci-gallery-ite item-gallery-justified\" href=\"https:\/\/l21.mx\/wp-content\/uploads\/2024\/05\/WhatsApp-Image-2024-05-14-at-1.27.05-PM.jpeg\" data-rel=\"penci-gallery-image-content\" ><img decoding=\"async\" src=\"https:\/\/l21.mx\/wp-content\/uploads\/2024\/05\/WhatsApp-Image-2024-05-14-at-1.27.05-PM-585x390.jpeg\" alt=\"\" title=\"WhatsApp Image 2024-05-14 at 1.27.05 PM\"><\/a><a class=\"penci-gallery-ite item-gallery-justified\" href=\"https:\/\/l21.mx\/wp-content\/uploads\/2024\/05\/WhatsApp-Image-2024-05-14-at-1.27.06-PM.jpeg\" data-rel=\"penci-gallery-image-content\" ><img decoding=\"async\" src=\"https:\/\/l21.mx\/wp-content\/uploads\/2024\/05\/WhatsApp-Image-2024-05-14-at-1.27.06-PM-585x390.jpeg\" alt=\"\" title=\"WhatsApp Image 2024-05-14 at 1.27.06 PM\"><\/a><a class=\"penci-gallery-ite item-gallery-justified\" href=\"https:\/\/l21.mx\/wp-content\/uploads\/2024\/05\/WhatsApp-Image-2024-05-14-at-1.27.04-PM.jpeg\" data-rel=\"penci-gallery-image-content\" ><img decoding=\"async\" src=\"https:\/\/l21.mx\/wp-content\/uploads\/2024\/05\/WhatsApp-Image-2024-05-14-at-1.27.04-PM-585x390.jpeg\" alt=\"\" title=\"WhatsApp Image 2024-05-14 at 1.27.04 PM\"><\/a><a class=\"penci-gallery-ite item-gallery-justified\" href=\"https:\/\/l21.mx\/wp-content\/uploads\/2024\/05\/WhatsApp-Image-2024-05-14-at-1.27.03-PM.jpeg\" data-rel=\"penci-gallery-image-content\" ><img decoding=\"async\" src=\"https:\/\/l21.mx\/wp-content\/uploads\/2024\/05\/WhatsApp-Image-2024-05-14-at-1.27.03-PM-585x390.jpeg\" alt=\"\" title=\"WhatsApp Image 2024-05-14 at 1.27.03 PM\"><\/a><\/div>\n<p>Con estos resultados de la jornada, Quintana Roo aument\u00f3 sus n\u00fameros a 20 preseas dentro del medallero general de la justa y as\u00ed contabilizar seis de oro, 5 plateadas y 9 de bronce en sus respectivos totales.<\/p>\n<p>Las dos preseas doradas para la entidad en esta jornada cayeron por conducto de Viv\u00edan Michelle Morf\u00edn Casta\u00f1eda, que se proclam\u00f3 campeona en los 500 metros + Distancia de la categor\u00eda Juvenil Mayor; mientras que el otro metal dorado se lo adjudic\u00f3 Mia Abelicia Aguill\u00f3n Cruz, en los 300 metros + Distancia de Infantil.<\/p>\n<p>Por otro lado, los metales plateados obtenidos fueron a trav\u00e9s de Alexandra L\u00f3pez Cruz, dentro de los 300 metros + Distancia en la categor\u00eda Juvenil Menor; la otra presea de plata fue por conducto de Mariel Alexa Vargas Hern\u00e1ndez, en los 6 mil metros Puntos-Eliminaci\u00f3n correspondiente a la categor\u00eda Juvenil Menor.<\/p>\n<p>Por otro lado, los bronces para Quintana Roo se los adjudicaron Jeisy Abigail Sandoval Alejandro, en 500 metros + Distancia de la Junior; as\u00ed como Daniel Vargas Hern\u00e1ndez, en 500 metros + Distancia, en la Juvenil Mayor.<\/p>\n<p>Las otras preseas de bronce fueron de Sof\u00eda Montserrat M\u00e9ndez V\u00e1squez, en los 300 metros + Distancia, de la categor\u00eda Juvenil Menor; as\u00ed como Marcelo Rams\u00e9s Lozano Lozano, en 300 metros + Distancia de la Juvenil Menor; y Eliza Paola L\u00f3pez V\u00e1squez, en los 300 metros + Distancia, categor\u00eda Infantil.<\/p>\n<p>Cabe recordar que el equipo quintanarroense se mantiene compitiendo bajo la gu\u00eda del entrenador Juan Pastor y con esto, la selecci\u00f3n de patines tambi\u00e9n ya suma 20 metales y buscar\u00e1n incrementar las preseas en pruebas de Sprint y Carriles.<\/p>\n","protected":false},"excerpt":{"rendered":"<p>&nbsp; La Selecci\u00f3n de patines sobre ruedas contin\u00faa aportando medallas para Quintana Roo dentro de las&hellip;<\/p>\n","protected":false},"author":100,"featured_media":73127,"comment_status":"closed","ping_status":"closed","sticky":false,"template":"","format":"standard","meta":{"_acf_changed":false,"_lmt_disableupdate":"","_lmt_disable":"","_mbp_gutenberg_autopost":false,"footnotes":""},"categories":[1689],"tags":[],"class_list":["post-73125","post","type-post","status-publish","format-standard","has-post-thumbnail","hentry","category-deporte-y-salud"],"acf":[],"_links":{"self":[{"href":"https:\/\/l21.mx\/index.php?rest_route=\/wp\/v2\/posts\/73125","targetHints":{"allow":["GET"]}}],"collection":[{"href":"https:\/\/l21.mx\/index.php?rest_route=\/wp\/v2\/posts"}],"about":[{"href":"https:\/\/l21.mx\/index.php?rest_route=\/wp\/v2\/types\/post"}],"author":[{"embeddable":true,"href":"https:\/\/l21.mx\/index.php?rest_route=\/wp\/v2\/users\/100"}],"replies":[{"embeddable":true,"href":"https:\/\/l21.mx\/index.php?rest_route=%2Fwp%2Fv2%2Fcomments&post=73125"}],"version-history":[{"count":0,"href":"https:\/\/l21.mx\/index.php?rest_route=\/wp\/v2\/posts\/73125\/revisions"}],"wp:featuredmedia":[{"embeddable":true,"href":"https:\/\/l21.mx\/index.php?rest_route=\/wp\/v2\/media\/73127"}],"wp:attachment":[{"href":"https:\/\/l21.mx\/index.php?rest_route=%2Fwp%2Fv2%2Fmedia&parent=73125"}],"wp:term":[{"taxonomy":"category","embeddable":true,"href":"https:\/\/l21.mx\/index.php?rest_route=%2Fwp%2Fv2%2Fcategories&post=73125"},{"taxonomy":"post_tag","embeddable":true,"href":"https:\/\/l21.mx\/index.php?rest_route=%2Fwp%2Fv2%2Ftags&post=73125"}],"curies":[{"name":"wp","href":"https:\/\/api.w.org\/{rel}","templated":true}]}}