{"id":7378,"date":"2014-06-16T17:45:33","date_gmt":"2014-06-16T22:45:33","guid":{"rendered":"http:\/\/innovatori.space\/lat21\/?p=7378"},"modified":"2014-06-16T17:45:33","modified_gmt":"2014-06-16T22:45:33","slug":"barcelo-hotels-resorts-concluye-la-primera-fase-de-la-reforma-del-barcelo-praha-con-una-inversion-de-22-millones-de-euros","status":"publish","type":"post","link":"https:\/\/l21.mx\/?p=7378","title":{"rendered":"BARCEL\u00d3 HOTELS &#038; RESORTS CONCLUYE LA PRIMERA FASE DE LA REFORMA DEL BARCEL\u00d3 PRAHA CON UNA INVERSI\u00d3N DE 2,2 MILLONES DE EUROS"},"content":{"rendered":"<p align=\"center\"><strong><a href=\"http:\/\/l21.mx\/wp-content\/uploads\/2014\/06\/barcelo.jpg\" data-rel=\"penci-gallery-image-content\" ><img fetchpriority=\"high\" decoding=\"async\" class=\"alignleft size-medium wp-image-7380\" title=\"barcelo\" src=\"http:\/\/l21.mx\/wp-content\/uploads\/2014\/06\/barcelo-300x200.jpg\" alt=\"\" width=\"300\" height=\"200\" srcset=\"https:\/\/l21.mx\/wp-content\/uploads\/2014\/06\/barcelo-300x200.jpg 300w, https:\/\/l21.mx\/wp-content\/uploads\/2014\/06\/barcelo-585x390.jpg 585w, https:\/\/l21.mx\/wp-content\/uploads\/2014\/06\/barcelo-263x175.jpg 263w, https:\/\/l21.mx\/wp-content\/uploads\/2014\/06\/barcelo.jpg 696w\" sizes=\"(max-width: 300px) 100vw, 300px\" \/><\/a>La renovaci\u00f3n, que coincide con el 20 aniversario del que fue el primer hotel europeo de la cadena, ha incluido la adaptaci\u00f3n de todas sus habitaciones a los exigentes est\u00e1ndares de las B-Rooms; la remodelaci\u00f3n integral de 15 junior suites que han sido transformadas en 30 executive rooms y la reforma de la recepci\u00f3n que ha incorporado un moderno B-Lounge<\/strong><\/p>\n<p align=\"center\"><strong>\u00a0<\/strong><\/p>\n<p align=\"center\"><strong>El grupo mallorqu\u00edn tiene previsto realizar la segunda fase de las obras el pr\u00f3ximo invierno, en el que remodelar\u00e1n completamente otras 60 habitaciones<\/strong><\/p>\n<p>Palma de Mallorca, 13 de junio de 2014. El <a href=\"http:\/\/www.barcelo.com\/BarceloHotels\/es_ES\/hoteles\/Republica-Checa\/Praga\/hotel-barcelo-praha\/descripcion-general.aspx\" target=\"_blank\" rel=\"noopener\">Barcel\u00f3 Praha<\/a> (Rep\u00fablica Checa) est\u00e1 de enhorabuena. En primer lugar porque este establecimiento, que fue el <strong>primer hotel<\/strong> que <a href=\"http:\/\/www.barcelo.com\/\" target=\"_blank\" rel=\"noopener\">Barcel\u00f3 Hotels &amp; Resor<\/a>ts abri\u00f3 en una <strong>capital europea<\/strong>, celebra su <strong>20 aniversario<\/strong>. Y, en segundo lugar, porque lo hace parcialmente <strong>reformado<\/strong>, ampliando su <strong>capacidad<\/strong> de <strong>213<\/strong> a <strong>228 habitaciones<\/strong>, y con un nuevo <strong>dise\u00f1o vanguardista<\/strong> muy moderno que lo posiciona como una <strong>excelente alternativa<\/strong> para aquellos que se desplacen a <strong>Praga<\/strong> por motivos de <strong>ocio<\/strong> y, sobre todo, de <strong>negocios<\/strong>.<\/p>\n<p>As\u00ed el hotel, que fue el <strong>primero<\/strong> de los <strong>3 <\/strong>que la <strong>cadena<\/strong> tiene en la <strong>capital checa<\/strong>, acaba de finalizar la <strong>primera fase<\/strong> de una <strong>reforma <\/strong>que, hasta la fecha, ha supuesto la <strong>inversi\u00f3n<\/strong> de <strong>2,2 millones de euros<\/strong>. La remodelaci\u00f3n ha contemplado la <strong>adaptaci\u00f3n <\/strong>de todas sus <strong>habitaciones <\/strong>a los exigentes est\u00e1ndares de las <strong>B-Rooms<\/strong> (incluyen colchones con topper de 32 cm, s\u00e1banas blancas de 200 hilos, funda n\u00f3rdica, dos almohadas y cuatro cojines, ducha tipo lluvia -rain dance- de 24 cm de di\u00e1metro, TV LCD de 32&#8243; con m\u00e1s de 40 canales, wi-fi gratuito y cafetera tipo kettle); la <strong>remodelaci\u00f3n integral<\/strong> de <strong>15 junior suites<\/strong> que han sido transformadas en <strong>30 executive rooms<\/strong> y la <strong>reforma<\/strong> de la <strong>recepci\u00f3n<\/strong>, que ha incorporado un moderno <strong>B-Lounge<\/strong> que nace con la vocaci\u00f3n de convertirse en un <strong>referente de ocio<\/strong> en la ciudad gracias a su oferta de <strong>tapas espa\u00f1olas<\/strong>, a su <strong>m\u00fasica en vivo<\/strong> y a sus sofisticados <strong>c\u00f3cteles<\/strong>.<\/p>\n<p>Tras estos trabajos, que han durado <strong>4 meses<\/strong>, <strong>Barcel\u00f3 Hotels &amp; Resorts<\/strong> tiene previsto realizar la <strong>segunda fase <\/strong>de la reforma en el transcurso del pr\u00f3ximo <strong>invierno<\/strong>, cuando ser\u00e1n remodeladas \u00edntegramente otras <strong>60 habitaciones<\/strong>.<\/p>\n","protected":false},"excerpt":{"rendered":"<p>La renovaci\u00f3n, que coincide con el 20 aniversario del que fue el primer hotel europeo de&hellip;<\/p>\n","protected":false},"author":2,"featured_media":7383,"comment_status":"open","ping_status":"open","sticky":false,"template":"","format":"standard","meta":{"_acf_changed":false,"_lmt_disableupdate":"","_lmt_disable":"","_mbp_gutenberg_autopost":false,"footnotes":""},"categories":[23,8],"tags":[],"class_list":["post-7378","post","type-post","status-publish","format-standard","has-post-thumbnail","hentry","category-noticias","category-turismo"],"acf":[],"_links":{"self":[{"href":"https:\/\/l21.mx\/index.php?rest_route=\/wp\/v2\/posts\/7378","targetHints":{"allow":["GET"]}}],"collection":[{"href":"https:\/\/l21.mx\/index.php?rest_route=\/wp\/v2\/posts"}],"about":[{"href":"https:\/\/l21.mx\/index.php?rest_route=\/wp\/v2\/types\/post"}],"author":[{"embeddable":true,"href":"https:\/\/l21.mx\/index.php?rest_route=\/wp\/v2\/users\/2"}],"replies":[{"embeddable":true,"href":"https:\/\/l21.mx\/index.php?rest_route=%2Fwp%2Fv2%2Fcomments&post=7378"}],"version-history":[{"count":0,"href":"https:\/\/l21.mx\/index.php?rest_route=\/wp\/v2\/posts\/7378\/revisions"}],"wp:featuredmedia":[{"embeddable":true,"href":"https:\/\/l21.mx\/index.php?rest_route=\/wp\/v2\/media\/7383"}],"wp:attachment":[{"href":"https:\/\/l21.mx\/index.php?rest_route=%2Fwp%2Fv2%2Fmedia&parent=7378"}],"wp:term":[{"taxonomy":"category","embeddable":true,"href":"https:\/\/l21.mx\/index.php?rest_route=%2Fwp%2Fv2%2Fcategories&post=7378"},{"taxonomy":"post_tag","embeddable":true,"href":"https:\/\/l21.mx\/index.php?rest_route=%2Fwp%2Fv2%2Ftags&post=7378"}],"curies":[{"name":"wp","href":"https:\/\/api.w.org\/{rel}","templated":true}]}}