{"id":7426,"date":"2014-06-30T11:05:04","date_gmt":"2014-06-30T16:05:04","guid":{"rendered":"http:\/\/innovatori.space\/lat21\/?p=7426"},"modified":"2014-06-30T11:05:04","modified_gmt":"2014-06-30T16:05:04","slug":"%e2%86%91%e2%86%91-grupo-travel-cancun","status":"publish","type":"post","link":"https:\/\/l21.mx\/?p=7426","title":{"rendered":"\u2191\u2191 Grupo Travel Canc\u00fan"},"content":{"rendered":"<p><a href=\"http:\/\/l21.mx\/wp-content\/uploads\/2014\/06\/grupo-travel-cancun.jpg\" data-rel=\"penci-gallery-image-content\" ><img fetchpriority=\"high\" decoding=\"async\" class=\"alignleft size-full wp-image-7427\" title=\"grupo travel cancun\" src=\"http:\/\/l21.mx\/wp-content\/uploads\/2014\/06\/grupo-travel-cancun.jpg\" alt=\"\" width=\"208\" height=\"312\" srcset=\"https:\/\/l21.mx\/wp-content\/uploads\/2014\/06\/grupo-travel-cancun.jpg 208w, https:\/\/l21.mx\/wp-content\/uploads\/2014\/06\/grupo-travel-cancun-200x300.jpg 200w\" sizes=\"(max-width: 208px) 100vw, 208px\" \/><\/a>Ante el creciente desarrollo tur\u00edstico de este centro vacacional y de la demanda de servicios, Grupo Travel inicia operaciones en Canc\u00fan con su primera agencia de viajes, poniendo a disposici\u00f3n de los clientes paquetes vacacionales, boletaje y las mejores opciones de hospedaje. La agencia ocupa una superficie de 60m2 y genera cuatro empleos directos. Av. Sayil, local 4 Mza. 01, Lte. 4c-7, SM 4A, Plaza B2B. Tel\u00e9fono: (998) 2-09-12-11. Correo electr\u00f3nico: info307@grupotravel.com, www.cancun.grupotravel.mx<\/p>\n<div>\u00a0[editor]sube-y-baja[\/editor]<\/div>\n","protected":false},"excerpt":{"rendered":"<p>Ante el creciente desarrollo tur\u00edstico de este centro vacacional y de la demanda de servicios, Grupo&hellip;<\/p>\n","protected":false},"author":2,"featured_media":7428,"comment_status":"open","ping_status":"open","sticky":false,"template":"","format":"standard","meta":{"_acf_changed":false,"_lmt_disableupdate":"","_lmt_disable":"","_mbp_gutenberg_autopost":false,"footnotes":""},"categories":[10],"tags":[],"class_list":["post-7426","post","type-post","status-publish","format-standard","has-post-thumbnail","hentry","category-sube-y-baja"],"acf":[],"_links":{"self":[{"href":"https:\/\/l21.mx\/index.php?rest_route=\/wp\/v2\/posts\/7426","targetHints":{"allow":["GET"]}}],"collection":[{"href":"https:\/\/l21.mx\/index.php?rest_route=\/wp\/v2\/posts"}],"about":[{"href":"https:\/\/l21.mx\/index.php?rest_route=\/wp\/v2\/types\/post"}],"author":[{"embeddable":true,"href":"https:\/\/l21.mx\/index.php?rest_route=\/wp\/v2\/users\/2"}],"replies":[{"embeddable":true,"href":"https:\/\/l21.mx\/index.php?rest_route=%2Fwp%2Fv2%2Fcomments&post=7426"}],"version-history":[{"count":0,"href":"https:\/\/l21.mx\/index.php?rest_route=\/wp\/v2\/posts\/7426\/revisions"}],"wp:featuredmedia":[{"embeddable":true,"href":"https:\/\/l21.mx\/index.php?rest_route=\/wp\/v2\/media\/7428"}],"wp:attachment":[{"href":"https:\/\/l21.mx\/index.php?rest_route=%2Fwp%2Fv2%2Fmedia&parent=7426"}],"wp:term":[{"taxonomy":"category","embeddable":true,"href":"https:\/\/l21.mx\/index.php?rest_route=%2Fwp%2Fv2%2Fcategories&post=7426"},{"taxonomy":"post_tag","embeddable":true,"href":"https:\/\/l21.mx\/index.php?rest_route=%2Fwp%2Fv2%2Ftags&post=7426"}],"curies":[{"name":"wp","href":"https:\/\/api.w.org\/{rel}","templated":true}]}}