{"id":7442,"date":"2014-06-30T11:15:12","date_gmt":"2014-06-30T16:15:12","guid":{"rendered":"http:\/\/innovatori.space\/lat21\/?p=7442"},"modified":"2014-06-30T11:15:12","modified_gmt":"2014-06-30T16:15:12","slug":"%e2%86%91%e2%86%91-carolina-herrera","status":"publish","type":"post","link":"https:\/\/l21.mx\/?p=7442","title":{"rendered":"\u2191\u2191 Carolina Herrera"},"content":{"rendered":"<p><a href=\"http:\/\/l21.mx\/wp-content\/uploads\/2014\/06\/Carolina-Herrera.jpg\" data-rel=\"penci-gallery-image-content\" ><img decoding=\"async\" class=\"alignleft size-full wp-image-7443\" title=\"Carolina Herrera\" src=\"http:\/\/l21.mx\/wp-content\/uploads\/2014\/06\/Carolina-Herrera.jpg\" alt=\"\" width=\"172\" height=\"258\" \/><\/a><\/p>\n<p>La afamada dise\u00f1adora venezolana Carolina Herrera reabre en el Caribe mexicano su boutique de Luxury Avenue, de la familia Garc\u00eda-Villarreal. Con una carrera en el mundo de la moda desde 1981, la creadora concret\u00f3 280 tiendas, cuatro de \u00e9stas en M\u00e9xico, y de ellas dos en Canc\u00fan, teniendo presencia en 104 pa\u00edses. La d\u00e9cada de los 70\u00b4s es el punto de partida de la colecci\u00f3n que CH Luxury presenta para este verano: pantalones de talle alto y pierna ancha, camisas con lazada, estampados florales y colores chispeantes. Seda y algod\u00f3n son los tejidos base sobre los que parte un colorido que va del ivory al marino, pasando por el fucsia y el rojo. Blvd. Kukulc\u00e1n Km 13.5, Luxury Avenue Boutique Mall, Zona Hotelera, Tel. (998) 840-65-52.<\/p>\n<div><\/div>\n","protected":false},"excerpt":{"rendered":"<p>La afamada dise\u00f1adora venezolana Carolina Herrera reabre en el Caribe mexicano su boutique de Luxury Avenue,&hellip;<\/p>\n","protected":false},"author":2,"featured_media":7444,"comment_status":"open","ping_status":"open","sticky":false,"template":"","format":"standard","meta":{"_acf_changed":false,"_lmt_disableupdate":"","_lmt_disable":"","_mbp_gutenberg_autopost":false,"footnotes":""},"categories":[10],"tags":[],"class_list":["post-7442","post","type-post","status-publish","format-standard","has-post-thumbnail","hentry","category-sube-y-baja"],"acf":[],"_links":{"self":[{"href":"https:\/\/l21.mx\/index.php?rest_route=\/wp\/v2\/posts\/7442","targetHints":{"allow":["GET"]}}],"collection":[{"href":"https:\/\/l21.mx\/index.php?rest_route=\/wp\/v2\/posts"}],"about":[{"href":"https:\/\/l21.mx\/index.php?rest_route=\/wp\/v2\/types\/post"}],"author":[{"embeddable":true,"href":"https:\/\/l21.mx\/index.php?rest_route=\/wp\/v2\/users\/2"}],"replies":[{"embeddable":true,"href":"https:\/\/l21.mx\/index.php?rest_route=%2Fwp%2Fv2%2Fcomments&post=7442"}],"version-history":[{"count":0,"href":"https:\/\/l21.mx\/index.php?rest_route=\/wp\/v2\/posts\/7442\/revisions"}],"wp:featuredmedia":[{"embeddable":true,"href":"https:\/\/l21.mx\/index.php?rest_route=\/wp\/v2\/media\/7444"}],"wp:attachment":[{"href":"https:\/\/l21.mx\/index.php?rest_route=%2Fwp%2Fv2%2Fmedia&parent=7442"}],"wp:term":[{"taxonomy":"category","embeddable":true,"href":"https:\/\/l21.mx\/index.php?rest_route=%2Fwp%2Fv2%2Fcategories&post=7442"},{"taxonomy":"post_tag","embeddable":true,"href":"https:\/\/l21.mx\/index.php?rest_route=%2Fwp%2Fv2%2Ftags&post=7442"}],"curies":[{"name":"wp","href":"https:\/\/api.w.org\/{rel}","templated":true}]}}