{"id":74657,"date":"2024-06-01T13:15:35","date_gmt":"2024-06-01T18:15:35","guid":{"rendered":"https:\/\/l21.mx\/?p=74657"},"modified":"2024-06-13T13:16:06","modified_gmt":"2024-06-13T18:16:06","slug":"bepensa-15-anos-como-esr","status":"publish","type":"post","link":"https:\/\/l21.mx\/?p=74657","title":{"rendered":"Bepensa, 15 a\u00f1os como ESR"},"content":{"rendered":"<p>&nbsp;<\/p>\n<p>&nbsp;<\/p>\n<p>Con una trayectoria de 15 a\u00f1os como Empresa Socialmente Responsable avalados por el Centro Mexicano para la Filantrop\u00eda A.C., Grupo Bepensa, ha cimentado su visi\u00f3n en torno a pol\u00edticas y programas de responsabilidad social bajo el est\u00e1ndar de Impacto Ambiental, Social y Gobernanza, que le han permitido consolidarse como una empresa mexicana l\u00edder en el mercado.<\/p>\n<p>El distintivo de Empresas Socialmente Responsable (ESR) otorgado por CEMEFI a Bepensa en este 2024, pone de manifiesto el compromiso de la compa\u00f1\u00eda en continuar con un trabajo orientado en generar ecosistemas de bienestar ambiental e industrial para las comunidades donde tiene presencia.<\/p>\n<p>\u201cEs un honor recibir de manera consecutiva y por quince a\u00f1os esta distinci\u00f3n, la cual nos motiva a fortalecer nuestras pr\u00e1cticas apegadas siempre al compromiso con los derechos humanos, gestiones sustentables y la viabilidad de los programas medioambientales en los territorios donde Bepensa tiene presencia\u201d, coment\u00f3 Jessica Saade, gerente de Asuntos P\u00fablicos.<\/p>\n<p>Las \u00e1reas con las que cada a\u00f1o Grupo Bepensa logra resaltar son las de innovaci\u00f3n, conservaci\u00f3n de los recursos, econom\u00eda circular, desarrollo social, fomento e impulso a la activaci\u00f3n f\u00edsica por mencionar algunas.<\/p>\n<p>&nbsp;<\/p>\n","protected":false},"excerpt":{"rendered":"<p>&nbsp; &nbsp; Con una trayectoria de 15 a\u00f1os como Empresa Socialmente Responsable avalados por el Centro&hellip;<\/p>\n","protected":false},"author":100,"featured_media":74593,"comment_status":"closed","ping_status":"closed","sticky":false,"template":"","format":"standard","meta":{"_acf_changed":false,"_lmt_disableupdate":"","_lmt_disable":"","_mbp_gutenberg_autopost":false,"footnotes":""},"categories":[38],"tags":[],"class_list":["post-74657","post","type-post","status-publish","format-standard","has-post-thumbnail","hentry","category-en-la-21-y-otras-latitudes"],"acf":[],"_links":{"self":[{"href":"https:\/\/l21.mx\/index.php?rest_route=\/wp\/v2\/posts\/74657","targetHints":{"allow":["GET"]}}],"collection":[{"href":"https:\/\/l21.mx\/index.php?rest_route=\/wp\/v2\/posts"}],"about":[{"href":"https:\/\/l21.mx\/index.php?rest_route=\/wp\/v2\/types\/post"}],"author":[{"embeddable":true,"href":"https:\/\/l21.mx\/index.php?rest_route=\/wp\/v2\/users\/100"}],"replies":[{"embeddable":true,"href":"https:\/\/l21.mx\/index.php?rest_route=%2Fwp%2Fv2%2Fcomments&post=74657"}],"version-history":[{"count":0,"href":"https:\/\/l21.mx\/index.php?rest_route=\/wp\/v2\/posts\/74657\/revisions"}],"wp:featuredmedia":[{"embeddable":true,"href":"https:\/\/l21.mx\/index.php?rest_route=\/wp\/v2\/media\/74593"}],"wp:attachment":[{"href":"https:\/\/l21.mx\/index.php?rest_route=%2Fwp%2Fv2%2Fmedia&parent=74657"}],"wp:term":[{"taxonomy":"category","embeddable":true,"href":"https:\/\/l21.mx\/index.php?rest_route=%2Fwp%2Fv2%2Fcategories&post=74657"},{"taxonomy":"post_tag","embeddable":true,"href":"https:\/\/l21.mx\/index.php?rest_route=%2Fwp%2Fv2%2Ftags&post=74657"}],"curies":[{"name":"wp","href":"https:\/\/api.w.org\/{rel}","templated":true}]}}