{"id":75357,"date":"2024-06-27T15:11:54","date_gmt":"2024-06-27T20:11:54","guid":{"rendered":"https:\/\/l21.mx\/?p=75357"},"modified":"2024-06-27T15:11:54","modified_gmt":"2024-06-27T20:11:54","slug":"juventud-playense-disfruta-de-importantes-conferencistas-para-su-empoderamiento","status":"publish","type":"post","link":"https:\/\/l21.mx\/?p=75357","title":{"rendered":"Juventud playense disfruta de importantes conferencistas para su empoderamiento"},"content":{"rendered":"<p>&nbsp;<\/p>\n<p>Playa del Carmen, Solidaridad a 27 de junio del 2024.- Da inicio el primer Foro Juvenil con la conferencia de Yordi Rosado. Evento realizado por el Ayuntamiento de Solidaridad dirigido por Lili Campos a trav\u00e9s del Instituto de la Juventud para impulsar el liderazgo de las nuevas generaciones.<\/p>\n<p><a href=\"https:\/\/l21.mx\/wp-content\/uploads\/2024\/06\/WhatsApp-Image-2024-06-27-at-2.38.10-PM-1.jpeg\" data-rel=\"penci-gallery-image-content\" ><img fetchpriority=\"high\" decoding=\"async\" class=\"alignnone size-medium wp-image-75362\" src=\"https:\/\/l21.mx\/wp-content\/uploads\/2024\/06\/WhatsApp-Image-2024-06-27-at-2.38.10-PM-1-300x200.jpeg\" alt=\"\" width=\"300\" height=\"200\" srcset=\"https:\/\/l21.mx\/wp-content\/uploads\/2024\/06\/WhatsApp-Image-2024-06-27-at-2.38.10-PM-1-300x200.jpeg 300w, https:\/\/l21.mx\/wp-content\/uploads\/2024\/06\/WhatsApp-Image-2024-06-27-at-2.38.10-PM-1-1024x682.jpeg 1024w, https:\/\/l21.mx\/wp-content\/uploads\/2024\/06\/WhatsApp-Image-2024-06-27-at-2.38.10-PM-1-768x512.jpeg 768w, https:\/\/l21.mx\/wp-content\/uploads\/2024\/06\/WhatsApp-Image-2024-06-27-at-2.38.10-PM-1-1170x780.jpeg 1170w, https:\/\/l21.mx\/wp-content\/uploads\/2024\/06\/WhatsApp-Image-2024-06-27-at-2.38.10-PM-1-585x390.jpeg 585w, https:\/\/l21.mx\/wp-content\/uploads\/2024\/06\/WhatsApp-Image-2024-06-27-at-2.38.10-PM-1-263x175.jpeg 263w, https:\/\/l21.mx\/wp-content\/uploads\/2024\/06\/WhatsApp-Image-2024-06-27-at-2.38.10-PM-1.jpeg 1280w\" sizes=\"(max-width: 300px) 100vw, 300px\" \/><\/a><br \/>\nDurante la apertura del foro Lili Campos enfatiz\u00f3 ante la juventud reunida en el Auditorio Poliforum, \u00abaprovechen este foro con conferencistas de talla internacional, realizado especialmente para empoderarlos a todos\u00bb.<\/p>\n<p><a href=\"https:\/\/l21.mx\/wp-content\/uploads\/2024\/06\/WhatsApp-Image-2024-06-27-at-2.38.11-PM-1.jpeg\" data-rel=\"penci-gallery-image-content\" ><img decoding=\"async\" class=\"alignnone size-medium wp-image-75359\" src=\"https:\/\/l21.mx\/wp-content\/uploads\/2024\/06\/WhatsApp-Image-2024-06-27-at-2.38.11-PM-1-300x212.jpeg\" alt=\"\" width=\"300\" height=\"212\" srcset=\"https:\/\/l21.mx\/wp-content\/uploads\/2024\/06\/WhatsApp-Image-2024-06-27-at-2.38.11-PM-1-300x212.jpeg 300w, https:\/\/l21.mx\/wp-content\/uploads\/2024\/06\/WhatsApp-Image-2024-06-27-at-2.38.11-PM-1-1024x725.jpeg 1024w, https:\/\/l21.mx\/wp-content\/uploads\/2024\/06\/WhatsApp-Image-2024-06-27-at-2.38.11-PM-1-768x544.jpeg 768w, https:\/\/l21.mx\/wp-content\/uploads\/2024\/06\/WhatsApp-Image-2024-06-27-at-2.38.11-PM-1-1170x828.jpeg 1170w, https:\/\/l21.mx\/wp-content\/uploads\/2024\/06\/WhatsApp-Image-2024-06-27-at-2.38.11-PM-1-585x414.jpeg 585w, https:\/\/l21.mx\/wp-content\/uploads\/2024\/06\/WhatsApp-Image-2024-06-27-at-2.38.11-PM-1.jpeg 1280w\" sizes=\"(max-width: 300px) 100vw, 300px\" \/><\/a><br \/>\nYordi Rosado abri\u00f3 su conferencia con la pregunta, cu\u00e1nto apostar\u00edas por ti mismo, durante el desarrollo de la conferencia enfatiz\u00f3 la importancia de la autoestima, aceptar nuestras caracter\u00edsticas y cualidades, siendo la actitud lo que hace la diferencia de enfrentar la vida diaria en todos los aspectos de la vida.<\/p>\n<p><a href=\"https:\/\/l21.mx\/wp-content\/uploads\/2024\/06\/WhatsApp-Image-2024-06-27-at-2.38.11-PM.jpeg\" data-rel=\"penci-gallery-image-content\" ><img decoding=\"async\" class=\"alignnone size-medium wp-image-75358\" src=\"https:\/\/l21.mx\/wp-content\/uploads\/2024\/06\/WhatsApp-Image-2024-06-27-at-2.38.11-PM-200x300.jpeg\" alt=\"\" width=\"200\" height=\"300\" srcset=\"https:\/\/l21.mx\/wp-content\/uploads\/2024\/06\/WhatsApp-Image-2024-06-27-at-2.38.11-PM-200x300.jpeg 200w, https:\/\/l21.mx\/wp-content\/uploads\/2024\/06\/WhatsApp-Image-2024-06-27-at-2.38.11-PM-682x1024.jpeg 682w, https:\/\/l21.mx\/wp-content\/uploads\/2024\/06\/WhatsApp-Image-2024-06-27-at-2.38.11-PM-768x1152.jpeg 768w, https:\/\/l21.mx\/wp-content\/uploads\/2024\/06\/WhatsApp-Image-2024-06-27-at-2.38.11-PM-585x878.jpeg 585w, https:\/\/l21.mx\/wp-content\/uploads\/2024\/06\/WhatsApp-Image-2024-06-27-at-2.38.11-PM.jpeg 853w\" sizes=\"(max-width: 200px) 100vw, 200px\" \/><\/a><\/p>\n","protected":false},"excerpt":{"rendered":"<p>&nbsp; Playa del Carmen, Solidaridad a 27 de junio del 2024.- Da inicio el primer Foro&hellip;<\/p>\n","protected":false},"author":100,"featured_media":75360,"comment_status":"closed","ping_status":"closed","sticky":false,"template":"","format":"standard","meta":{"_acf_changed":false,"_lmt_disableupdate":"","_lmt_disable":"","_mbp_gutenberg_autopost":false,"footnotes":""},"categories":[1654],"tags":[],"class_list":["post-75357","post","type-post","status-publish","format-standard","has-post-thumbnail","hentry","category-solidaridad"],"acf":[],"_links":{"self":[{"href":"https:\/\/l21.mx\/index.php?rest_route=\/wp\/v2\/posts\/75357","targetHints":{"allow":["GET"]}}],"collection":[{"href":"https:\/\/l21.mx\/index.php?rest_route=\/wp\/v2\/posts"}],"about":[{"href":"https:\/\/l21.mx\/index.php?rest_route=\/wp\/v2\/types\/post"}],"author":[{"embeddable":true,"href":"https:\/\/l21.mx\/index.php?rest_route=\/wp\/v2\/users\/100"}],"replies":[{"embeddable":true,"href":"https:\/\/l21.mx\/index.php?rest_route=%2Fwp%2Fv2%2Fcomments&post=75357"}],"version-history":[{"count":0,"href":"https:\/\/l21.mx\/index.php?rest_route=\/wp\/v2\/posts\/75357\/revisions"}],"wp:featuredmedia":[{"embeddable":true,"href":"https:\/\/l21.mx\/index.php?rest_route=\/wp\/v2\/media\/75360"}],"wp:attachment":[{"href":"https:\/\/l21.mx\/index.php?rest_route=%2Fwp%2Fv2%2Fmedia&parent=75357"}],"wp:term":[{"taxonomy":"category","embeddable":true,"href":"https:\/\/l21.mx\/index.php?rest_route=%2Fwp%2Fv2%2Fcategories&post=75357"},{"taxonomy":"post_tag","embeddable":true,"href":"https:\/\/l21.mx\/index.php?rest_route=%2Fwp%2Fv2%2Ftags&post=75357"}],"curies":[{"name":"wp","href":"https:\/\/api.w.org\/{rel}","templated":true}]}}