{"id":75682,"date":"2024-07-01T12:06:27","date_gmt":"2024-07-01T17:06:27","guid":{"rendered":"https:\/\/l21.mx\/?p=75682"},"modified":"2024-07-01T12:06:27","modified_gmt":"2024-07-01T17:06:27","slug":"permanencia-lasallista-capital-humano-comprometido","status":"publish","type":"post","link":"https:\/\/l21.mx\/?p=75682","title":{"rendered":"Permanencia Lasallista:\u00a0Capital humano comprometido"},"content":{"rendered":"<p>&nbsp;<\/p>\n<p>&nbsp;<\/p>\n<p><em>Entregan reconocimientos a personal docente, operativo, administrativo y de servicios generales con muchos a\u00f1os de labor ininterrumpida<\/em><\/p>\n<p><a href=\"https:\/\/l21.mx\/wp-content\/uploads\/2024\/07\/La-salle-rector.jpg\" data-rel=\"penci-gallery-image-content\" ><img fetchpriority=\"high\" decoding=\"async\" class=\"alignnone size-medium wp-image-75589\" src=\"https:\/\/l21.mx\/wp-content\/uploads\/2024\/07\/La-salle-rector-300x200.jpg\" alt=\"\" width=\"300\" height=\"200\" srcset=\"https:\/\/l21.mx\/wp-content\/uploads\/2024\/07\/La-salle-rector-300x200.jpg 300w, https:\/\/l21.mx\/wp-content\/uploads\/2024\/07\/La-salle-rector-1024x683.jpg 1024w, https:\/\/l21.mx\/wp-content\/uploads\/2024\/07\/La-salle-rector-768x512.jpg 768w, https:\/\/l21.mx\/wp-content\/uploads\/2024\/07\/La-salle-rector-1170x780.jpg 1170w, https:\/\/l21.mx\/wp-content\/uploads\/2024\/07\/La-salle-rector-585x390.jpg 585w, https:\/\/l21.mx\/wp-content\/uploads\/2024\/07\/La-salle-rector-263x175.jpg 263w, https:\/\/l21.mx\/wp-content\/uploads\/2024\/07\/La-salle-rector.jpg 1500w\" sizes=\"(max-width: 300px) 100vw, 300px\" \/><\/a><\/p>\n<p>Para agradecer su valioso trabajo, dedicaci\u00f3n y profesionalismo que ponen en alto el nombre de la Universidad La Salle Canc\u00fan, directivos de esta instituci\u00f3n entregaron reconocimientos a personal de las \u00e1reas de docencia, operativo, administrativo y servicios generales que cumplieron 5, 10, 15, 20, 25 y 30 a\u00f1os de Permanencia Lasallista de forma ininterrumpida.<\/p>\n<p>El evento estuvo encabezado por el rector, Efra\u00edn Calder\u00f3n Amaya, quien reconoci\u00f3 y agradeci\u00f3 el trabajo diario del personal, as\u00ed como su labor con la misi\u00f3n educativa de San Juan Bautista La Salle, fundador de la instituci\u00f3n.<\/p>\n<p>Elogi\u00f3 el compromiso de cada uno, en sus respectivas \u00e1reas, lo cual ha sido fundamental para que La Salle sea considerada como una instituci\u00f3n de excelencia.<\/p>\n<p>Coment\u00f3 que la tarea cotidiana de los colaboradores es un esfuerzo de comunidad, y les record\u00f3 que no termina en la escuela, sino que contin\u00faa m\u00e1s all\u00e1 de las instalaciones, abarcando a sus familias, amigos y a la sociedad.<\/p>\n<p>Se mostr\u00f3 muy orgulloso de la comunidad que forman, y los invit\u00f3 a seguir trabajando, \u201ccomprometidos a mejorar en nuestra misi\u00f3n, que es formar personas \u00edntegras\u201d.<\/p>\n<p><a href=\"https:\/\/l21.mx\/wp-content\/uploads\/2024\/07\/La-salle-0.jpg\" data-rel=\"penci-gallery-image-content\" ><img decoding=\"async\" class=\"alignnone size-medium wp-image-75587\" src=\"https:\/\/l21.mx\/wp-content\/uploads\/2024\/07\/La-salle-0-300x200.jpg\" alt=\"\" width=\"300\" height=\"200\" srcset=\"https:\/\/l21.mx\/wp-content\/uploads\/2024\/07\/La-salle-0-300x200.jpg 300w, https:\/\/l21.mx\/wp-content\/uploads\/2024\/07\/La-salle-0-1024x683.jpg 1024w, https:\/\/l21.mx\/wp-content\/uploads\/2024\/07\/La-salle-0-768x512.jpg 768w, https:\/\/l21.mx\/wp-content\/uploads\/2024\/07\/La-salle-0-1170x780.jpg 1170w, https:\/\/l21.mx\/wp-content\/uploads\/2024\/07\/La-salle-0-585x390.jpg 585w, https:\/\/l21.mx\/wp-content\/uploads\/2024\/07\/La-salle-0-263x175.jpg 263w, https:\/\/l21.mx\/wp-content\/uploads\/2024\/07\/La-salle-0.jpg 1500w\" sizes=\"(max-width: 300px) 100vw, 300px\" \/><\/a><\/p>\n<h4><strong>Piezas clave de un gran engranaje<\/strong><\/h4>\n<p>Agreg\u00f3 que una instituci\u00f3n se fortalece gracias al apoyo y compromiso de las personas que la conforman, porque ellas son el motor, alma y esp\u00edritu, por lo que, sin duda, el capital humano con el que cuentan es un pilar y una de las herencias m\u00e1s ricas como lasallistas.<\/p>\n<p>Record\u00f3 que la universidad la Salle Canc\u00fan y la Escuela la Salle Playa del Carmen, a lo largo de estos a\u00f1os, han dado respuesta a las grandes demandas de nuestra sociedad, ofreciendo una educaci\u00f3n de calidad, integradora, inclusiva, respetuosa y plural, que promueve el humanismo cristiano inspirado en el carisma de su fundador, San Juan Bautista La Salle.<\/p>\n<p>Mencion\u00f3 que cada vez m\u00e1s sus colaboradores deben fortalecer la creatividad, la innovaci\u00f3n y la entrega, ejerciendo liderazgo, para la creaci\u00f3n de una sociedad m\u00e1s justa, equitativa, incluyente y sustentable.<\/p>\n<p>A todos los colaboradores les record\u00f3 que su labor es el engrane de cada \u00e1rea, y es lo que hace que esta casa de estudios brinde un servicio desde la fe, la fraternidad y el servicio.<\/p>\n<p>Durante 33 a\u00f1os, desde su fundaci\u00f3n en 1991, La Salle Canc\u00fan ha trabajado para que cada alumno, egresado, docente y colaborador sea el reflejo de la filosof\u00eda lasallista, siendo generadores de cambio.<\/p>\n<p>&nbsp;<\/p>\n<p>&nbsp;<\/p>\n<p>:::::::::::::::<\/p>\n<p>33 a\u00f1os<\/p>\n<p>tiene La Salle Canc\u00fan, ofreciendo educaci\u00f3n de calidad y un servicio a la comunidad<\/p>\n","protected":false},"excerpt":{"rendered":"<p>&nbsp; &nbsp; Entregan reconocimientos a personal docente, operativo, administrativo y de servicios generales con muchos a\u00f1os&hellip;<\/p>\n","protected":false},"author":100,"featured_media":75591,"comment_status":"closed","ping_status":"closed","sticky":false,"template":"","format":"standard","meta":{"_acf_changed":false,"_lmt_disableupdate":"","_lmt_disable":"","_mbp_gutenberg_autopost":false,"footnotes":""},"categories":[23,1656],"tags":[],"class_list":["post-75682","post","type-post","status-publish","format-standard","has-post-thumbnail","hentry","category-noticias","category-quintana-roo"],"acf":[],"_links":{"self":[{"href":"https:\/\/l21.mx\/index.php?rest_route=\/wp\/v2\/posts\/75682","targetHints":{"allow":["GET"]}}],"collection":[{"href":"https:\/\/l21.mx\/index.php?rest_route=\/wp\/v2\/posts"}],"about":[{"href":"https:\/\/l21.mx\/index.php?rest_route=\/wp\/v2\/types\/post"}],"author":[{"embeddable":true,"href":"https:\/\/l21.mx\/index.php?rest_route=\/wp\/v2\/users\/100"}],"replies":[{"embeddable":true,"href":"https:\/\/l21.mx\/index.php?rest_route=%2Fwp%2Fv2%2Fcomments&post=75682"}],"version-history":[{"count":0,"href":"https:\/\/l21.mx\/index.php?rest_route=\/wp\/v2\/posts\/75682\/revisions"}],"wp:featuredmedia":[{"embeddable":true,"href":"https:\/\/l21.mx\/index.php?rest_route=\/wp\/v2\/media\/75591"}],"wp:attachment":[{"href":"https:\/\/l21.mx\/index.php?rest_route=%2Fwp%2Fv2%2Fmedia&parent=75682"}],"wp:term":[{"taxonomy":"category","embeddable":true,"href":"https:\/\/l21.mx\/index.php?rest_route=%2Fwp%2Fv2%2Fcategories&post=75682"},{"taxonomy":"post_tag","embeddable":true,"href":"https:\/\/l21.mx\/index.php?rest_route=%2Fwp%2Fv2%2Ftags&post=75682"}],"curies":[{"name":"wp","href":"https:\/\/api.w.org\/{rel}","templated":true}]}}