{"id":75729,"date":"2024-07-01T13:10:58","date_gmt":"2024-07-01T18:10:58","guid":{"rendered":"https:\/\/l21.mx\/?p=75729"},"modified":"2024-07-01T13:10:58","modified_gmt":"2024-07-01T18:10:58","slug":"merecido-galardon-a-miguel-quintana-pali","status":"publish","type":"post","link":"https:\/\/l21.mx\/?p=75729","title":{"rendered":"Merecido galard\u00f3n a Miguel Quintana Pali"},"content":{"rendered":"<p>&nbsp;<\/p>\n<p>En el marco de su 30 aniversario, la Universidad Euro Hispanoamericana otorg\u00f3 el Doctorado Honoris Causa al arquitecto Miguel Quintana Pali, como reconocimiento a su trayectoria y contribuci\u00f3n al desarrollo tur\u00edstico nacional e internacional.<\/p>\n<p><a href=\"https:\/\/l21.mx\/wp-content\/uploads\/2024\/07\/Merecido-galardon-1.jpg\" data-rel=\"penci-gallery-image-content\" ><img fetchpriority=\"high\" decoding=\"async\" class=\"alignnone size-medium wp-image-75602\" src=\"https:\/\/l21.mx\/wp-content\/uploads\/2024\/07\/Merecido-galardon-1-300x200.jpg\" alt=\"\" width=\"300\" height=\"200\" srcset=\"https:\/\/l21.mx\/wp-content\/uploads\/2024\/07\/Merecido-galardon-1-300x200.jpg 300w, https:\/\/l21.mx\/wp-content\/uploads\/2024\/07\/Merecido-galardon-1-1024x683.jpg 1024w, https:\/\/l21.mx\/wp-content\/uploads\/2024\/07\/Merecido-galardon-1-768x512.jpg 768w, https:\/\/l21.mx\/wp-content\/uploads\/2024\/07\/Merecido-galardon-1-1170x780.jpg 1170w, https:\/\/l21.mx\/wp-content\/uploads\/2024\/07\/Merecido-galardon-1-585x390.jpg 585w, https:\/\/l21.mx\/wp-content\/uploads\/2024\/07\/Merecido-galardon-1-263x175.jpg 263w, https:\/\/l21.mx\/wp-content\/uploads\/2024\/07\/Merecido-galardon-1.jpg 1500w\" sizes=\"(max-width: 300px) 100vw, 300px\" \/><\/a><\/p>\n<p>Este empresario, pionero de Quintana Roo, fundador del Grupo Xcaret, ha demostrado ser un l\u00edder ejemplar, visionario, dejando una huella indeleble en nuestra sociedad, a trav\u00e9s de su inspiraci\u00f3n, su labor arquitect\u00f3nica y su compromiso con la sostenibilidad y el desarrollo pr\u00f3spero de las comunidades de Quintana Roo y Yucat\u00e1n, donde se representan con total respeto a los derechos humanos, las tradiciones milenarias de la cultura de los pueblos originarios de la regi\u00f3n dentro de parques tem\u00e1ticos que han creado gran impacto a nivel internacional.<\/p>\n<p>Ruth Mar\u00eda Rodr\u00edguez P\u00e9rez, rectora de la instituci\u00f3n, destac\u00f3 que este reconocimiento refleja su indiscutible excelencia y aportaci\u00f3n a la humanidad a trav\u00e9s de la amplia promoci\u00f3n de nuestra cultura, gastronom\u00eda, arte y folclor, destacando un gran amor por M\u00e9xico, principalmente el sector del turismo y el entretenimiento que, a trav\u00e9s de los parques, ha dado a conocer a todo el mundo.<\/p>\n<p>&nbsp;<\/p>\n","protected":false},"excerpt":{"rendered":"<p>&nbsp; En el marco de su 30 aniversario, la Universidad Euro Hispanoamericana otorg\u00f3 el Doctorado Honoris&hellip;<\/p>\n","protected":false},"author":100,"featured_media":75603,"comment_status":"closed","ping_status":"closed","sticky":false,"template":"","format":"standard","meta":{"_acf_changed":false,"_lmt_disableupdate":"","_lmt_disable":"","_mbp_gutenberg_autopost":false,"footnotes":""},"categories":[38],"tags":[],"class_list":["post-75729","post","type-post","status-publish","format-standard","has-post-thumbnail","hentry","category-en-la-21-y-otras-latitudes"],"acf":[],"_links":{"self":[{"href":"https:\/\/l21.mx\/index.php?rest_route=\/wp\/v2\/posts\/75729","targetHints":{"allow":["GET"]}}],"collection":[{"href":"https:\/\/l21.mx\/index.php?rest_route=\/wp\/v2\/posts"}],"about":[{"href":"https:\/\/l21.mx\/index.php?rest_route=\/wp\/v2\/types\/post"}],"author":[{"embeddable":true,"href":"https:\/\/l21.mx\/index.php?rest_route=\/wp\/v2\/users\/100"}],"replies":[{"embeddable":true,"href":"https:\/\/l21.mx\/index.php?rest_route=%2Fwp%2Fv2%2Fcomments&post=75729"}],"version-history":[{"count":0,"href":"https:\/\/l21.mx\/index.php?rest_route=\/wp\/v2\/posts\/75729\/revisions"}],"wp:featuredmedia":[{"embeddable":true,"href":"https:\/\/l21.mx\/index.php?rest_route=\/wp\/v2\/media\/75603"}],"wp:attachment":[{"href":"https:\/\/l21.mx\/index.php?rest_route=%2Fwp%2Fv2%2Fmedia&parent=75729"}],"wp:term":[{"taxonomy":"category","embeddable":true,"href":"https:\/\/l21.mx\/index.php?rest_route=%2Fwp%2Fv2%2Fcategories&post=75729"},{"taxonomy":"post_tag","embeddable":true,"href":"https:\/\/l21.mx\/index.php?rest_route=%2Fwp%2Fv2%2Ftags&post=75729"}],"curies":[{"name":"wp","href":"https:\/\/api.w.org\/{rel}","templated":true}]}}