{"id":75733,"date":"2024-07-01T13:11:52","date_gmt":"2024-07-01T18:11:52","guid":{"rendered":"https:\/\/l21.mx\/?p=75733"},"modified":"2024-07-01T13:11:52","modified_gmt":"2024-07-01T18:11:52","slug":"un-destino-mejor-conectado-con-gignet","status":"publish","type":"post","link":"https:\/\/l21.mx\/?p=75733","title":{"rendered":"Un destino mejor conectado con GigNet"},"content":{"rendered":"<p>&nbsp;<\/p>\n<p>&nbsp;<\/p>\n<p>GigNet, compa\u00f1\u00eda de infraestructura digital que est\u00e1 estableciendo un nuevo est\u00e1ndar internacional de conectividad en el Caribe Mexicano, firm\u00f3 un convenio con la Asociaci\u00f3n de Administradores Profesionales de Renta Vacacional (Apar), con el fin de elevar la calidad del servicio de internet para los turistas.<\/p>\n<p>Esta nueva alianza estrat\u00e9gica del corporativo se suma a las que ya han establecido con otras asociaciones y c\u00e1maras empresariales en Quintana Roo, como Acluvaq y la AMPI.<\/p>\n<p>Luis de Potestad, vicepresidente de Relaciones Institucionales y Proyectos Especiales de GigNet, explic\u00f3 que el sector de rentas vacacionales ocupa un amplio porcentaje en la industria tur\u00edstica.<\/p>\n<p>\u201cUna tercera parte de la hoteler\u00eda total es renta vacacional. De los cerca de 900 mil cuartos hoteleros en el pa\u00eds, aproximadamente 300 mil corresponden a esta modalidad. Y en Quintana Roo esta proporci\u00f3n es a\u00fan mayor: de los 130 mil cuartos de hotel disponibles, alrededor de 65 mil corresponden a renta vacacional\u201d, detall\u00f3.<\/p>\n<p>Por eso, justific\u00f3 la importancia de este convenio con Apar, que se reflejar\u00e1 en que cada habitaci\u00f3n tendr\u00e1 conectividad de alta tecnolog\u00eda.<\/p>\n<p>Reiter\u00f3 su compromiso con seguir elevando la calidad del destino en materia de conectividad, no s\u00f3lo en el sector privado, en la hoteler\u00eda, sino tambi\u00e9n en el residencial y de manera p\u00fablica.<\/p>\n","protected":false},"excerpt":{"rendered":"<p>&nbsp; &nbsp; GigNet, compa\u00f1\u00eda de infraestructura digital que est\u00e1 estableciendo un nuevo est\u00e1ndar internacional de conectividad&hellip;<\/p>\n","protected":false},"author":100,"featured_media":75605,"comment_status":"closed","ping_status":"closed","sticky":false,"template":"","format":"standard","meta":{"_acf_changed":false,"_lmt_disableupdate":"","_lmt_disable":"","_mbp_gutenberg_autopost":false,"footnotes":""},"categories":[38],"tags":[],"class_list":["post-75733","post","type-post","status-publish","format-standard","has-post-thumbnail","hentry","category-en-la-21-y-otras-latitudes"],"acf":[],"_links":{"self":[{"href":"https:\/\/l21.mx\/index.php?rest_route=\/wp\/v2\/posts\/75733","targetHints":{"allow":["GET"]}}],"collection":[{"href":"https:\/\/l21.mx\/index.php?rest_route=\/wp\/v2\/posts"}],"about":[{"href":"https:\/\/l21.mx\/index.php?rest_route=\/wp\/v2\/types\/post"}],"author":[{"embeddable":true,"href":"https:\/\/l21.mx\/index.php?rest_route=\/wp\/v2\/users\/100"}],"replies":[{"embeddable":true,"href":"https:\/\/l21.mx\/index.php?rest_route=%2Fwp%2Fv2%2Fcomments&post=75733"}],"version-history":[{"count":0,"href":"https:\/\/l21.mx\/index.php?rest_route=\/wp\/v2\/posts\/75733\/revisions"}],"wp:featuredmedia":[{"embeddable":true,"href":"https:\/\/l21.mx\/index.php?rest_route=\/wp\/v2\/media\/75605"}],"wp:attachment":[{"href":"https:\/\/l21.mx\/index.php?rest_route=%2Fwp%2Fv2%2Fmedia&parent=75733"}],"wp:term":[{"taxonomy":"category","embeddable":true,"href":"https:\/\/l21.mx\/index.php?rest_route=%2Fwp%2Fv2%2Fcategories&post=75733"},{"taxonomy":"post_tag","embeddable":true,"href":"https:\/\/l21.mx\/index.php?rest_route=%2Fwp%2Fv2%2Ftags&post=75733"}],"curies":[{"name":"wp","href":"https:\/\/api.w.org\/{rel}","templated":true}]}}