{"id":75737,"date":"2024-07-01T13:12:49","date_gmt":"2024-07-01T18:12:49","guid":{"rendered":"https:\/\/l21.mx\/?p=75737"},"modified":"2024-07-01T13:12:49","modified_gmt":"2024-07-01T18:12:49","slug":"reconocen-compromiso-social-de-atelier-de-hoteles","status":"publish","type":"post","link":"https:\/\/l21.mx\/?p=75737","title":{"rendered":"Reconocen compromiso social de ATELIER de Hoteles"},"content":{"rendered":"<p>&nbsp;<\/p>\n<p>&nbsp;<\/p>\n<p>ATELIER de Hoteles, el grupo hotelero mexicano reconocido por sus innovadores conceptos de Hospitalidad Hecha a Mano y Servicio Adictivo, recibi\u00f3 por segundo a\u00f1o consecutivo el distintivo Empresa Socialmente Responsable, por parte del Centro Mexicano para la Filantrop\u00eda (CEMEFI).<\/p>\n<p>El distintivo, que se entreg\u00f3 en el marco del XVII Encuentro Latinoamericano de Empresas Socialmente Responsables, acredita a ATELIER De Hoteles como una organizaci\u00f3n comprometida, voluntariamente, con una gesti\u00f3n social responsable, como parte de la cultura y estrategia de negocio.<\/p>\n<p>Este reconocimiento fue entregado a 1,070 empresas en M\u00e9xico, de las cuales s\u00f3lo 15 fueron de Quintana Roo.<\/p>\n<p>\u201cPara ATELIER de Hoteles es muy importante el recibir este distintivo a la responsabilidad social, ya que reconocemos como prioridad el contar con un esquema empresarial comprometido con todas nuestras audiencias, como lo son los hu\u00e9spedes, colaboradores, proveedores, la comunidad y el gobierno\u201d, mencion\u00f3 Oliver Reinhart, CEO de GrupoBD, corporativo que incluye a ATELIER de Hoteles.<\/p>\n","protected":false},"excerpt":{"rendered":"<p>&nbsp; &nbsp; ATELIER de Hoteles, el grupo hotelero mexicano reconocido por sus innovadores conceptos de Hospitalidad&hellip;<\/p>\n","protected":false},"author":100,"featured_media":75604,"comment_status":"closed","ping_status":"closed","sticky":false,"template":"","format":"standard","meta":{"_acf_changed":false,"_lmt_disableupdate":"","_lmt_disable":"","_mbp_gutenberg_autopost":false,"footnotes":""},"categories":[38],"tags":[],"class_list":["post-75737","post","type-post","status-publish","format-standard","has-post-thumbnail","hentry","category-en-la-21-y-otras-latitudes"],"acf":[],"_links":{"self":[{"href":"https:\/\/l21.mx\/index.php?rest_route=\/wp\/v2\/posts\/75737","targetHints":{"allow":["GET"]}}],"collection":[{"href":"https:\/\/l21.mx\/index.php?rest_route=\/wp\/v2\/posts"}],"about":[{"href":"https:\/\/l21.mx\/index.php?rest_route=\/wp\/v2\/types\/post"}],"author":[{"embeddable":true,"href":"https:\/\/l21.mx\/index.php?rest_route=\/wp\/v2\/users\/100"}],"replies":[{"embeddable":true,"href":"https:\/\/l21.mx\/index.php?rest_route=%2Fwp%2Fv2%2Fcomments&post=75737"}],"version-history":[{"count":0,"href":"https:\/\/l21.mx\/index.php?rest_route=\/wp\/v2\/posts\/75737\/revisions"}],"wp:featuredmedia":[{"embeddable":true,"href":"https:\/\/l21.mx\/index.php?rest_route=\/wp\/v2\/media\/75604"}],"wp:attachment":[{"href":"https:\/\/l21.mx\/index.php?rest_route=%2Fwp%2Fv2%2Fmedia&parent=75737"}],"wp:term":[{"taxonomy":"category","embeddable":true,"href":"https:\/\/l21.mx\/index.php?rest_route=%2Fwp%2Fv2%2Fcategories&post=75737"},{"taxonomy":"post_tag","embeddable":true,"href":"https:\/\/l21.mx\/index.php?rest_route=%2Fwp%2Fv2%2Ftags&post=75737"}],"curies":[{"name":"wp","href":"https:\/\/api.w.org\/{rel}","templated":true}]}}