{"id":7589,"date":"2014-07-02T12:48:24","date_gmt":"2014-07-02T17:48:24","guid":{"rendered":"http:\/\/innovatori.space\/lat21\/?p=7589"},"modified":"2014-07-02T13:10:42","modified_gmt":"2014-07-02T18:10:42","slug":"holbox","status":"publish","type":"post","link":"https:\/\/l21.mx\/?p=7589","title":{"rendered":"Holbox"},"content":{"rendered":"<p><a href=\"http:\/\/l21.mx\/wp-content\/uploads\/2014\/07\/holbox.jpg\" data-rel=\"penci-gallery-image-content\" ><img fetchpriority=\"high\" decoding=\"async\" class=\"alignleft size-full wp-image-7590\" title=\"holbox\" src=\"http:\/\/l21.mx\/wp-content\/uploads\/2014\/07\/holbox.jpg\" alt=\"\" width=\"1276\" height=\"586\" srcset=\"https:\/\/l21.mx\/wp-content\/uploads\/2014\/07\/holbox.jpg 1276w, https:\/\/l21.mx\/wp-content\/uploads\/2014\/07\/holbox-300x138.jpg 300w, https:\/\/l21.mx\/wp-content\/uploads\/2014\/07\/holbox-1024x470.jpg 1024w, https:\/\/l21.mx\/wp-content\/uploads\/2014\/07\/holbox-768x353.jpg 768w, https:\/\/l21.mx\/wp-content\/uploads\/2014\/07\/holbox-1170x537.jpg 1170w, https:\/\/l21.mx\/wp-content\/uploads\/2014\/07\/holbox-585x269.jpg 585w\" sizes=\"(max-width: 1276px) 100vw, 1276px\" \/><\/a><\/p>\n<h1 style=\"text-align: center;\"><span style=\"color: #0000ff;\"><strong><a href=\"http:\/\/l21.mx\/wp-content\/uploads\/2014\/07\/frente-a-frente.pdf\"><span style=\"color: #0000ff;\">Frente a frente<\/span><\/a><\/strong><\/span><\/h1>\n<p>La reciente, y al parecer fugaz, pol\u00e9mica en torno al proyecto residencial-tur\u00edstico La Ensenada, en la isla de Holbox, zona de influencia del \u00c1rea Natural Protegida de Yum-Balam, encendi\u00f3 una vez m\u00e1s las alertas en torno a las relaciones peligrosas que se ciernen entre propietarios de tierras, en este caso ejidales, y empresas y empresarios dispuestos al desarrollo y la inversi\u00f3n al costo que sea.<\/p>\n<p>La din\u00e1mica, que es constante en Quintana Roo y el resto del pa\u00eds, pone en situaci\u00f3n de alta vulnerabilidad no solo a los propietarios de las tierras y ejidatarios, sino a las propias zonas susceptibles de desarrollo, y m\u00e1s a\u00fan si estas se consideran\u00a0 dentro de \u00e1reas naturales\u00a0 protegidas.<\/p>\n<p>Aunque la Secretar\u00eda del Medio Ambiente y Recursos Naturales (Semarnat), en el estado confirm\u00f3 la suspensi\u00f3n del promovente -Pen\u00ednsula Maya Developments- para la obtenci\u00f3n de la Manifestaci\u00f3n de Impacto Ambiental (MIA), sirva el caso, que a\u00fan no termina pues se puede volver a retomar, para establecer las reglas del juego y evitar en lo futuro se sigan dando situaciones como \u00e9sta.<\/p>\n<p style=\"text-align: center;\"><strong>La disputa<\/strong><\/p>\n<p>Aunque se trata de una situaci\u00f3n a\u00f1eja, en junio pasado en el pleno de una asamblea, que para los ejidatarios propietarios originales de tierras en Holbox y para quienes participan en el movimiento \u201cYo defiendo a Holbox\u201d fue ilegal, se determin\u00f3 dividir a la isla en cuatro ejidos, lo que pr\u00e1cticamente dar\u00eda pie al desarrollo del pol\u00e9mico proyecto inmobiliario La Ensenada, a cargo del grupo Pen\u00ednsula Maya Developments (PMD).<\/p>\n<p>En la asamblea, que se llev\u00f3 a cabo en la cabecera municipal del municipio de L\u00e1zaro C\u00e1rdenas y no en la isla, participaron los denominados \u201cejidatarios yucatecos\u201d, a quienes se se\u00f1ala como supuestos prestanombres de los promotores del proyecto.<\/p>\n<p>El consorcio PMD lo encabeza el empresario yucateco Fernando Ponce Garc\u00eda, propietario de Bepensa, embotellador de Coca-Cola en la Pen\u00ednsula de Yucat\u00e1n, quien junto con su yerno Ermilo Castilla y en sociedad con Inmobiliaria ARA pretenden invertir en una primera etapa una cifra estimada en 850 millones de d\u00f3lares en el destino para un importante proyecto inmobiliario.<\/p>\n<p>El plan en la isla contempla entre otras cosas: 875 villas y condominios, 195 habitaciones en tres hoteles, \u00e1rea comercial de tres mil metros, canales y un puerto.<\/p>\n<p>En un proceso de disputa por los terrenos, todos en privilegiada zona costera, los ejidatarios del movimiento \u201cYo defiendo a Holbox\u201d reiteran que fueron despojados de sus tierras a trav\u00e9s de enga\u00f1os.<\/p>\n<p>Adem\u00e1s de la disputa agraria, est\u00e1 tambi\u00e9n la medioambiental, pues aunque el proyecto se presenta como un desarrollo sustentable, que buscar\u00e1 preservar el entorno natural de la isla con el uso \u00fanicamente del 10 por ciento de la superficie, la zona de influencia se encuentra en un \u00e1rea natural protegida.<\/p>\n<h1><strong>Gabriel Mendicuti Lor\u00eda<\/strong><\/h1>\n<h1><strong>Secretario de Gobierno de Q. Roo<\/strong><\/h1>\n<p>\u201cLa problem\u00e1tica en Holbox deriva de un problema de posesi\u00f3n de tierras, es un asunto de intereses. Los ejidatarios originales argumentan que efectivamente vendieron sus terrenos, pero no sus derechos agrarios, en tanto que los compradores indican que ellos adquirieron ambas cosas. En la pol\u00e9mica asamblea se dictamina que los ejidatarios s\u00ed vendieron los derechos agrarios. El vender los derechos agrarios significa que vendieron su t\u00edtulo de ser ejidatario y en consecuencia los compradores son propietarios de toda la tierra del vendedor, incluso si la transacci\u00f3n se refer\u00eda s\u00f3lo a unas cinco a ocho hect\u00e1reas, de un total de 50. Ante la complicaci\u00f3n del caso, que ni a m\u00ed me queda claro, ya se analizan ambas posturas, para revisar, junto con el abogado de los ejidatarios, qu\u00e9 es lo que procede y a qu\u00e9 tienen derecho\u201d.<\/p>\n<h1><strong>Nivardo Mena<\/strong><\/h1>\n<h1><strong>Presidente del comisariado ejidal de Holbox<\/strong><\/h1>\n<p>\u201cLa asamblea que se realiz\u00f3 en junio fue ilegal, con muchos vicios visibles; aunque somos muchos los ejidatarios con derechos agrarios vigentes, nos negaron el ingreso. Hay una fe de hechos notariados en la que se deja constancia de que se nos impidi\u00f3 la entrada y contra eso peleamos, no bajamos la guardia. Las autoridades son mentirosas. S\u00ed se vendieron las tierras a los empresarios, pero no los derechos agrarios, eso es parte del paquete de fraude y enga\u00f1o que armaron los del Registro Agrario Nacional. El despojo se est\u00e1 consumando, pues 98 ejidatarios ya fueron desconocidos, 70 destituidos de manera ilegal, demandamos recuperar sus derechos ejidales. La Ensenada, donde se pretende realizar el proyecto inmobiliario, comprende desde Punta Mosquito hasta el faro de Cabo Catoche. Quieren quedarse con todo, pero los habitantes de Holbox estamos en pie de lucha para impedir este despojo, que pone en riesgo cinco mil hect\u00e1reas\u201d.<\/p>\n<p style=\"text-align: center;\"><strong>Exhorto<\/strong><\/p>\n<p>Legisladores de varios partidos solicitaron a la Comisi\u00f3n Permanente del Congreso de la Uni\u00f3n hacer un exhorto al Ejecutivo federal para que, en coordinaci\u00f3n con el gobierno de Quintana Roo, garantice la conservaci\u00f3n y preservaci\u00f3n del \u00c1rea Natural Protegida de Flora y Fauna Yum-Balam en la isla de Holbox.<\/p>\n<p>En un documento que enviaron al senador Ra\u00fal Cervantes Andrade, presidente de la mesa directiva de la Comisi\u00f3n Permanente, el senador Daniel \u00c1vila Ruiz y otros firmantes solicitan adem\u00e1s que dicha comisi\u00f3n pida a la Procuradur\u00eda Agraria remita un informe de la asamblea ejidal que se realiz\u00f3 en la cabecera municipal de L\u00e1zaro C\u00e1rdenas el 1 de junio pasado.<\/p>\n<p>Se pide que se haga constar si dicha asamblea cumpli\u00f3 con los requisitos establecidos en la Ley Agraria.<\/p>\n<p>Se dio a conocer que la proposici\u00f3n con punto de acuerdo tiene car\u00e1cter de \u201curgente y obvia resoluci\u00f3n\u201d, pues Holbox, isla mexicana ubicada en el extremo norte de Quintana Roo, es una zona con amplia diversidad de flora y fauna y es refugio de especies en peligro de extinci\u00f3n.<\/p>\n<p>Suscriben la petici\u00f3n las senadoras Mariana G\u00f3mez del Campo Gurza, Rosa Adriana D\u00edaz Lizama, Silvia Guadalupe Garza Galv\u00e1n y Laura Ang\u00e9lica Rojas Hern\u00e1ndez, y se unieron nueve legisladores m\u00e1s.<\/p>\n<p>Indican que aunque la Secretar\u00eda del Medio Ambiente y Recursos Naturales (Semarnat) se\u00f1ala que\u00a0 la empresa Pen\u00ednsula Maya Developments retir\u00f3 la solicitud de Manifestaci\u00f3n de Impacto Ambiental del proyecto La Ensenada, que se pretende o pretend\u00eda realizar en la isla, la incertidumbre por la posesi\u00f3n de la tierra sigue latente.<\/p>\n<h1 style=\"text-align: left;\"><strong>Bepensa<\/strong><\/h1>\n<p>La firma embotelladora de Coca-Cola en la Pen\u00ednsula de Yucat\u00e1n, que preside Fernando Ponce Garc\u00eda, dio a conocer a trav\u00e9s de un comunicado: \u201cBepensa no participa en ning\u00fan desarrollo tur\u00edstico en Holbox. Ante las afirmaciones y especulaciones de diversos medios de comunicaci\u00f3n en torno a la participaci\u00f3n de Bepensa en un proyecto de desarrollo tur\u00edstico en la isla de Holbox, esta empresa desea precisar lo siguiente: Bepensa no tiene ninguna participaci\u00f3n accionaria, ni como inversionista, directo o indirecto, en proyecto tur\u00edstico inmobiliario alguno en la isla de Holbox. De igual manera, Bepensa se\u00f1ala que sus actividades empresariales nada tienen que ver con los negocios privados de sus accionistas o socios comerciales, siendo actividades separadas e independientes. Bepensa es una empresa que a trav\u00e9s de sus 67 a\u00f1os de historia sigue comprometida con los estados y las comunidades donde opera, brindando productos y servicios de calidad y contribuyendo a la prosperidad de estos territorios\u201d.<\/p>\n<p>En\u00a0 un intento por ampliar la informaci\u00f3n, el grupo dej\u00f3 en claro que \u201cpor lo que se refiere a Bepensa, no habr\u00eda nada m\u00e1s que a\u00f1adir\u201d.<\/p>\n<h1><strong>Ernesto Enkerlin<\/strong><\/h1>\n<h1><strong>Integrante del CNANP<\/strong><\/h1>\n<p>\u201cEl Consejo Nacional de \u00c1reas Naturales Protegidas (CNANP), organizaciones civiles y ambientales, acad\u00e9micos y ciudadanos hacemos un llamado al presidente Enrique Pe\u00f1a Nieto para retomar el camino en materia de protecci\u00f3n de las \u00e1reas naturales protegidas del pa\u00eds, pues est\u00e1n en grave riesgo. En los \u00faltimos meses se realizan dentro de \u00e1reas naturales una gran cantidad de proyectos que no reciben el tratamiento que marca la ley en t\u00e9rminos de procedimientos de impacto ambiental. El llamado se hace en directo al presidente de M\u00e9xico, pues no\u00a0 queremos que caiga en o\u00eddos sordos y le compete, pues el tema de \u00e1reas naturales protegidas va mucho m\u00e1s all\u00e1 de una sola secretar\u00eda. Aunque en muchos casos la Comisi\u00f3n de \u00c1reas Naturales Protegidas (Conanp) da una opini\u00f3n contraria para la aprobaci\u00f3n del proyecto, ahora vemos que rara vez se toma en consideraci\u00f3n en la decisi\u00f3n final. M\u00e9xico es un ejemplo internacional en \u00e1reas naturales protegidas, con todo y sus problemas generalmente el pa\u00eds ha ganado las batallas a favor de la conservaci\u00f3n. El modelo mexicano funciona; sin embargo, vemos que en el caso de la miner\u00eda y ciertos proyectos inmobiliarios mal planeados no se respeta esta tradici\u00f3n. Vemos con preocupaci\u00f3n que se pretende subrogar el inter\u00e9s nacional en materia de conservaci\u00f3n, sostenibilidad y de asegurar un futuro digno de los mexicanos por actividades mineras de corto plazo, y el problema es que no se est\u00e1n respetando las \u00e1reas naturales protegidas\u201d.<\/p>\n<p>El integrante del CNANP apunt\u00f3 que es una amenaza grave, las zonas protegidas deben ser espacios que tengan una normatividad que garantice la viabilidad de la naci\u00f3n, la competitividad y oportunidades para futuras generaciones, y \u201csi no podemos defender el 15 por ciento de nuestro territorio, qu\u00e9 podemos esperar del pa\u00eds\u201d.<\/p>\n<p>[editor]Reportaje[\/editor]<\/p>\n<div><\/div>\n<p>&nbsp;<\/p>\n<p>&nbsp;<\/p>\n","protected":false},"excerpt":{"rendered":"<p>Frente a frente La reciente, y al parecer fugaz, pol\u00e9mica en torno al proyecto residencial-tur\u00edstico La&hellip;<\/p>\n","protected":false},"author":69,"featured_media":7593,"comment_status":"open","ping_status":"open","sticky":false,"template":"","format":"standard","meta":{"_acf_changed":false,"_lmt_disableupdate":"","_lmt_disable":"","_mbp_gutenberg_autopost":false,"footnotes":""},"categories":[23,37],"tags":[],"class_list":["post-7589","post","type-post","status-publish","format-standard","has-post-thumbnail","hentry","category-noticias","category-reportaje"],"acf":[],"yoast_head":"<!-- This site is optimized with the Yoast SEO plugin v27.3 - https:\/\/yoast.com\/product\/yoast-seo-wordpress\/ -->\n<title>Holbox | Revista Latitud 21<\/title>\n<meta name=\"description\" content=\"L21, Emprendedores y Negocios en el Caribe Mexicano, es la revista l\u00edder entre el Sector Empresarial y Tur\u00edstico del Caribe Mexicano.\" \/>\n<meta name=\"robots\" content=\"index, follow, max-snippet:-1, max-image-preview:large, max-video-preview:-1\" \/>\n<link rel=\"canonical\" href=\"https:\/\/l21.mx\/?p=7589\" \/>\n<meta name=\"twitter:card\" content=\"summary_large_image\" \/>\n<meta name=\"twitter:title\" content=\"Holbox | Revista Latitud 21\" \/>\n<meta name=\"twitter:description\" content=\"L21, Emprendedores y Negocios en el Caribe Mexicano, es la revista l\u00edder entre el Sector Empresarial y Tur\u00edstico del Caribe Mexicano.\" \/>\n<meta name=\"twitter:image\" content=\"https:\/\/l21.mx\/wp-content\/uploads\/2014\/07\/holbox-n.jpg\" \/>\n<meta name=\"twitter:creator\" content=\"@Latitud21mx\" \/>\n<meta name=\"twitter:site\" content=\"@Latitud21mx\" \/>\n<meta name=\"twitter:label1\" content=\"Escrito por\" \/>\n\t<meta name=\"twitter:data1\" content=\"Redacci\u00f3n\" \/>\n\t<meta name=\"twitter:label2\" content=\"Tiempo de lectura\" \/>\n\t<meta name=\"twitter:data2\" content=\"8 minutos\" \/>\n<script type=\"application\/ld+json\" class=\"yoast-schema-graph\">{\"@context\":\"https:\\\/\\\/schema.org\",\"@graph\":[{\"@type\":\"Article\",\"@id\":\"https:\\\/\\\/l21.mx\\\/?p=7589#article\",\"isPartOf\":{\"@id\":\"https:\\\/\\\/l21.mx\\\/?p=7589\"},\"author\":{\"name\":\"Redacci\u00f3n\",\"@id\":\"https:\\\/\\\/l21.mx\\\/#\\\/schema\\\/person\\\/066641669c6ee7227953da2a023ebcde\"},\"headline\":\"Holbox\",\"datePublished\":\"2014-07-02T17:48:24+00:00\",\"dateModified\":\"2014-07-02T18:10:42+00:00\",\"mainEntityOfPage\":{\"@id\":\"https:\\\/\\\/l21.mx\\\/?p=7589\"},\"wordCount\":1600,\"commentCount\":0,\"publisher\":{\"@id\":\"https:\\\/\\\/l21.mx\\\/#organization\"},\"image\":{\"@id\":\"https:\\\/\\\/l21.mx\\\/?p=7589#primaryimage\"},\"thumbnailUrl\":\"https:\\\/\\\/l21.mx\\\/wp-content\\\/uploads\\\/2014\\\/07\\\/holbox-n.jpg\",\"articleSection\":[\"Noticias\",\"Reportaje\"],\"inLanguage\":\"es\",\"potentialAction\":[{\"@type\":\"CommentAction\",\"name\":\"Comment\",\"target\":[\"https:\\\/\\\/l21.mx\\\/?p=7589#respond\"]}]},{\"@type\":\"WebPage\",\"@id\":\"https:\\\/\\\/l21.mx\\\/?p=7589\",\"url\":\"https:\\\/\\\/l21.mx\\\/?p=7589\",\"name\":\"Holbox | Revista Latitud 21\",\"isPartOf\":{\"@id\":\"https:\\\/\\\/l21.mx\\\/#website\"},\"primaryImageOfPage\":{\"@id\":\"https:\\\/\\\/l21.mx\\\/?p=7589#primaryimage\"},\"image\":{\"@id\":\"https:\\\/\\\/l21.mx\\\/?p=7589#primaryimage\"},\"thumbnailUrl\":\"https:\\\/\\\/l21.mx\\\/wp-content\\\/uploads\\\/2014\\\/07\\\/holbox-n.jpg\",\"datePublished\":\"2014-07-02T17:48:24+00:00\",\"dateModified\":\"2014-07-02T18:10:42+00:00\",\"description\":\"L21, Emprendedores y Negocios en el Caribe Mexicano, es la revista l\u00edder entre el Sector Empresarial y Tur\u00edstico del Caribe Mexicano.\",\"breadcrumb\":{\"@id\":\"https:\\\/\\\/l21.mx\\\/?p=7589#breadcrumb\"},\"inLanguage\":\"es\",\"potentialAction\":[{\"@type\":\"ReadAction\",\"target\":[\"https:\\\/\\\/l21.mx\\\/?p=7589\"]}]},{\"@type\":\"ImageObject\",\"inLanguage\":\"es\",\"@id\":\"https:\\\/\\\/l21.mx\\\/?p=7589#primaryimage\",\"url\":\"https:\\\/\\\/l21.mx\\\/wp-content\\\/uploads\\\/2014\\\/07\\\/holbox-n.jpg\",\"contentUrl\":\"https:\\\/\\\/l21.mx\\\/wp-content\\\/uploads\\\/2014\\\/07\\\/holbox-n.jpg\",\"width\":90,\"height\":60},{\"@type\":\"BreadcrumbList\",\"@id\":\"https:\\\/\\\/l21.mx\\\/?p=7589#breadcrumb\",\"itemListElement\":[{\"@type\":\"ListItem\",\"position\":1,\"name\":\"Portada\",\"item\":\"https:\\\/\\\/l21.mx\\\/\"},{\"@type\":\"ListItem\",\"position\":2,\"name\":\"Holbox\"}]},{\"@type\":\"WebSite\",\"@id\":\"https:\\\/\\\/l21.mx\\\/#website\",\"url\":\"https:\\\/\\\/l21.mx\\\/\",\"name\":\"Revista Latitud 21\",\"description\":\"Emprendedores  y negocios en el Caribe Mexicano\",\"publisher\":{\"@id\":\"https:\\\/\\\/l21.mx\\\/#organization\"},\"potentialAction\":[{\"@type\":\"SearchAction\",\"target\":{\"@type\":\"EntryPoint\",\"urlTemplate\":\"https:\\\/\\\/l21.mx\\\/?s={search_term_string}\"},\"query-input\":{\"@type\":\"PropertyValueSpecification\",\"valueRequired\":true,\"valueName\":\"search_term_string\"}}],\"inLanguage\":\"es\"},{\"@type\":\"Organization\",\"@id\":\"https:\\\/\\\/l21.mx\\\/#organization\",\"name\":\"Grupo Editorial Latitud 21 SA de CV\",\"url\":\"https:\\\/\\\/l21.mx\\\/\",\"logo\":{\"@type\":\"ImageObject\",\"inLanguage\":\"es\",\"@id\":\"https:\\\/\\\/l21.mx\\\/#\\\/schema\\\/logo\\\/image\\\/\",\"url\":\"https:\\\/\\\/l21.mx\\\/wp-content\\\/uploads\\\/2020\\\/10\\\/logo-l21-baja.jpg\",\"contentUrl\":\"https:\\\/\\\/l21.mx\\\/wp-content\\\/uploads\\\/2020\\\/10\\\/logo-l21-baja.jpg\",\"width\":250,\"height\":250,\"caption\":\"Grupo Editorial Latitud 21 SA de CV\"},\"image\":{\"@id\":\"https:\\\/\\\/l21.mx\\\/#\\\/schema\\\/logo\\\/image\\\/\"},\"sameAs\":[\"https:\\\/\\\/www.facebook.com\\\/RevistaLatitud21\\\/\",\"https:\\\/\\\/x.com\\\/Latitud21mx\"]},{\"@type\":\"Person\",\"@id\":\"https:\\\/\\\/l21.mx\\\/#\\\/schema\\\/person\\\/066641669c6ee7227953da2a023ebcde\",\"name\":\"Redacci\u00f3n\",\"url\":\"https:\\\/\\\/l21.mx\\\/?author=69\"}]}<\/script>\n<!-- \/ Yoast SEO plugin. -->","yoast_head_json":{"title":"Holbox | Revista Latitud 21","description":"L21, Emprendedores y Negocios en el Caribe Mexicano, es la revista l\u00edder entre el Sector Empresarial y Tur\u00edstico del Caribe Mexicano.","robots":{"index":"index","follow":"follow","max-snippet":"max-snippet:-1","max-image-preview":"max-image-preview:large","max-video-preview":"max-video-preview:-1"},"canonical":"https:\/\/l21.mx\/?p=7589","twitter_card":"summary_large_image","twitter_title":"Holbox | Revista Latitud 21","twitter_description":"L21, Emprendedores y Negocios en el Caribe Mexicano, es la revista l\u00edder entre el Sector Empresarial y Tur\u00edstico del Caribe Mexicano.","twitter_image":"https:\/\/l21.mx\/wp-content\/uploads\/2014\/07\/holbox-n.jpg","twitter_creator":"@Latitud21mx","twitter_site":"@Latitud21mx","twitter_misc":{"Escrito por":"Redacci\u00f3n","Tiempo de lectura":"8 minutos"},"schema":{"@context":"https:\/\/schema.org","@graph":[{"@type":"Article","@id":"https:\/\/l21.mx\/?p=7589#article","isPartOf":{"@id":"https:\/\/l21.mx\/?p=7589"},"author":{"name":"Redacci\u00f3n","@id":"https:\/\/l21.mx\/#\/schema\/person\/066641669c6ee7227953da2a023ebcde"},"headline":"Holbox","datePublished":"2014-07-02T17:48:24+00:00","dateModified":"2014-07-02T18:10:42+00:00","mainEntityOfPage":{"@id":"https:\/\/l21.mx\/?p=7589"},"wordCount":1600,"commentCount":0,"publisher":{"@id":"https:\/\/l21.mx\/#organization"},"image":{"@id":"https:\/\/l21.mx\/?p=7589#primaryimage"},"thumbnailUrl":"https:\/\/l21.mx\/wp-content\/uploads\/2014\/07\/holbox-n.jpg","articleSection":["Noticias","Reportaje"],"inLanguage":"es","potentialAction":[{"@type":"CommentAction","name":"Comment","target":["https:\/\/l21.mx\/?p=7589#respond"]}]},{"@type":"WebPage","@id":"https:\/\/l21.mx\/?p=7589","url":"https:\/\/l21.mx\/?p=7589","name":"Holbox | Revista Latitud 21","isPartOf":{"@id":"https:\/\/l21.mx\/#website"},"primaryImageOfPage":{"@id":"https:\/\/l21.mx\/?p=7589#primaryimage"},"image":{"@id":"https:\/\/l21.mx\/?p=7589#primaryimage"},"thumbnailUrl":"https:\/\/l21.mx\/wp-content\/uploads\/2014\/07\/holbox-n.jpg","datePublished":"2014-07-02T17:48:24+00:00","dateModified":"2014-07-02T18:10:42+00:00","description":"L21, Emprendedores y Negocios en el Caribe Mexicano, es la revista l\u00edder entre el Sector Empresarial y Tur\u00edstico del Caribe Mexicano.","breadcrumb":{"@id":"https:\/\/l21.mx\/?p=7589#breadcrumb"},"inLanguage":"es","potentialAction":[{"@type":"ReadAction","target":["https:\/\/l21.mx\/?p=7589"]}]},{"@type":"ImageObject","inLanguage":"es","@id":"https:\/\/l21.mx\/?p=7589#primaryimage","url":"https:\/\/l21.mx\/wp-content\/uploads\/2014\/07\/holbox-n.jpg","contentUrl":"https:\/\/l21.mx\/wp-content\/uploads\/2014\/07\/holbox-n.jpg","width":90,"height":60},{"@type":"BreadcrumbList","@id":"https:\/\/l21.mx\/?p=7589#breadcrumb","itemListElement":[{"@type":"ListItem","position":1,"name":"Portada","item":"https:\/\/l21.mx\/"},{"@type":"ListItem","position":2,"name":"Holbox"}]},{"@type":"WebSite","@id":"https:\/\/l21.mx\/#website","url":"https:\/\/l21.mx\/","name":"Revista Latitud 21","description":"Emprendedores  y negocios en el Caribe Mexicano","publisher":{"@id":"https:\/\/l21.mx\/#organization"},"potentialAction":[{"@type":"SearchAction","target":{"@type":"EntryPoint","urlTemplate":"https:\/\/l21.mx\/?s={search_term_string}"},"query-input":{"@type":"PropertyValueSpecification","valueRequired":true,"valueName":"search_term_string"}}],"inLanguage":"es"},{"@type":"Organization","@id":"https:\/\/l21.mx\/#organization","name":"Grupo Editorial Latitud 21 SA de CV","url":"https:\/\/l21.mx\/","logo":{"@type":"ImageObject","inLanguage":"es","@id":"https:\/\/l21.mx\/#\/schema\/logo\/image\/","url":"https:\/\/l21.mx\/wp-content\/uploads\/2020\/10\/logo-l21-baja.jpg","contentUrl":"https:\/\/l21.mx\/wp-content\/uploads\/2020\/10\/logo-l21-baja.jpg","width":250,"height":250,"caption":"Grupo Editorial Latitud 21 SA de CV"},"image":{"@id":"https:\/\/l21.mx\/#\/schema\/logo\/image\/"},"sameAs":["https:\/\/www.facebook.com\/RevistaLatitud21\/","https:\/\/x.com\/Latitud21mx"]},{"@type":"Person","@id":"https:\/\/l21.mx\/#\/schema\/person\/066641669c6ee7227953da2a023ebcde","name":"Redacci\u00f3n","url":"https:\/\/l21.mx\/?author=69"}]}},"amp_enabled":true,"_links":{"self":[{"href":"https:\/\/l21.mx\/index.php?rest_route=\/wp\/v2\/posts\/7589","targetHints":{"allow":["GET"]}}],"collection":[{"href":"https:\/\/l21.mx\/index.php?rest_route=\/wp\/v2\/posts"}],"about":[{"href":"https:\/\/l21.mx\/index.php?rest_route=\/wp\/v2\/types\/post"}],"author":[{"embeddable":true,"href":"https:\/\/l21.mx\/index.php?rest_route=\/wp\/v2\/users\/69"}],"replies":[{"embeddable":true,"href":"https:\/\/l21.mx\/index.php?rest_route=%2Fwp%2Fv2%2Fcomments&post=7589"}],"version-history":[{"count":0,"href":"https:\/\/l21.mx\/index.php?rest_route=\/wp\/v2\/posts\/7589\/revisions"}],"wp:featuredmedia":[{"embeddable":true,"href":"https:\/\/l21.mx\/index.php?rest_route=\/wp\/v2\/media\/7593"}],"wp:attachment":[{"href":"https:\/\/l21.mx\/index.php?rest_route=%2Fwp%2Fv2%2Fmedia&parent=7589"}],"wp:term":[{"taxonomy":"category","embeddable":true,"href":"https:\/\/l21.mx\/index.php?rest_route=%2Fwp%2Fv2%2Fcategories&post=7589"},{"taxonomy":"post_tag","embeddable":true,"href":"https:\/\/l21.mx\/index.php?rest_route=%2Fwp%2Fv2%2Ftags&post=7589"}],"curies":[{"name":"wp","href":"https:\/\/api.w.org\/{rel}","templated":true}]}}