{"id":77064,"date":"2024-08-01T12:07:22","date_gmt":"2024-08-01T17:07:22","guid":{"rendered":"https:\/\/l21.mx\/?p=77064"},"modified":"2024-08-01T12:07:22","modified_gmt":"2024-08-01T17:07:22","slug":"arpcm-41-anos-promoviendo-el-turismo","status":"publish","type":"post","link":"https:\/\/l21.mx\/?p=77064","title":{"rendered":"ARPCM: 41 a\u00f1os promoviendo el turismo"},"content":{"rendered":"<p><em>La Asociaci\u00f3n de Relaciones P\u00fablicas del Caribe Mexicano es una de las m\u00e1s antiguas y con mayor actividad<\/em><\/p>\n<p>&nbsp;<\/p>\n<p>Muy pocas personas saben que la Asociaci\u00f3n de Relaciones P\u00fablicas del Caribe Mexicano inici\u00f3 por un grupo de amigos que se reun\u00edan para convivir en familia, haciendo parrilladas y otros eventos para la comunidad. Con el tiempo fue cobrando forma, consolid\u00e1ndose y contribuyendo a la promoci\u00f3n del destino.<\/p>\n<p>Desde su creaci\u00f3n, hace 41 a\u00f1os, sus integrantes y cada presidente le han puesto su sello, le han aportado imagen y crecimiento.<\/p>\n<p>Como l\u00edderes de grandes equipos, han diversificado los servicios y la participaci\u00f3n, fomentando la profesionalizaci\u00f3n a trav\u00e9s de la capacitaci\u00f3n, la investigaci\u00f3n y la creatividad.<\/p>\n<p><strong> <a href=\"https:\/\/l21.mx\/wp-content\/uploads\/2024\/08\/WhatsApp-Image-2024-07-27-at-12.33.06-PM.jpg\" data-rel=\"penci-gallery-image-content\" ><img fetchpriority=\"high\" decoding=\"async\" class=\"alignnone size-medium wp-image-77052\" src=\"https:\/\/l21.mx\/wp-content\/uploads\/2024\/08\/WhatsApp-Image-2024-07-27-at-12.33.06-PM-300x200.jpg\" alt=\"\" width=\"300\" height=\"200\" srcset=\"https:\/\/l21.mx\/wp-content\/uploads\/2024\/08\/WhatsApp-Image-2024-07-27-at-12.33.06-PM-300x200.jpg 300w, https:\/\/l21.mx\/wp-content\/uploads\/2024\/08\/WhatsApp-Image-2024-07-27-at-12.33.06-PM-1024x681.jpg 1024w, https:\/\/l21.mx\/wp-content\/uploads\/2024\/08\/WhatsApp-Image-2024-07-27-at-12.33.06-PM-768x511.jpg 768w, https:\/\/l21.mx\/wp-content\/uploads\/2024\/08\/WhatsApp-Image-2024-07-27-at-12.33.06-PM-1170x778.jpg 1170w, https:\/\/l21.mx\/wp-content\/uploads\/2024\/08\/WhatsApp-Image-2024-07-27-at-12.33.06-PM-585x389.jpg 585w, https:\/\/l21.mx\/wp-content\/uploads\/2024\/08\/WhatsApp-Image-2024-07-27-at-12.33.06-PM-263x175.jpg 263w, https:\/\/l21.mx\/wp-content\/uploads\/2024\/08\/WhatsApp-Image-2024-07-27-at-12.33.06-PM.jpg 1500w\" sizes=\"(max-width: 300px) 100vw, 300px\" \/><\/a><\/strong><\/p>\n<h3><strong>Muchas an\u00e9cdotas y trabajo en equipo<\/strong><\/h3>\n<p>&nbsp;<\/p>\n<p>De 1983 a 1985, Salvador Luna y Mart\u00edn del Campo fueron los primeros l\u00edderes de esta agrupaci\u00f3n, quienes realizaron la primera elecci\u00f3n de presidente, quien result\u00f3 Ricardo Enrique Rivas Andrade. Se reun\u00edan los martes en restaurantes y hoteles para planear eventos en coordinaci\u00f3n con los gobiernos estatal y municipal.<\/p>\n<p>De 1990 a 1996, Gaby Rodr\u00edguez fue una de las presidentas que m\u00e1s tard\u00f3 al frente; transform\u00f3 de manera positiva la agrupaci\u00f3n integrando a profesionales de las Relaciones P\u00fablicas.<\/p>\n<p><a href=\"https:\/\/l21.mx\/wp-content\/uploads\/2024\/08\/WhatsApp-Image-2024-07-27-at-12.33.04-PM.jpg\" data-rel=\"penci-gallery-image-content\" ><img decoding=\"async\" class=\"alignnone size-medium wp-image-77046\" src=\"https:\/\/l21.mx\/wp-content\/uploads\/2024\/08\/WhatsApp-Image-2024-07-27-at-12.33.04-PM-300x225.jpg\" alt=\"\" width=\"300\" height=\"225\" srcset=\"https:\/\/l21.mx\/wp-content\/uploads\/2024\/08\/WhatsApp-Image-2024-07-27-at-12.33.04-PM-300x225.jpg 300w, https:\/\/l21.mx\/wp-content\/uploads\/2024\/08\/WhatsApp-Image-2024-07-27-at-12.33.04-PM-1024x768.jpg 1024w, https:\/\/l21.mx\/wp-content\/uploads\/2024\/08\/WhatsApp-Image-2024-07-27-at-12.33.04-PM-768x576.jpg 768w, https:\/\/l21.mx\/wp-content\/uploads\/2024\/08\/WhatsApp-Image-2024-07-27-at-12.33.04-PM-1200x900.jpg 1200w, https:\/\/l21.mx\/wp-content\/uploads\/2024\/08\/WhatsApp-Image-2024-07-27-at-12.33.04-PM-1170x878.jpg 1170w, https:\/\/l21.mx\/wp-content\/uploads\/2024\/08\/WhatsApp-Image-2024-07-27-at-12.33.04-PM-585x439.jpg 585w, https:\/\/l21.mx\/wp-content\/uploads\/2024\/08\/WhatsApp-Image-2024-07-27-at-12.33.04-PM.jpg 1500w\" sizes=\"(max-width: 300px) 100vw, 300px\" \/><\/a><\/p>\n<p>Despu\u00e9s llegar\u00eda Patricia L\u00f3pez Mancera, Ana Mari Castillo Irabi\u00e9n, Iliana Rodr\u00edguez Cavazos, Guillermo Armando Guti\u00e9rrez Arriola, Patricia Flores Morales y Alex Miranda (2005-2007), quien le dio el toque m\u00e1s juvenil a la Asociaci\u00f3n y su periodo fue uno de los m\u00e1s din\u00e1micos logrando eventos con grandes asistencias y gran reconocimiento.<\/p>\n<p>Le seguir\u00eda Eduardo Rivadeneyra, hoy en retiro, pero que fungi\u00f3 como embajador del aeropuerto de Canc\u00fan.<\/p>\n<p>Tambi\u00e9n ocup\u00f3 el cargo Roc\u00edo Mena, Katinka Lira, Ernesto Yunes Schutz, Israel Urbina Acu\u00f1a, Cynthia Santamar\u00eda.<\/p>\n<p>Actualmente est\u00e1 presidida por Jorge Moreno Rej\u00f3n, destacado experto en imagen, mercadotecnia y relaciones p\u00fablicas, con experiencia en el \u00e1mbito educativo y profesional. Su trayectoria incluye la creaci\u00f3n de la licenciatura en Imagen y Relaciones P\u00fablicas en una universidad especializada en dise\u00f1o en el a\u00f1o 2007, y otra en Organizaci\u00f3n de Eventos en 2017. Adem\u00e1s, se desempe\u00f1\u00f3 como presidente de la Association of Image Consultants International Mexico Chapter, logrando incorporar a los profesionales mexicanos en las filas internacionales de la consultor\u00eda y gesti\u00f3n de la imagen.<\/p>\n<p>Bajo su liderazgo, la ARPCM es guiada hacia un futuro m\u00e1s tecnol\u00f3gico, evolucionado e inclusivo. Entre sus logros m\u00e1s destacados se encuentra la reintegraci\u00f3n de socios que se hab\u00edan desvinculado hace m\u00e1s de una d\u00e9cada y la creaci\u00f3n de nuevas alianzas estrat\u00e9gicas con medios de comunicaci\u00f3n e instituciones de diversos sectores. En menos de un a\u00f1o, ha conseguido duplicar el n\u00famero de miembros registrados, fortaleciendo la posici\u00f3n y el impacto de la asociaci\u00f3n en la regi\u00f3n.<\/p>\n<p><a href=\"https:\/\/l21.mx\/wp-content\/uploads\/2024\/08\/WhatsApp-Image-2024-07-27-at-12.33.06-PM-1.jpg\" data-rel=\"penci-gallery-image-content\" ><img decoding=\"async\" class=\"alignnone size-medium wp-image-77051\" src=\"https:\/\/l21.mx\/wp-content\/uploads\/2024\/08\/WhatsApp-Image-2024-07-27-at-12.33.06-PM-1-300x200.jpg\" alt=\"\" width=\"300\" height=\"200\" srcset=\"https:\/\/l21.mx\/wp-content\/uploads\/2024\/08\/WhatsApp-Image-2024-07-27-at-12.33.06-PM-1-300x200.jpg 300w, https:\/\/l21.mx\/wp-content\/uploads\/2024\/08\/WhatsApp-Image-2024-07-27-at-12.33.06-PM-1-1024x681.jpg 1024w, https:\/\/l21.mx\/wp-content\/uploads\/2024\/08\/WhatsApp-Image-2024-07-27-at-12.33.06-PM-1-768x511.jpg 768w, https:\/\/l21.mx\/wp-content\/uploads\/2024\/08\/WhatsApp-Image-2024-07-27-at-12.33.06-PM-1-1170x778.jpg 1170w, https:\/\/l21.mx\/wp-content\/uploads\/2024\/08\/WhatsApp-Image-2024-07-27-at-12.33.06-PM-1-585x389.jpg 585w, https:\/\/l21.mx\/wp-content\/uploads\/2024\/08\/WhatsApp-Image-2024-07-27-at-12.33.06-PM-1-263x175.jpg 263w, https:\/\/l21.mx\/wp-content\/uploads\/2024\/08\/WhatsApp-Image-2024-07-27-at-12.33.06-PM-1.jpg 1500w\" sizes=\"(max-width: 300px) 100vw, 300px\" \/><\/a><\/p>\n","protected":false},"excerpt":{"rendered":"<p>La Asociaci\u00f3n de Relaciones P\u00fablicas del Caribe Mexicano es una de las m\u00e1s antiguas y con&hellip;<\/p>\n","protected":false},"author":100,"featured_media":77044,"comment_status":"closed","ping_status":"closed","sticky":false,"template":"","format":"standard","meta":{"_acf_changed":false,"_lmt_disableupdate":"","_lmt_disable":"","_mbp_gutenberg_autopost":false,"footnotes":""},"categories":[23,8],"tags":[],"class_list":["post-77064","post","type-post","status-publish","format-standard","has-post-thumbnail","hentry","category-noticias","category-turismo"],"acf":[],"_links":{"self":[{"href":"https:\/\/l21.mx\/index.php?rest_route=\/wp\/v2\/posts\/77064","targetHints":{"allow":["GET"]}}],"collection":[{"href":"https:\/\/l21.mx\/index.php?rest_route=\/wp\/v2\/posts"}],"about":[{"href":"https:\/\/l21.mx\/index.php?rest_route=\/wp\/v2\/types\/post"}],"author":[{"embeddable":true,"href":"https:\/\/l21.mx\/index.php?rest_route=\/wp\/v2\/users\/100"}],"replies":[{"embeddable":true,"href":"https:\/\/l21.mx\/index.php?rest_route=%2Fwp%2Fv2%2Fcomments&post=77064"}],"version-history":[{"count":0,"href":"https:\/\/l21.mx\/index.php?rest_route=\/wp\/v2\/posts\/77064\/revisions"}],"wp:featuredmedia":[{"embeddable":true,"href":"https:\/\/l21.mx\/index.php?rest_route=\/wp\/v2\/media\/77044"}],"wp:attachment":[{"href":"https:\/\/l21.mx\/index.php?rest_route=%2Fwp%2Fv2%2Fmedia&parent=77064"}],"wp:term":[{"taxonomy":"category","embeddable":true,"href":"https:\/\/l21.mx\/index.php?rest_route=%2Fwp%2Fv2%2Fcategories&post=77064"},{"taxonomy":"post_tag","embeddable":true,"href":"https:\/\/l21.mx\/index.php?rest_route=%2Fwp%2Fv2%2Ftags&post=77064"}],"curies":[{"name":"wp","href":"https:\/\/api.w.org\/{rel}","templated":true}]}}