{"id":77069,"date":"2024-08-01T12:11:03","date_gmt":"2024-08-01T17:11:03","guid":{"rendered":"https:\/\/l21.mx\/?p=77069"},"modified":"2024-08-01T12:11:03","modified_gmt":"2024-08-01T17:11:03","slug":"quebec-para-disfrutar-todo-el-ano","status":"publish","type":"post","link":"https:\/\/l21.mx\/?p=77069","title":{"rendered":"Qu\u00e9bec, para disfrutar todo el a\u00f1o"},"content":{"rendered":"<p><em>Una delegaci\u00f3n canadiense estuvo de visita en Canc\u00fan para promover los atractivos tur\u00edsticos de Qu\u00e9bec City<\/em><\/p>\n<p><a href=\"https:\/\/l21.mx\/wp-content\/uploads\/2024\/08\/20240415_110140.jpg\" data-rel=\"penci-gallery-image-content\" ><img fetchpriority=\"high\" decoding=\"async\" class=\"alignnone size-medium wp-image-77037\" src=\"https:\/\/l21.mx\/wp-content\/uploads\/2024\/08\/20240415_110140-300x225.jpg\" alt=\"\" width=\"300\" height=\"225\" srcset=\"https:\/\/l21.mx\/wp-content\/uploads\/2024\/08\/20240415_110140-300x225.jpg 300w, https:\/\/l21.mx\/wp-content\/uploads\/2024\/08\/20240415_110140-1024x768.jpg 1024w, https:\/\/l21.mx\/wp-content\/uploads\/2024\/08\/20240415_110140-768x576.jpg 768w, https:\/\/l21.mx\/wp-content\/uploads\/2024\/08\/20240415_110140-1200x900.jpg 1200w, https:\/\/l21.mx\/wp-content\/uploads\/2024\/08\/20240415_110140-1170x878.jpg 1170w, https:\/\/l21.mx\/wp-content\/uploads\/2024\/08\/20240415_110140-585x439.jpg 585w, https:\/\/l21.mx\/wp-content\/uploads\/2024\/08\/20240415_110140.jpg 1500w\" sizes=\"(max-width: 300px) 100vw, 300px\" \/><\/a><\/p>\n<p>Representantes de Destination Qu\u00e9bec, Fairmont Le Ch\u00e2teau Frontenac, H\u00f4tel de Glace (hotel de hielo) y el Carnaval de Qu\u00e9bec, estuvieron en Canc\u00fan y en otras ciudades de la regi\u00f3n realizando actividades de promoci\u00f3n, con el fin de atraer m\u00e1s visitantes a ese destino canadiense, que ofrece m\u00faltiples opciones todo el a\u00f1o y para todos los gustos.<\/p>\n<p>La cita fue en las oficinas de Price Travel, donde explicaron a los agentes del corporativo todo lo que puede ofrecer Qu\u00e9bec City a sus visitantes.<\/p>\n<p><a href=\"https:\/\/l21.mx\/wp-content\/uploads\/2024\/08\/20240415_105552.jpg\" data-rel=\"penci-gallery-image-content\" ><img decoding=\"async\" class=\"alignnone size-medium wp-image-77038\" src=\"https:\/\/l21.mx\/wp-content\/uploads\/2024\/08\/20240415_105552-300x225.jpg\" alt=\"\" width=\"300\" height=\"225\" srcset=\"https:\/\/l21.mx\/wp-content\/uploads\/2024\/08\/20240415_105552-300x225.jpg 300w, https:\/\/l21.mx\/wp-content\/uploads\/2024\/08\/20240415_105552-1024x768.jpg 1024w, https:\/\/l21.mx\/wp-content\/uploads\/2024\/08\/20240415_105552-768x576.jpg 768w, https:\/\/l21.mx\/wp-content\/uploads\/2024\/08\/20240415_105552-1200x900.jpg 1200w, https:\/\/l21.mx\/wp-content\/uploads\/2024\/08\/20240415_105552-1170x878.jpg 1170w, https:\/\/l21.mx\/wp-content\/uploads\/2024\/08\/20240415_105552-585x439.jpg 585w, https:\/\/l21.mx\/wp-content\/uploads\/2024\/08\/20240415_105552.jpg 1500w\" sizes=\"(max-width: 300px) 100vw, 300px\" \/><\/a><\/p>\n<p>Destacaron que tiene todas las ventajas de una gran ciudad, es muy segura e inclusiva, y est\u00e1 muy conectada, con vuelos directos desde Montreal y Toronto; incluso, desde Canc\u00fan hay un vuelo directo de s\u00f3lo 4.5 horas. En auto se puede llegar desde Montreal en s\u00f3lo 2.5 horas y desde Ottawa en cinco.<\/p>\n<p>La ciudad se erige junto al majestuoso r\u00edo San Lorenzo, rodeada de cadenas monta\u00f1osas. Con una poblaci\u00f3n diversa y paisajes que combinan lo urbano y lo natural, Qu\u00e9bec City es un destino que invita a explorar.<\/p>\n<p><a href=\"https:\/\/l21.mx\/wp-content\/uploads\/2024\/08\/Carnaval-Quebec-2.jpg\" data-rel=\"penci-gallery-image-content\" ><img decoding=\"async\" class=\"alignnone size-medium wp-image-77039\" src=\"https:\/\/l21.mx\/wp-content\/uploads\/2024\/08\/Carnaval-Quebec-2-300x185.jpg\" alt=\"\" width=\"300\" height=\"185\" srcset=\"https:\/\/l21.mx\/wp-content\/uploads\/2024\/08\/Carnaval-Quebec-2-300x185.jpg 300w, https:\/\/l21.mx\/wp-content\/uploads\/2024\/08\/Carnaval-Quebec-2-1024x631.jpg 1024w, https:\/\/l21.mx\/wp-content\/uploads\/2024\/08\/Carnaval-Quebec-2-768x474.jpg 768w, https:\/\/l21.mx\/wp-content\/uploads\/2024\/08\/Carnaval-Quebec-2-1170x722.jpg 1170w, https:\/\/l21.mx\/wp-content\/uploads\/2024\/08\/Carnaval-Quebec-2-585x361.jpg 585w, https:\/\/l21.mx\/wp-content\/uploads\/2024\/08\/Carnaval-Quebec-2.jpg 1500w\" sizes=\"(max-width: 300px) 100vw, 300px\" \/><\/a><\/p>\n<h3><strong>Vacaciones ideales<\/strong><\/h3>\n<p>El pr\u00f3ximo a\u00f1o se celebrar\u00e1 el 25\u00ba aniversario del H\u00f4tel de Glace y el 40\u00ba aniversario de la ciudad como patrimonio del Unesco, por lo que son muy buenos motivos para agendar unas vacaciones inolvidables.<\/p>\n<p>La ciudad productora de maple por excelencia tiene un encanto europeo con m\u00e1s de 400 a\u00f1os de historia, una ciudad animada durante las 4 estaciones, gastronom\u00eda de clase mundial y grandes espacios para disfrutar la naturaleza en sus alrededores, ya que cuenta con parques naturales a no m\u00e1s de 20 minutos, donde se pueden hacer muchas actividades al aire libre, como kayak, camping, ver cataratas, tirolesa y pasear en telef\u00e9rico.<\/p>\n<p>Caminar por sus calles es muy gratificante, porque es como un museo, con diferentes influencias: francesas, brit\u00e1nicas, norteamericanas e ind\u00edgenas. Es cuna de la riviera francesa, con edificios del siglo XVII y XVIII, es como estar en Europa sin salir de Am\u00e9rica.<\/p>\n<p>El centro hist\u00f3rico de Qu\u00e9bec City o Vieux-Qu\u00e9bec es el coraz\u00f3n de la ciudad, muy fotog\u00e9nico y rebosa de encanto en cada rinc\u00f3n.<\/p>\n<p>Puedes visitar el famoso hotel Fairmont Ch\u00e2teau Frontenac, con su silueta imponente y su arquitectura majestuosa; es m\u00e1s que un hotel, es un s\u00edmbolo de la ciudad y un lugar lleno de historia y elegancia.<\/p>\n<p>Adem\u00e1s, la Terraza Dufferin, la Catedral Notre Dame du Quebec, Porte St. Louis, el Parlamento, la fuente de Tourny, entre otros.<\/p>\n<p>Adem\u00e1s, Qu\u00e9bec posee una magia particular, una gran personalidad, con su ciudadela amurallada de 4.5 km para recorrer y disfrutar de espectaculares vistas.<\/p>\n<p><a href=\"https:\/\/l21.mx\/wp-content\/uploads\/2024\/08\/Carnaval-Quebec-3.jpg\" data-rel=\"penci-gallery-image-content\" ><img loading=\"lazy\" decoding=\"async\" class=\"alignnone size-medium wp-image-77040\" src=\"https:\/\/l21.mx\/wp-content\/uploads\/2024\/08\/Carnaval-Quebec-3-300x200.jpg\" alt=\"\" width=\"300\" height=\"200\" srcset=\"https:\/\/l21.mx\/wp-content\/uploads\/2024\/08\/Carnaval-Quebec-3-300x200.jpg 300w, https:\/\/l21.mx\/wp-content\/uploads\/2024\/08\/Carnaval-Quebec-3-1024x683.jpg 1024w, https:\/\/l21.mx\/wp-content\/uploads\/2024\/08\/Carnaval-Quebec-3-768x512.jpg 768w, https:\/\/l21.mx\/wp-content\/uploads\/2024\/08\/Carnaval-Quebec-3-1170x780.jpg 1170w, https:\/\/l21.mx\/wp-content\/uploads\/2024\/08\/Carnaval-Quebec-3-585x390.jpg 585w, https:\/\/l21.mx\/wp-content\/uploads\/2024\/08\/Carnaval-Quebec-3-263x175.jpg 263w, https:\/\/l21.mx\/wp-content\/uploads\/2024\/08\/Carnaval-Quebec-3.jpg 1500w\" sizes=\"(max-width: 300px) 100vw, 300px\" \/><\/a><\/p>\n<h3><strong>Diversi\u00f3n, m\u00fasica y mucho colorido<\/strong><\/h3>\n<p><strong>\u00a0<\/strong><\/p>\n<p>Tiene muchos festivales; los dos importantes son: el Festival de M\u00fasica, en julio, cuando la ciudad vibra al ritmo de m\u00e1s de 300 shows; y el Carnaval de Qu\u00e9bec, en febrero, es el m\u00e1s grande de invierno, dura 10 d\u00edas; abr\u00edgate bien y disfruta del mayor festival invernal del mundo, con esculturas de hielo, desfiles y competencias de canoas.<\/p>\n<p><a href=\"https:\/\/l21.mx\/wp-content\/uploads\/2024\/08\/hotel-de-hielo.jpg\" data-rel=\"penci-gallery-image-content\" ><img loading=\"lazy\" decoding=\"async\" class=\"alignnone size-medium wp-image-77041\" src=\"https:\/\/l21.mx\/wp-content\/uploads\/2024\/08\/hotel-de-hielo-300x150.jpg\" alt=\"\" width=\"300\" height=\"150\" srcset=\"https:\/\/l21.mx\/wp-content\/uploads\/2024\/08\/hotel-de-hielo-300x150.jpg 300w, https:\/\/l21.mx\/wp-content\/uploads\/2024\/08\/hotel-de-hielo-1024x512.jpg 1024w, https:\/\/l21.mx\/wp-content\/uploads\/2024\/08\/hotel-de-hielo-768x384.jpg 768w, https:\/\/l21.mx\/wp-content\/uploads\/2024\/08\/hotel-de-hielo-1170x585.jpg 1170w, https:\/\/l21.mx\/wp-content\/uploads\/2024\/08\/hotel-de-hielo-585x293.jpg 585w, https:\/\/l21.mx\/wp-content\/uploads\/2024\/08\/hotel-de-hielo.jpg 1500w\" sizes=\"(max-width: 300px) 100vw, 300px\" \/><\/a><\/p>\n<h3><strong>Suites bajo cero<\/strong><\/h3>\n<p><strong>\u00a0<\/strong><\/p>\n<p>El H\u00f4tel de Glace (Hotel de Hielo) es una aventura que no debes dejar pasar; el pr\u00f3ximo a\u00f1o celebrar\u00e1 su 25 aniversario y promete estar espectacular.<\/p>\n<p>Les toma aproximadamente un mes para construirlo, y requieren m\u00e1s de 40 mil toneladas de nieve para edificar sus suites.<\/p>\n<p>Es una obra de arte completamente construida a base de nieve y hielo: L\u00e1mparas, muebles, paredes, puertas\u2026 como una fantas\u00eda hecha realidad.<\/p>\n<p>Cada invierno es redise\u00f1ado y reconstruido, con el fin de ofrecer una experiencia inolvidable a sus hu\u00e9spedes en alguna de sus 45 habitaciones. A s\u00f3lo media hora del centro de la ciudad, se ubica en la peque\u00f1a ciudad de Sainte Catherine de la Jacques-Cartier, cerca del lago Saint. Joseph y ofrece habitaciones tem\u00e1ticas, bar con servicio completo y capilla para oficiar bodas.<\/p>\n<p>&nbsp;<\/p>\n<p>&nbsp;<\/p>\n<p>&nbsp;<\/p>\n<p>&nbsp;<\/p>\n","protected":false},"excerpt":{"rendered":"<p>Una delegaci\u00f3n canadiense estuvo de visita en Canc\u00fan para promover los atractivos tur\u00edsticos de Qu\u00e9bec City&hellip;<\/p>\n","protected":false},"author":100,"featured_media":77042,"comment_status":"closed","ping_status":"closed","sticky":false,"template":"","format":"standard","meta":{"_acf_changed":false,"_lmt_disableupdate":"","_lmt_disable":"","_mbp_gutenberg_autopost":false,"footnotes":""},"categories":[8],"tags":[],"class_list":["post-77069","post","type-post","status-publish","format-standard","has-post-thumbnail","hentry","category-turismo"],"acf":[],"_links":{"self":[{"href":"https:\/\/l21.mx\/index.php?rest_route=\/wp\/v2\/posts\/77069","targetHints":{"allow":["GET"]}}],"collection":[{"href":"https:\/\/l21.mx\/index.php?rest_route=\/wp\/v2\/posts"}],"about":[{"href":"https:\/\/l21.mx\/index.php?rest_route=\/wp\/v2\/types\/post"}],"author":[{"embeddable":true,"href":"https:\/\/l21.mx\/index.php?rest_route=\/wp\/v2\/users\/100"}],"replies":[{"embeddable":true,"href":"https:\/\/l21.mx\/index.php?rest_route=%2Fwp%2Fv2%2Fcomments&post=77069"}],"version-history":[{"count":0,"href":"https:\/\/l21.mx\/index.php?rest_route=\/wp\/v2\/posts\/77069\/revisions"}],"wp:featuredmedia":[{"embeddable":true,"href":"https:\/\/l21.mx\/index.php?rest_route=\/wp\/v2\/media\/77042"}],"wp:attachment":[{"href":"https:\/\/l21.mx\/index.php?rest_route=%2Fwp%2Fv2%2Fmedia&parent=77069"}],"wp:term":[{"taxonomy":"category","embeddable":true,"href":"https:\/\/l21.mx\/index.php?rest_route=%2Fwp%2Fv2%2Fcategories&post=77069"},{"taxonomy":"post_tag","embeddable":true,"href":"https:\/\/l21.mx\/index.php?rest_route=%2Fwp%2Fv2%2Ftags&post=77069"}],"curies":[{"name":"wp","href":"https:\/\/api.w.org\/{rel}","templated":true}]}}