{"id":77073,"date":"2024-08-01T12:11:38","date_gmt":"2024-08-01T17:11:38","guid":{"rendered":"https:\/\/l21.mx\/?p=77073"},"modified":"2024-08-01T12:11:38","modified_gmt":"2024-08-01T17:11:38","slug":"177-aniversario-de-la-guerra-social-maya-en-tihosuco","status":"publish","type":"post","link":"https:\/\/l21.mx\/?p=77073","title":{"rendered":"177 Aniversario de la Guerra Social Maya en Tihosuco"},"content":{"rendered":"<p>Tihosuco.- Al encabezar la conmemoraci\u00f3n del 177 Aniversario de la Guerra Social Maya en el parque principal de Tihosuco, la gobernadora Mara Lezama Espinosa reiter\u00f3 que en este gobierno humanista y progresista se trabaja, desde el primer d\u00eda, por mejores condiciones para saldar la deuda hist\u00f3rica con el pueblo Maya, a partir de un Quintana Roo incluyente, participativo, solidario y que viva en torno a los valores ancestrales y tradiciones.<br \/>\nPor ello, dijo que este gobierno diferente se ha impuesto como prioridad \u201cimpulsar el desarrollo de las zonas ind\u00edgenas.<br \/>\nA\u00f1adi\u00f3 que el Tren Maya, el Aeropuerto Internacional Felipe Carrillo Puerto, la Puerta al Mar por Vig\u00eda Chico, el Museo \u201cGuerra de Castas\u201d, los programas de mejoramiento integral de comunidades, la inversi\u00f3n en materia de salud, los programas sociales para el empoderamiento de la Mujer Rural \u201cson algunos de los ejemplos que este gobierno humanista y transformador est\u00e1 realizando para reducir las brechas de desigualdad que afectaron en mayor medida al Pueblo Maya\u201d.<\/p>\n<p>&nbsp;<\/p>\n","protected":false},"excerpt":{"rendered":"<p>Tihosuco.- Al encabezar la conmemoraci\u00f3n del 177 Aniversario de la Guerra Social Maya en el parque&hellip;<\/p>\n","protected":false},"author":100,"featured_media":77035,"comment_status":"closed","ping_status":"closed","sticky":false,"template":"","format":"standard","meta":{"_acf_changed":false,"_lmt_disableupdate":"","_lmt_disable":"","_mbp_gutenberg_autopost":false,"footnotes":""},"categories":[23,1656],"tags":[],"class_list":["post-77073","post","type-post","status-publish","format-standard","has-post-thumbnail","hentry","category-noticias","category-quintana-roo"],"acf":[],"_links":{"self":[{"href":"https:\/\/l21.mx\/index.php?rest_route=\/wp\/v2\/posts\/77073","targetHints":{"allow":["GET"]}}],"collection":[{"href":"https:\/\/l21.mx\/index.php?rest_route=\/wp\/v2\/posts"}],"about":[{"href":"https:\/\/l21.mx\/index.php?rest_route=\/wp\/v2\/types\/post"}],"author":[{"embeddable":true,"href":"https:\/\/l21.mx\/index.php?rest_route=\/wp\/v2\/users\/100"}],"replies":[{"embeddable":true,"href":"https:\/\/l21.mx\/index.php?rest_route=%2Fwp%2Fv2%2Fcomments&post=77073"}],"version-history":[{"count":0,"href":"https:\/\/l21.mx\/index.php?rest_route=\/wp\/v2\/posts\/77073\/revisions"}],"wp:featuredmedia":[{"embeddable":true,"href":"https:\/\/l21.mx\/index.php?rest_route=\/wp\/v2\/media\/77035"}],"wp:attachment":[{"href":"https:\/\/l21.mx\/index.php?rest_route=%2Fwp%2Fv2%2Fmedia&parent=77073"}],"wp:term":[{"taxonomy":"category","embeddable":true,"href":"https:\/\/l21.mx\/index.php?rest_route=%2Fwp%2Fv2%2Fcategories&post=77073"},{"taxonomy":"post_tag","embeddable":true,"href":"https:\/\/l21.mx\/index.php?rest_route=%2Fwp%2Fv2%2Ftags&post=77073"}],"curies":[{"name":"wp","href":"https:\/\/api.w.org\/{rel}","templated":true}]}}