{"id":77612,"date":"2024-08-09T19:35:45","date_gmt":"2024-08-10T00:35:45","guid":{"rendered":"https:\/\/l21.mx\/?p=77612"},"modified":"2024-08-09T19:35:46","modified_gmt":"2024-08-10T00:35:46","slug":"busca-quintana-roo-proyecto-estrategico-de-gasoducto-energia-mayakan","status":"publish","type":"post","link":"https:\/\/l21.mx\/?p=77612","title":{"rendered":"Busca Quintana Roo proyecto estrat\u00e9gico de Gasoducto Energ\u00eda Mayak\u00e1n"},"content":{"rendered":"<p>&nbsp;<\/p>\n<p>-El gasoducto garantizar\u00eda el suministro de combustible para el crecimiento de la infraestructura productiva, explic\u00f3 la gobernadora de Quintana Roo<\/p>\n<p><a href=\"https:\/\/l21.mx\/wp-content\/uploads\/2024\/08\/WhatsApp-Image-2024-08-09-at-11.02.19-AM.jpeg\" data-rel=\"penci-gallery-image-content\" ><img fetchpriority=\"high\" decoding=\"async\" class=\"alignnone size-medium wp-image-77614\" src=\"https:\/\/l21.mx\/wp-content\/uploads\/2024\/08\/WhatsApp-Image-2024-08-09-at-11.02.19-AM-300x169.jpeg\" alt=\"\" width=\"300\" height=\"169\" srcset=\"https:\/\/l21.mx\/wp-content\/uploads\/2024\/08\/WhatsApp-Image-2024-08-09-at-11.02.19-AM-300x169.jpeg 300w, https:\/\/l21.mx\/wp-content\/uploads\/2024\/08\/WhatsApp-Image-2024-08-09-at-11.02.19-AM-1024x576.jpeg 1024w, https:\/\/l21.mx\/wp-content\/uploads\/2024\/08\/WhatsApp-Image-2024-08-09-at-11.02.19-AM-768x432.jpeg 768w, https:\/\/l21.mx\/wp-content\/uploads\/2024\/08\/WhatsApp-Image-2024-08-09-at-11.02.19-AM-1536x864.jpeg 1536w, https:\/\/l21.mx\/wp-content\/uploads\/2024\/08\/WhatsApp-Image-2024-08-09-at-11.02.19-AM-1170x663.jpeg 1170w, https:\/\/l21.mx\/wp-content\/uploads\/2024\/08\/WhatsApp-Image-2024-08-09-at-11.02.19-AM-585x329.jpeg 585w, https:\/\/l21.mx\/wp-content\/uploads\/2024\/08\/WhatsApp-Image-2024-08-09-at-11.02.19-AM.jpeg 1600w\" sizes=\"(max-width: 300px) 100vw, 300px\" \/><\/a><\/p>\n<p>Ciudad de M\u00e9xico.- La gobernadora Mara Lezama Espinosa se reuni\u00f3 con representantes de la Comisi\u00f3n Federal de Electricidad (CFE) con quienes plante\u00f3 la necesidad de incorporar a Quintana Roo en el proyecto en construcci\u00f3n de la obra Gasoducto Energ\u00eda Mayak\u00e1n.<\/p>\n<p>Este gasoducto permitir\u00eda duplicar la capacidad de transporte de gas natural a la pen\u00ednsula de Yucat\u00e1n, con energ\u00eda segura y asequible para las dos plantas de ciclo combinado que la CFE construye en la regi\u00f3n.<\/p>\n<p>La incorporaci\u00f3n de Quintana Roo en el proyecto representa una prioridad, ya la entidad tiene la necesidad de contar con gas natural para continuar impulsando su desarrollo, en esta etapa de la transformaci\u00f3n profunda.<\/p>\n<p>\u201cFue una reuni\u00f3n fruct\u00edfera, con muchos beneficios para Quintana Roo, con atracci\u00f3n de nuevas inversiones y mayor crecimiento econ\u00f3mico\u201d expres\u00f3 Mara Lezama al referirse a este proyecto estrat\u00e9gico.<\/p>\n<p>Asimismo, contempla realizar toda la tramitolog\u00eda necesaria, como la manifestaci\u00f3n de impacto ambiental, el estudio de riesgo ambiental y el programa para la prevenci\u00f3n de accidentes.<\/p>\n","protected":false},"excerpt":{"rendered":"<p>&nbsp; -El gasoducto garantizar\u00eda el suministro de combustible para el crecimiento de la infraestructura productiva, explic\u00f3&hellip;<\/p>\n","protected":false},"author":100,"featured_media":77613,"comment_status":"closed","ping_status":"closed","sticky":false,"template":"","format":"standard","meta":{"_acf_changed":false,"_lmt_disableupdate":"","_lmt_disable":"","_mbp_gutenberg_autopost":false,"footnotes":""},"categories":[23,1656],"tags":[],"class_list":["post-77612","post","type-post","status-publish","format-standard","has-post-thumbnail","hentry","category-noticias","category-quintana-roo"],"acf":[],"_links":{"self":[{"href":"https:\/\/l21.mx\/index.php?rest_route=\/wp\/v2\/posts\/77612","targetHints":{"allow":["GET"]}}],"collection":[{"href":"https:\/\/l21.mx\/index.php?rest_route=\/wp\/v2\/posts"}],"about":[{"href":"https:\/\/l21.mx\/index.php?rest_route=\/wp\/v2\/types\/post"}],"author":[{"embeddable":true,"href":"https:\/\/l21.mx\/index.php?rest_route=\/wp\/v2\/users\/100"}],"replies":[{"embeddable":true,"href":"https:\/\/l21.mx\/index.php?rest_route=%2Fwp%2Fv2%2Fcomments&post=77612"}],"version-history":[{"count":0,"href":"https:\/\/l21.mx\/index.php?rest_route=\/wp\/v2\/posts\/77612\/revisions"}],"wp:featuredmedia":[{"embeddable":true,"href":"https:\/\/l21.mx\/index.php?rest_route=\/wp\/v2\/media\/77613"}],"wp:attachment":[{"href":"https:\/\/l21.mx\/index.php?rest_route=%2Fwp%2Fv2%2Fmedia&parent=77612"}],"wp:term":[{"taxonomy":"category","embeddable":true,"href":"https:\/\/l21.mx\/index.php?rest_route=%2Fwp%2Fv2%2Fcategories&post=77612"},{"taxonomy":"post_tag","embeddable":true,"href":"https:\/\/l21.mx\/index.php?rest_route=%2Fwp%2Fv2%2Ftags&post=77612"}],"curies":[{"name":"wp","href":"https:\/\/api.w.org\/{rel}","templated":true}]}}