{"id":77620,"date":"2024-08-10T13:30:37","date_gmt":"2024-08-10T18:30:37","guid":{"rendered":"https:\/\/l21.mx\/?p=77620"},"modified":"2024-08-10T13:30:37","modified_gmt":"2024-08-10T18:30:37","slug":"cancun-lidera-rutas-aereas-en-operaciones-nacionales-con-el-mayor-numero-de-asientos-programados-en-2024","status":"publish","type":"post","link":"https:\/\/l21.mx\/?p=77620","title":{"rendered":"Canc\u00fan lidera rutas a\u00e9reas en operaciones nacionales con el mayor n\u00famero de asientos programados en 2024"},"content":{"rendered":"<p>&nbsp;<\/p>\n<p>-Aeropuerto Internacional de Canc\u00fan tiene un mill\u00f3n 893 mil asientos programados para este a\u00f1o<\/p>\n<p><a href=\"https:\/\/l21.mx\/wp-content\/uploads\/2024\/08\/WhatsApp-Image-2024-08-10-at-11.46.39-AM-scaled.jpeg\" data-rel=\"penci-gallery-image-content\" ><img fetchpriority=\"high\" decoding=\"async\" class=\"alignnone size-medium wp-image-77621\" src=\"https:\/\/l21.mx\/wp-content\/uploads\/2024\/08\/WhatsApp-Image-2024-08-10-at-11.46.39-AM-300x191.jpeg\" alt=\"\" width=\"300\" height=\"191\" srcset=\"https:\/\/l21.mx\/wp-content\/uploads\/2024\/08\/WhatsApp-Image-2024-08-10-at-11.46.39-AM-300x191.jpeg 300w, https:\/\/l21.mx\/wp-content\/uploads\/2024\/08\/WhatsApp-Image-2024-08-10-at-11.46.39-AM-1024x650.jpeg 1024w, https:\/\/l21.mx\/wp-content\/uploads\/2024\/08\/WhatsApp-Image-2024-08-10-at-11.46.39-AM-768x488.jpeg 768w, https:\/\/l21.mx\/wp-content\/uploads\/2024\/08\/WhatsApp-Image-2024-08-10-at-11.46.39-AM-1536x976.jpeg 1536w, https:\/\/l21.mx\/wp-content\/uploads\/2024\/08\/WhatsApp-Image-2024-08-10-at-11.46.39-AM-2048x1301.jpeg 2048w, https:\/\/l21.mx\/wp-content\/uploads\/2024\/08\/WhatsApp-Image-2024-08-10-at-11.46.39-AM-1920x1219.jpeg 1920w, https:\/\/l21.mx\/wp-content\/uploads\/2024\/08\/WhatsApp-Image-2024-08-10-at-11.46.39-AM-1170x743.jpeg 1170w, https:\/\/l21.mx\/wp-content\/uploads\/2024\/08\/WhatsApp-Image-2024-08-10-at-11.46.39-AM-585x372.jpeg 585w\" sizes=\"(max-width: 300px) 100vw, 300px\" \/><\/a><\/p>\n<p>Canc\u00fan.- Con un mill\u00f3n 893 mil asientos de avi\u00f3n programados para este a\u00f1o, el Aeropuerto Internacional de Canc\u00fan lidera las principales rutas a\u00e9reas en operaciones nacionales, inform\u00f3 la gobernadora de Quintana Roo Mara Lezama Espinosa.<\/p>\n<p>Al respecto, el secretario federal de Turismo, Miguel Torruco Marqu\u00e9s destac\u00f3 que le sigue el Aeropuerto Internacional de Monterrey con un mill\u00f3n 850 mil asientos.<\/p>\n<p>El gobierno de Quintana Roo, en coordinaci\u00f3n con el gobierno federal, en el marco del Nuevo Acuerdo por el Bienestar y Desarrollo, impulsan la promoci\u00f3n de los destinos tur\u00edsticos de la entidad en esta Nueva Era del Turismo, que busca bienestar y prosperidad compartida para todas y todos los quintanarroenses.<\/p>\n<p>&nbsp;<\/p>\n","protected":false},"excerpt":{"rendered":"<p>&nbsp; -Aeropuerto Internacional de Canc\u00fan tiene un mill\u00f3n 893 mil asientos programados para este a\u00f1o Canc\u00fan.-&hellip;<\/p>\n","protected":false},"author":100,"featured_media":77622,"comment_status":"closed","ping_status":"closed","sticky":false,"template":"","format":"standard","meta":{"_acf_changed":false,"_lmt_disableupdate":"","_lmt_disable":"","_mbp_gutenberg_autopost":false,"footnotes":""},"categories":[23,1656],"tags":[],"class_list":["post-77620","post","type-post","status-publish","format-standard","has-post-thumbnail","hentry","category-noticias","category-quintana-roo"],"acf":[],"_links":{"self":[{"href":"https:\/\/l21.mx\/index.php?rest_route=\/wp\/v2\/posts\/77620","targetHints":{"allow":["GET"]}}],"collection":[{"href":"https:\/\/l21.mx\/index.php?rest_route=\/wp\/v2\/posts"}],"about":[{"href":"https:\/\/l21.mx\/index.php?rest_route=\/wp\/v2\/types\/post"}],"author":[{"embeddable":true,"href":"https:\/\/l21.mx\/index.php?rest_route=\/wp\/v2\/users\/100"}],"replies":[{"embeddable":true,"href":"https:\/\/l21.mx\/index.php?rest_route=%2Fwp%2Fv2%2Fcomments&post=77620"}],"version-history":[{"count":0,"href":"https:\/\/l21.mx\/index.php?rest_route=\/wp\/v2\/posts\/77620\/revisions"}],"wp:featuredmedia":[{"embeddable":true,"href":"https:\/\/l21.mx\/index.php?rest_route=\/wp\/v2\/media\/77622"}],"wp:attachment":[{"href":"https:\/\/l21.mx\/index.php?rest_route=%2Fwp%2Fv2%2Fmedia&parent=77620"}],"wp:term":[{"taxonomy":"category","embeddable":true,"href":"https:\/\/l21.mx\/index.php?rest_route=%2Fwp%2Fv2%2Fcategories&post=77620"},{"taxonomy":"post_tag","embeddable":true,"href":"https:\/\/l21.mx\/index.php?rest_route=%2Fwp%2Fv2%2Ftags&post=77620"}],"curies":[{"name":"wp","href":"https:\/\/api.w.org\/{rel}","templated":true}]}}