{"id":77628,"date":"2024-08-10T19:18:29","date_gmt":"2024-08-11T00:18:29","guid":{"rendered":"https:\/\/l21.mx\/?p=77628"},"modified":"2024-08-10T19:18:29","modified_gmt":"2024-08-11T00:18:29","slug":"anuncian-app-que-atraera-mas-turismo-en-solidaridad","status":"publish","type":"post","link":"https:\/\/l21.mx\/?p=77628","title":{"rendered":"Anuncian App que atraer\u00e1 m\u00e1s turismo en Solidaridad"},"content":{"rendered":"<p>&nbsp;<\/p>\n<p>Playa del Carmen, Solidaridad a 10 de agosto del 2024.- El objetivo del gobierno que dirige la presidenta Lili Campos es impulsar el turismo en el municipio, por ello, se llev\u00f3 a cabo la presentaci\u00f3n de la app tur\u00edstica Vivam.<\/p>\n<p><a href=\"https:\/\/l21.mx\/wp-content\/uploads\/2024\/08\/WhatsApp-Image-2024-08-10-at-3.31.53-PM-1.jpeg\" data-rel=\"penci-gallery-image-content\" ><img fetchpriority=\"high\" decoding=\"async\" class=\"alignnone size-medium wp-image-77631\" src=\"https:\/\/l21.mx\/wp-content\/uploads\/2024\/08\/WhatsApp-Image-2024-08-10-at-3.31.53-PM-1-200x300.jpeg\" alt=\"\" width=\"200\" height=\"300\" srcset=\"https:\/\/l21.mx\/wp-content\/uploads\/2024\/08\/WhatsApp-Image-2024-08-10-at-3.31.53-PM-1-200x300.jpeg 200w, https:\/\/l21.mx\/wp-content\/uploads\/2024\/08\/WhatsApp-Image-2024-08-10-at-3.31.53-PM-1-682x1024.jpeg 682w, https:\/\/l21.mx\/wp-content\/uploads\/2024\/08\/WhatsApp-Image-2024-08-10-at-3.31.53-PM-1-768x1152.jpeg 768w, https:\/\/l21.mx\/wp-content\/uploads\/2024\/08\/WhatsApp-Image-2024-08-10-at-3.31.53-PM-1-585x878.jpeg 585w, https:\/\/l21.mx\/wp-content\/uploads\/2024\/08\/WhatsApp-Image-2024-08-10-at-3.31.53-PM-1.jpeg 853w\" sizes=\"(max-width: 200px) 100vw, 200px\" \/><\/a><\/p>\n<p>Joel Mart\u00ednez, encargado de Gesti\u00f3n y Vinculaci\u00f3n de esta aplicaci\u00f3n, inform\u00f3 que esta aplicaci\u00f3n es de mexicanos para mexicanos, \u00absomos una potencia en turismo y competimos con algunos pa\u00edses a nivel mundial y queremos que la gente que visite nuestro pa\u00eds tenga una gu\u00eda confiable durante su estancia en M\u00e9xico\u00bb.<\/p>\n<p><a href=\"https:\/\/l21.mx\/wp-content\/uploads\/2024\/08\/WhatsApp-Image-2024-08-10-at-3.31.53-PM-2.jpeg\" data-rel=\"penci-gallery-image-content\" ><img decoding=\"async\" class=\"alignnone size-medium wp-image-77629\" src=\"https:\/\/l21.mx\/wp-content\/uploads\/2024\/08\/WhatsApp-Image-2024-08-10-at-3.31.53-PM-2-300x200.jpeg\" alt=\"\" width=\"300\" height=\"200\" srcset=\"https:\/\/l21.mx\/wp-content\/uploads\/2024\/08\/WhatsApp-Image-2024-08-10-at-3.31.53-PM-2-300x200.jpeg 300w, https:\/\/l21.mx\/wp-content\/uploads\/2024\/08\/WhatsApp-Image-2024-08-10-at-3.31.53-PM-2-1024x682.jpeg 1024w, https:\/\/l21.mx\/wp-content\/uploads\/2024\/08\/WhatsApp-Image-2024-08-10-at-3.31.53-PM-2-768x512.jpeg 768w, https:\/\/l21.mx\/wp-content\/uploads\/2024\/08\/WhatsApp-Image-2024-08-10-at-3.31.53-PM-2-1170x780.jpeg 1170w, https:\/\/l21.mx\/wp-content\/uploads\/2024\/08\/WhatsApp-Image-2024-08-10-at-3.31.53-PM-2-585x390.jpeg 585w, https:\/\/l21.mx\/wp-content\/uploads\/2024\/08\/WhatsApp-Image-2024-08-10-at-3.31.53-PM-2-263x175.jpeg 263w, https:\/\/l21.mx\/wp-content\/uploads\/2024\/08\/WhatsApp-Image-2024-08-10-at-3.31.53-PM-2.jpeg 1280w\" sizes=\"(max-width: 300px) 100vw, 300px\" \/><\/a><\/p>\n<p>Se pretende que Solidaridad y los otros 10 municipios de Quintana Roo, est\u00e9n inscritos como instancias gubernamentales para as\u00ed poder dar la difusi\u00f3n a todos los eventos art\u00edsticos, culturales e incluso gastron\u00f3micos que se realicen en los destinos tur\u00edsticos.<\/p>\n<p>&nbsp;<\/p>\n<p>Es importante mencionar que esta aplicaci\u00f3n est\u00e1 disponible para iOS y Android y cuenta con planes accesibles para aquellos emprendedores que deseen participar.<\/p>\n","protected":false},"excerpt":{"rendered":"<p>&nbsp; Playa del Carmen, Solidaridad a 10 de agosto del 2024.- El objetivo del gobierno que&hellip;<\/p>\n","protected":false},"author":100,"featured_media":77630,"comment_status":"closed","ping_status":"closed","sticky":false,"template":"","format":"standard","meta":{"_acf_changed":false,"_lmt_disableupdate":"","_lmt_disable":"","_mbp_gutenberg_autopost":false,"footnotes":""},"categories":[1654],"tags":[],"class_list":["post-77628","post","type-post","status-publish","format-standard","has-post-thumbnail","hentry","category-solidaridad"],"acf":[],"_links":{"self":[{"href":"https:\/\/l21.mx\/index.php?rest_route=\/wp\/v2\/posts\/77628","targetHints":{"allow":["GET"]}}],"collection":[{"href":"https:\/\/l21.mx\/index.php?rest_route=\/wp\/v2\/posts"}],"about":[{"href":"https:\/\/l21.mx\/index.php?rest_route=\/wp\/v2\/types\/post"}],"author":[{"embeddable":true,"href":"https:\/\/l21.mx\/index.php?rest_route=\/wp\/v2\/users\/100"}],"replies":[{"embeddable":true,"href":"https:\/\/l21.mx\/index.php?rest_route=%2Fwp%2Fv2%2Fcomments&post=77628"}],"version-history":[{"count":0,"href":"https:\/\/l21.mx\/index.php?rest_route=\/wp\/v2\/posts\/77628\/revisions"}],"wp:featuredmedia":[{"embeddable":true,"href":"https:\/\/l21.mx\/index.php?rest_route=\/wp\/v2\/media\/77630"}],"wp:attachment":[{"href":"https:\/\/l21.mx\/index.php?rest_route=%2Fwp%2Fv2%2Fmedia&parent=77628"}],"wp:term":[{"taxonomy":"category","embeddable":true,"href":"https:\/\/l21.mx\/index.php?rest_route=%2Fwp%2Fv2%2Fcategories&post=77628"},{"taxonomy":"post_tag","embeddable":true,"href":"https:\/\/l21.mx\/index.php?rest_route=%2Fwp%2Fv2%2Ftags&post=77628"}],"curies":[{"name":"wp","href":"https:\/\/api.w.org\/{rel}","templated":true}]}}