{"id":7769,"date":"2014-07-31T13:58:41","date_gmt":"2014-07-31T18:58:41","guid":{"rendered":"http:\/\/innovatori.space\/lat21\/?p=7769"},"modified":"2014-07-31T13:58:41","modified_gmt":"2014-07-31T18:58:41","slug":"el-ing-fernando-garcia-zalvidea-es-homenajeado-con-dos-reconocimientos-postumos-por-su-trayectoria-y-aportes-al-desarrollo-del-turismo-nacional","status":"publish","type":"post","link":"https:\/\/l21.mx\/?p=7769","title":{"rendered":"EL ING. FERNANDO GARC\u00cdA ZALVIDEA ES HOMENAJEADO CON DOS RECONOCIMIENTOS POSTUMOS POR SU TRAYECTORIA Y APORTES AL DESARROLLO DEL TURISMO NACIONAL"},"content":{"rendered":"<p><a href=\"http:\/\/l21.mx\/wp-content\/uploads\/2013\/11\/FERNANDO-GARCIA-ZALVIDEA-.jpg\" data-rel=\"penci-gallery-image-content\" ><img fetchpriority=\"high\" decoding=\"async\" class=\"alignleft size-large wp-image-5004\" title=\"FERNANDO GARCIA ZALVIDEA\" src=\"http:\/\/l21.mx\/wp-content\/uploads\/2013\/11\/FERNANDO-GARCIA-ZALVIDEA--680x1024.jpg\" alt=\"\" width=\"680\" height=\"1024\" srcset=\"https:\/\/l21.mx\/wp-content\/uploads\/2013\/11\/FERNANDO-GARCIA-ZALVIDEA--680x1024.jpg 680w, https:\/\/l21.mx\/wp-content\/uploads\/2013\/11\/FERNANDO-GARCIA-ZALVIDEA--199x300.jpg 199w, https:\/\/l21.mx\/wp-content\/uploads\/2013\/11\/FERNANDO-GARCIA-ZALVIDEA--768x1156.jpg 768w, https:\/\/l21.mx\/wp-content\/uploads\/2013\/11\/FERNANDO-GARCIA-ZALVIDEA--1020x1536.jpg 1020w, https:\/\/l21.mx\/wp-content\/uploads\/2013\/11\/FERNANDO-GARCIA-ZALVIDEA--1360x2048.jpg 1360w, https:\/\/l21.mx\/wp-content\/uploads\/2013\/11\/FERNANDO-GARCIA-ZALVIDEA--1170x1761.jpg 1170w, https:\/\/l21.mx\/wp-content\/uploads\/2013\/11\/FERNANDO-GARCIA-ZALVIDEA--585x881.jpg 585w, https:\/\/l21.mx\/wp-content\/uploads\/2013\/11\/FERNANDO-GARCIA-ZALVIDEA-.jpg 1500w\" sizes=\"(max-width: 680px) 100vw, 680px\" \/><\/a><\/p>\n<ul>\n<li><em style=\"color: #333333;\">El Ing. Julian Balbuena, Presidente del Consejo de <strong>Best Day Travel,<\/strong> recibi\u00f3 la presea otorgada por la Asociaci\u00f3n Mexicana de Agencias Viajes (AMAV), a nivel nacional, de manos de su Presidente, Julio Casta\u00f1eda Carri\u00f3n.<\/em><\/li>\n<li><em style=\"color: #333333;\">En emotivo homenaje en Canc\u00fan, la Sra. Lolita Ulloa de Garc\u00eda Zalvidea, recibi\u00f3 el reconocimiento otorgado por parte de la AMAV Quintana Roo.<\/em><\/li>\n<\/ul>\n<p>&nbsp;<\/p>\n<p><strong>Canc\u00fan, Quintana Roo, a 30 de Julio de 2014.-<\/strong> Fernando Garc\u00eda Zalvidea, fundador de <strong>Best Day Travel<\/strong>, las agencias de viajes, operadora receptiva y en l\u00ednea (OTA), m\u00e1s Importantes de M\u00e9xico, fue merecedor de dos reconocimientos p\u00f3stumos por parte de la Asociaci\u00f3n Mexicana de Agencias de Viajes (AMAV) a nivel nacional y de su Cap\u00edtulo Quintana Roo.<\/p>\n<p>En el marco del festejo del 69\u00ba aniversario de la fundaci\u00f3n de la AMAV Nacional, encabezado por la titular de la Secretar\u00eda de Turismo de M\u00e9xico, <strong>Claudia Ruiz Massieu<\/strong>, el Ing. Juli\u00e1n Balbuena Alonso, Presidente del Consejo de Best Day Travel, recibi\u00f3 el reconocimiento de manos del presidente nacional de la AMAV, Julio Casta\u00f1eda Carri\u00f3n.<\/p>\n<p>Durante su intervenci\u00f3n, la Lic. Ru\u00edz Massieu destac\u00f3\u00a0 la gran aportaci\u00f3n del Ing. Garc\u00eda Zalvidea al desarrollo de Canc\u00fan, la Riviera Maya y el resto de M\u00e9xico, sentando las bases para convertir a <strong>Best Day Travel<\/strong> en una de las mejores agencias de viajes en el mundo.<\/p>\n<p><em>\u201cEstamos muy contentos por este merecido homenaje a Fernando. Estoy seguro que, desde el cielo, en donde estamos seguros est\u00e1, festeja con nosotros este emotivo reconocimiento\u201d<\/em>, se\u00f1alo el <strong>Ing. Juli\u00e1n Balbuena<\/strong>.<\/p>\n<p>A este evento, celebrado en la Ciudad de M\u00e9xico, asisti\u00f3 tambi\u00e9n la Lic. Laura Fern\u00e1ndez Pi\u00f1a, Secretaria de Turismo de Quintana Roo, as\u00ed como empresarios de la industria tur\u00edstica y de medios de Comunicaci\u00f3n.<\/p>\n<p>Un reconocimiento m\u00e1s al Ing. Garc\u00eda Zalvidea fue recibido por su viuda, la Sra. Lolita Ulloa de Garc\u00eda Zalvidea y su hijo Luis, otorgado por la Asociaci\u00f3n Mexicana de Agencias de Viajes de Quintana Roo, durante la conmemoraci\u00f3n de su 38vo aniversario.<\/p>\n<p>&nbsp;<\/p>\n<p>En este evento, y a nombre de sus empresas asociadas, el Presidente Ejecutivo de la AMAV Q. Roo, el Lic. Sergio Gonz\u00e1lez Rubiera, dirigi\u00f3 un emotivo mensaje, como sentido y merecido homenaje a Fernando, quien tambi\u00e9n fue Presidente de la Cadena Hotelera Real Resorts.<\/p>\n<p>&nbsp;<\/p>\n<p>El Ingeniero Fernando Garc\u00eda Zalvidea, a trav\u00e9s de su admirable trayectoria, visi\u00f3n, trabajo y premisa de <strong>\u201chacer todo con amor\u201d<\/strong>, logr\u00f3 que <strong>Best Day<\/strong> sea, hoy en d\u00eda, l\u00edder y referente en el sector tur\u00edstico mexicano.<\/p>\n","protected":false},"excerpt":{"rendered":"<p>El Ing. Julian Balbuena, Presidente del Consejo de Best Day Travel, recibi\u00f3 la presea otorgada por&hellip;<\/p>\n","protected":false},"author":2,"featured_media":0,"comment_status":"open","ping_status":"open","sticky":false,"template":"","format":"standard","meta":{"_acf_changed":false,"_lmt_disableupdate":"","_lmt_disable":"","_mbp_gutenberg_autopost":false,"footnotes":""},"categories":[23,8],"tags":[],"class_list":["post-7769","post","type-post","status-publish","format-standard","hentry","category-noticias","category-turismo"],"acf":[],"_links":{"self":[{"href":"https:\/\/l21.mx\/index.php?rest_route=\/wp\/v2\/posts\/7769","targetHints":{"allow":["GET"]}}],"collection":[{"href":"https:\/\/l21.mx\/index.php?rest_route=\/wp\/v2\/posts"}],"about":[{"href":"https:\/\/l21.mx\/index.php?rest_route=\/wp\/v2\/types\/post"}],"author":[{"embeddable":true,"href":"https:\/\/l21.mx\/index.php?rest_route=\/wp\/v2\/users\/2"}],"replies":[{"embeddable":true,"href":"https:\/\/l21.mx\/index.php?rest_route=%2Fwp%2Fv2%2Fcomments&post=7769"}],"version-history":[{"count":0,"href":"https:\/\/l21.mx\/index.php?rest_route=\/wp\/v2\/posts\/7769\/revisions"}],"wp:attachment":[{"href":"https:\/\/l21.mx\/index.php?rest_route=%2Fwp%2Fv2%2Fmedia&parent=7769"}],"wp:term":[{"taxonomy":"category","embeddable":true,"href":"https:\/\/l21.mx\/index.php?rest_route=%2Fwp%2Fv2%2Fcategories&post=7769"},{"taxonomy":"post_tag","embeddable":true,"href":"https:\/\/l21.mx\/index.php?rest_route=%2Fwp%2Fv2%2Ftags&post=7769"}],"curies":[{"name":"wp","href":"https:\/\/api.w.org\/{rel}","templated":true}]}}