{"id":77759,"date":"2024-08-15T12:02:49","date_gmt":"2024-08-15T17:02:49","guid":{"rendered":"https:\/\/l21.mx\/?p=77759"},"modified":"2024-08-15T12:02:49","modified_gmt":"2024-08-15T17:02:49","slug":"constatan-progreso-en-infraestructura-clave-para-la-movilidad-en-quintana-roo","status":"publish","type":"post","link":"https:\/\/l21.mx\/?p=77759","title":{"rendered":"Constatan progreso en infraestructura clave para la movilidad en Quintana Roo"},"content":{"rendered":"<p>&nbsp;<\/p>\n<p>-Refuerzan AGEPRO y SICT\u00a0la coordinaci\u00f3n en el proyecto del puente vehicular Nichupt\u00e9 de Canc\u00fan<\/p>\n<p><a href=\"https:\/\/l21.mx\/wp-content\/uploads\/2024\/08\/WhatsApp-Image-2024-08-15-at-11.48.08-AM.jpeg\" data-rel=\"penci-gallery-image-content\" ><img fetchpriority=\"high\" decoding=\"async\" class=\"alignnone size-medium wp-image-77762\" src=\"https:\/\/l21.mx\/wp-content\/uploads\/2024\/08\/WhatsApp-Image-2024-08-15-at-11.48.08-AM-300x232.jpeg\" alt=\"\" width=\"300\" height=\"232\" srcset=\"https:\/\/l21.mx\/wp-content\/uploads\/2024\/08\/WhatsApp-Image-2024-08-15-at-11.48.08-AM-300x232.jpeg 300w, https:\/\/l21.mx\/wp-content\/uploads\/2024\/08\/WhatsApp-Image-2024-08-15-at-11.48.08-AM-1024x791.jpeg 1024w, https:\/\/l21.mx\/wp-content\/uploads\/2024\/08\/WhatsApp-Image-2024-08-15-at-11.48.08-AM-768x593.jpeg 768w, https:\/\/l21.mx\/wp-content\/uploads\/2024\/08\/WhatsApp-Image-2024-08-15-at-11.48.08-AM-1536x1187.jpeg 1536w, https:\/\/l21.mx\/wp-content\/uploads\/2024\/08\/WhatsApp-Image-2024-08-15-at-11.48.08-AM-1170x904.jpeg 1170w, https:\/\/l21.mx\/wp-content\/uploads\/2024\/08\/WhatsApp-Image-2024-08-15-at-11.48.08-AM-585x452.jpeg 585w, https:\/\/l21.mx\/wp-content\/uploads\/2024\/08\/WhatsApp-Image-2024-08-15-at-11.48.08-AM.jpeg 1600w\" sizes=\"(max-width: 300px) 100vw, 300px\" \/><\/a><\/p>\n<p>Canc\u00fan.- En el marco del compromiso con el desarrollo de infraestructura trascendental para Quintana Roo, la Agencia de Proyectos Estrat\u00e9gicos del Estado (AGEPRO) en coordinaci\u00f3n con la Secretar\u00eda de Infraestructura, Comunicaciones y Transportes (SICT), llevaron a cabo un recorrido de supervisi\u00f3n en el puente vehicular Nichupt\u00e9.<\/p>\n<p>Este proyecto es parte integral del Nuevo Acuerdo por el Bienestar y Desarrollo de Quintana Roo, que promueva la gobernadora Mara Lezama Espinosa, y busca mejorar la movilidad y la conectividad en el estado, contribuyendo a una mejor calidad de vida y lograr la transformaci\u00f3n profunda.<\/p>\n<p>Al respecto, el director general de AGEPRO, Jos\u00e9 Alberto Alonso Ovando, afirm\u00f3: \u201cEl puente vehicular Nichupt\u00e9 representa un avance crucial para fortalecer la infraestructura vial de Quintana Roo, asegurando un desarrollo ordenado, sostenible y seguro para la regi\u00f3n. Nuestro compromiso es claro, brindar soluciones que mejoren la calidad de vida de los quintanarroenses.\u201d<\/p>\n<p><a href=\"https:\/\/l21.mx\/wp-content\/uploads\/2024\/08\/WhatsApp-Image-2024-08-15-at-11.48.09-AM.jpeg\" data-rel=\"penci-gallery-image-content\" ><img decoding=\"async\" class=\"alignnone size-medium wp-image-77761\" src=\"https:\/\/l21.mx\/wp-content\/uploads\/2024\/08\/WhatsApp-Image-2024-08-15-at-11.48.09-AM-300x232.jpeg\" alt=\"\" width=\"300\" height=\"232\" srcset=\"https:\/\/l21.mx\/wp-content\/uploads\/2024\/08\/WhatsApp-Image-2024-08-15-at-11.48.09-AM-300x232.jpeg 300w, https:\/\/l21.mx\/wp-content\/uploads\/2024\/08\/WhatsApp-Image-2024-08-15-at-11.48.09-AM-1024x791.jpeg 1024w, https:\/\/l21.mx\/wp-content\/uploads\/2024\/08\/WhatsApp-Image-2024-08-15-at-11.48.09-AM-768x593.jpeg 768w, https:\/\/l21.mx\/wp-content\/uploads\/2024\/08\/WhatsApp-Image-2024-08-15-at-11.48.09-AM-1536x1187.jpeg 1536w, https:\/\/l21.mx\/wp-content\/uploads\/2024\/08\/WhatsApp-Image-2024-08-15-at-11.48.09-AM-1170x904.jpeg 1170w, https:\/\/l21.mx\/wp-content\/uploads\/2024\/08\/WhatsApp-Image-2024-08-15-at-11.48.09-AM-585x452.jpeg 585w, https:\/\/l21.mx\/wp-content\/uploads\/2024\/08\/WhatsApp-Image-2024-08-15-at-11.48.09-AM.jpeg 1600w\" sizes=\"(max-width: 300px) 100vw, 300px\" \/><\/a><\/p>\n<p>Durante el recorrido, que abarc\u00f3 la zona del entronque terrestre en la glorieta de la avenida Kabah con Colosio y Tulum, se constat\u00f3 la terminaci\u00f3n de las losas y la compactaci\u00f3n de la terracer\u00eda en la rampa de acceso de la avenida Kabah.<\/p>\n<p>Asimismo, en la zona sobre el puente, se observ\u00f3 el avance en el armado de la losa de concreto, la cual ser\u00e1 preparada para recibir la carpeta asf\u00e1ltica en las pr\u00f3ximas etapas.<\/p>\n<p><a href=\"https:\/\/l21.mx\/wp-content\/uploads\/2024\/08\/WhatsApp-Image-2024-08-15-at-11.48.10-AM.jpeg\" data-rel=\"penci-gallery-image-content\" ><img decoding=\"async\" class=\"alignnone size-medium wp-image-77763\" src=\"https:\/\/l21.mx\/wp-content\/uploads\/2024\/08\/WhatsApp-Image-2024-08-15-at-11.48.10-AM-300x232.jpeg\" alt=\"\" width=\"300\" height=\"232\" srcset=\"https:\/\/l21.mx\/wp-content\/uploads\/2024\/08\/WhatsApp-Image-2024-08-15-at-11.48.10-AM-300x232.jpeg 300w, https:\/\/l21.mx\/wp-content\/uploads\/2024\/08\/WhatsApp-Image-2024-08-15-at-11.48.10-AM-1024x791.jpeg 1024w, https:\/\/l21.mx\/wp-content\/uploads\/2024\/08\/WhatsApp-Image-2024-08-15-at-11.48.10-AM-768x593.jpeg 768w, https:\/\/l21.mx\/wp-content\/uploads\/2024\/08\/WhatsApp-Image-2024-08-15-at-11.48.10-AM-1536x1187.jpeg 1536w, https:\/\/l21.mx\/wp-content\/uploads\/2024\/08\/WhatsApp-Image-2024-08-15-at-11.48.10-AM-1170x904.jpeg 1170w, https:\/\/l21.mx\/wp-content\/uploads\/2024\/08\/WhatsApp-Image-2024-08-15-at-11.48.10-AM-585x452.jpeg 585w, https:\/\/l21.mx\/wp-content\/uploads\/2024\/08\/WhatsApp-Image-2024-08-15-at-11.48.10-AM.jpeg 1600w\" sizes=\"(max-width: 300px) 100vw, 300px\" \/><\/a><\/p>\n<p>En la zona lagunar, el proyecto avanza mediante un sistema constructivo con barcazas, donde se ha logrado el progreso en la construcci\u00f3n de cabezales, trabes y el colado de la losa en el tramo comprendido entre los apoyos 199 al 202. A\u00fan queda pendiente el trabajo entre los apoyos 198 al 152.<\/p>\n<p>Hasta la fecha de la visita, el avance global del puente vehicular Nichupt\u00e9 refleja el compromiso de los tres \u00f3rdenes d<\/p>\n","protected":false},"excerpt":{"rendered":"<p>&nbsp; -Refuerzan AGEPRO y SICT\u00a0la coordinaci\u00f3n en el proyecto del puente vehicular Nichupt\u00e9 de Canc\u00fan Canc\u00fan.-&hellip;<\/p>\n","protected":false},"author":100,"featured_media":77760,"comment_status":"closed","ping_status":"closed","sticky":false,"template":"","format":"standard","meta":{"_acf_changed":false,"_lmt_disableupdate":"","_lmt_disable":"","_mbp_gutenberg_autopost":false,"footnotes":""},"categories":[23,1656],"tags":[],"class_list":["post-77759","post","type-post","status-publish","format-standard","has-post-thumbnail","hentry","category-noticias","category-quintana-roo"],"acf":[],"_links":{"self":[{"href":"https:\/\/l21.mx\/index.php?rest_route=\/wp\/v2\/posts\/77759","targetHints":{"allow":["GET"]}}],"collection":[{"href":"https:\/\/l21.mx\/index.php?rest_route=\/wp\/v2\/posts"}],"about":[{"href":"https:\/\/l21.mx\/index.php?rest_route=\/wp\/v2\/types\/post"}],"author":[{"embeddable":true,"href":"https:\/\/l21.mx\/index.php?rest_route=\/wp\/v2\/users\/100"}],"replies":[{"embeddable":true,"href":"https:\/\/l21.mx\/index.php?rest_route=%2Fwp%2Fv2%2Fcomments&post=77759"}],"version-history":[{"count":0,"href":"https:\/\/l21.mx\/index.php?rest_route=\/wp\/v2\/posts\/77759\/revisions"}],"wp:featuredmedia":[{"embeddable":true,"href":"https:\/\/l21.mx\/index.php?rest_route=\/wp\/v2\/media\/77760"}],"wp:attachment":[{"href":"https:\/\/l21.mx\/index.php?rest_route=%2Fwp%2Fv2%2Fmedia&parent=77759"}],"wp:term":[{"taxonomy":"category","embeddable":true,"href":"https:\/\/l21.mx\/index.php?rest_route=%2Fwp%2Fv2%2Fcategories&post=77759"},{"taxonomy":"post_tag","embeddable":true,"href":"https:\/\/l21.mx\/index.php?rest_route=%2Fwp%2Fv2%2Ftags&post=77759"}],"curies":[{"name":"wp","href":"https:\/\/api.w.org\/{rel}","templated":true}]}}