{"id":77767,"date":"2024-08-15T12:06:47","date_gmt":"2024-08-15T17:06:47","guid":{"rendered":"https:\/\/l21.mx\/?p=77767"},"modified":"2024-08-15T12:06:47","modified_gmt":"2024-08-15T17:06:47","slug":"pone-en-marcha-dif-solidaridad-campana-de-apoyo-alimentario","status":"publish","type":"post","link":"https:\/\/l21.mx\/?p=77767","title":{"rendered":"Pone en marcha DIF Solidaridad Campa\u00f1a de Apoyo Alimentario"},"content":{"rendered":"<p>&nbsp;<\/p>\n<p>Playa del Carmen, Quintana Roo, a 15 de agosto del 2024.- Tras pasar el proceso de inscripci\u00f3n, el Gobierno de Solidaridad que encabeza la presidenta Lili Campos, a trav\u00e9s del Sistema para el Desarrollo Integral de la Familia (DIF) entregar\u00e1 productos de la canasta b\u00e1sica, a trav\u00e9s de la Campa\u00f1a de Apoyo Alimentario, a las personas que se encuentran en situaci\u00f3n de atenci\u00f3n prioritaria.<\/p>\n<p>La directora general del DIF, Adriana Cazales Dur\u00e1n inform\u00f3 que el proceso de registro a dicha campa\u00f1a, se llev\u00f3 a cabo del 31 de julio al 2 de agosto en Puerto Aventuras y Playa del Carmen, a donde acudieron personas contempladas en la categor\u00eda de la convocatoria: madres solteras, mujeres embarazadas, adultos mayores, personas con discapacidad y habitantes de comunidades rurales.<\/p>\n<p><a href=\"https:\/\/l21.mx\/wp-content\/uploads\/2024\/08\/WhatsApp-Image-2024-08-14-at-3.30.47-PM.jpeg\" data-rel=\"penci-gallery-image-content\" ><img fetchpriority=\"high\" decoding=\"async\" class=\"alignnone size-medium wp-image-77769\" src=\"https:\/\/l21.mx\/wp-content\/uploads\/2024\/08\/WhatsApp-Image-2024-08-14-at-3.30.47-PM-300x200.jpeg\" alt=\"\" width=\"300\" height=\"200\" srcset=\"https:\/\/l21.mx\/wp-content\/uploads\/2024\/08\/WhatsApp-Image-2024-08-14-at-3.30.47-PM-300x200.jpeg 300w, https:\/\/l21.mx\/wp-content\/uploads\/2024\/08\/WhatsApp-Image-2024-08-14-at-3.30.47-PM-1024x682.jpeg 1024w, https:\/\/l21.mx\/wp-content\/uploads\/2024\/08\/WhatsApp-Image-2024-08-14-at-3.30.47-PM-768x512.jpeg 768w, https:\/\/l21.mx\/wp-content\/uploads\/2024\/08\/WhatsApp-Image-2024-08-14-at-3.30.47-PM-1170x780.jpeg 1170w, https:\/\/l21.mx\/wp-content\/uploads\/2024\/08\/WhatsApp-Image-2024-08-14-at-3.30.47-PM-585x390.jpeg 585w, https:\/\/l21.mx\/wp-content\/uploads\/2024\/08\/WhatsApp-Image-2024-08-14-at-3.30.47-PM-263x175.jpeg 263w, https:\/\/l21.mx\/wp-content\/uploads\/2024\/08\/WhatsApp-Image-2024-08-14-at-3.30.47-PM.jpeg 1280w\" sizes=\"(max-width: 300px) 100vw, 300px\" \/><\/a><\/p>\n<p>\u201cLos criterios de selecci\u00f3n se tomaron con base a las personas incluidas en los sectores de la poblaci\u00f3n de atenci\u00f3n prioritaria, el objetivo de la campa\u00f1a es proporcionarles asistencia alimentaria, a trav\u00e9s de la entrega de productos de la canasta b\u00e1sica\u201d, refiri\u00f3.<\/p>\n<p>La entrega del apoyo alimentario se realizar\u00e1 del 19 de al 27 de agosto, de la siguiente manera: el 19 de agosto, en las instalaciones del DIF Municipal; el 20 de agosto, en Cristo Rey; el 21 de agosto, en las Torres; el 22 de agosto, en Nuevo Noh Bec; el 26 de agosto, en Villas del Sol, y el 27 de agosto, en Puerto Aventuras.<\/p>\n<p><a href=\"https:\/\/l21.mx\/wp-content\/uploads\/2024\/08\/WhatsApp-Image-2024-08-14-at-3.30.49-PM.jpeg\" data-rel=\"penci-gallery-image-content\" ><img decoding=\"async\" class=\"alignnone size-medium wp-image-77770\" src=\"https:\/\/l21.mx\/wp-content\/uploads\/2024\/08\/WhatsApp-Image-2024-08-14-at-3.30.49-PM-300x200.jpeg\" alt=\"\" width=\"300\" height=\"200\" srcset=\"https:\/\/l21.mx\/wp-content\/uploads\/2024\/08\/WhatsApp-Image-2024-08-14-at-3.30.49-PM-300x200.jpeg 300w, https:\/\/l21.mx\/wp-content\/uploads\/2024\/08\/WhatsApp-Image-2024-08-14-at-3.30.49-PM-1024x682.jpeg 1024w, https:\/\/l21.mx\/wp-content\/uploads\/2024\/08\/WhatsApp-Image-2024-08-14-at-3.30.49-PM-768x512.jpeg 768w, https:\/\/l21.mx\/wp-content\/uploads\/2024\/08\/WhatsApp-Image-2024-08-14-at-3.30.49-PM-1170x780.jpeg 1170w, https:\/\/l21.mx\/wp-content\/uploads\/2024\/08\/WhatsApp-Image-2024-08-14-at-3.30.49-PM-585x390.jpeg 585w, https:\/\/l21.mx\/wp-content\/uploads\/2024\/08\/WhatsApp-Image-2024-08-14-at-3.30.49-PM-263x175.jpeg 263w, https:\/\/l21.mx\/wp-content\/uploads\/2024\/08\/WhatsApp-Image-2024-08-14-at-3.30.49-PM.jpeg 1280w\" sizes=\"(max-width: 300px) 100vw, 300px\" \/><\/a><\/p>\n<p>Es importante mencionar que estos se recoger\u00e1n en el mismo sitio donde las personas se registraron previamente. Es importante acudir con folio de inscripci\u00f3n e identificaci\u00f3n oficial (INE), el tr\u00e1mite es personal.<\/p>\n<p>En el caso del d\u00eda 19 de agosto, que corresponde a la sede del DIF Municipal, la entrega ser\u00e1 a las 10:00 horas.<\/p>\n","protected":false},"excerpt":{"rendered":"<p>&nbsp; Playa del Carmen, Quintana Roo, a 15 de agosto del 2024.- Tras pasar el proceso&hellip;<\/p>\n","protected":false},"author":100,"featured_media":77768,"comment_status":"closed","ping_status":"closed","sticky":false,"template":"","format":"standard","meta":{"_acf_changed":false,"_lmt_disableupdate":"","_lmt_disable":"","_mbp_gutenberg_autopost":false,"footnotes":""},"categories":[1654],"tags":[],"class_list":["post-77767","post","type-post","status-publish","format-standard","has-post-thumbnail","hentry","category-solidaridad"],"acf":[],"_links":{"self":[{"href":"https:\/\/l21.mx\/index.php?rest_route=\/wp\/v2\/posts\/77767","targetHints":{"allow":["GET"]}}],"collection":[{"href":"https:\/\/l21.mx\/index.php?rest_route=\/wp\/v2\/posts"}],"about":[{"href":"https:\/\/l21.mx\/index.php?rest_route=\/wp\/v2\/types\/post"}],"author":[{"embeddable":true,"href":"https:\/\/l21.mx\/index.php?rest_route=\/wp\/v2\/users\/100"}],"replies":[{"embeddable":true,"href":"https:\/\/l21.mx\/index.php?rest_route=%2Fwp%2Fv2%2Fcomments&post=77767"}],"version-history":[{"count":0,"href":"https:\/\/l21.mx\/index.php?rest_route=\/wp\/v2\/posts\/77767\/revisions"}],"wp:featuredmedia":[{"embeddable":true,"href":"https:\/\/l21.mx\/index.php?rest_route=\/wp\/v2\/media\/77768"}],"wp:attachment":[{"href":"https:\/\/l21.mx\/index.php?rest_route=%2Fwp%2Fv2%2Fmedia&parent=77767"}],"wp:term":[{"taxonomy":"category","embeddable":true,"href":"https:\/\/l21.mx\/index.php?rest_route=%2Fwp%2Fv2%2Fcategories&post=77767"},{"taxonomy":"post_tag","embeddable":true,"href":"https:\/\/l21.mx\/index.php?rest_route=%2Fwp%2Fv2%2Ftags&post=77767"}],"curies":[{"name":"wp","href":"https:\/\/api.w.org\/{rel}","templated":true}]}}