{"id":77779,"date":"2024-08-15T12:21:38","date_gmt":"2024-08-15T17:21:38","guid":{"rendered":"https:\/\/l21.mx\/?p=77779"},"modified":"2024-08-15T12:21:38","modified_gmt":"2024-08-15T17:21:38","slug":"revisa-mara-lezama-con-el-secretario-de-marina-rafael-ojeda-duran-proyectos-para-la-atencion-del-sargazo-en-quintana-roo","status":"publish","type":"post","link":"https:\/\/l21.mx\/?p=77779","title":{"rendered":"Revisa Mara Lezama con el secretario de Marina, Rafael Ojeda Dur\u00e1n, proyectos para la atenci\u00f3n del sargazo en Quintana Roo"},"content":{"rendered":"<p>&nbsp;<\/p>\n<p>-Destaca presentaci\u00f3n de buque sargacero costero para continuar con el trabajo coordinado en la atenci\u00f3n integral del sargazo<\/p>\n<p>&nbsp;<\/p>\n<p>Canc\u00fan.- La gobernadora Mara Lezama Espinosa y el secretario de Marina, Almirante Jos\u00e9 Rafael Ojeda Dur\u00e1n, sostuvieron hoy una reuni\u00f3n de trabajo en el Complejo de Seguridad C5, de esta ciudad.<\/p>\n<p>Ambos abordaron y revisaron los diversos proyectos que, en conjunto, ejecutan para generar bienestar y paz social entre las y los quintanarroenses, en el marco del Nuevo Acuerdo por el Bienestar y Desarrollo de Quintana Roo.<\/p>\n<p>Asimismo, se plantearon las bases para la ratificaci\u00f3n del convenio entre el Gobierno del Estado y la Secretar\u00eda de Marina para continuar con la estrategia de atenci\u00f3n al sargazo.<\/p>\n<p>Entre estos, destaca el apoyo y la colaboraci\u00f3n coordinada para la atenci\u00f3n integral del arribo de sargazo, con la construcci\u00f3n de un buque sargacero costero de 15 metros de eslora, manga de 5.5 metros, y capacidad de carga de 20 toneladas.<\/p>\n<p>Al presentarse el proyecto, se inform\u00f3 de un tiempo de construcci\u00f3n estimado en 4 meses, con banda recolectora de sargazo, gr\u00faa para manejo de pesos de 2.6 toneladas, as\u00ed como todos los sistemas y equipos necesarios.<\/p>\n","protected":false},"excerpt":{"rendered":"<p>&nbsp; -Destaca presentaci\u00f3n de buque sargacero costero para continuar con el trabajo coordinado en la atenci\u00f3n&hellip;<\/p>\n","protected":false},"author":100,"featured_media":77780,"comment_status":"closed","ping_status":"closed","sticky":false,"template":"","format":"standard","meta":{"_acf_changed":false,"_lmt_disableupdate":"","_lmt_disable":"","_mbp_gutenberg_autopost":false,"footnotes":""},"categories":[23,1656],"tags":[],"class_list":["post-77779","post","type-post","status-publish","format-standard","has-post-thumbnail","hentry","category-noticias","category-quintana-roo"],"acf":[],"_links":{"self":[{"href":"https:\/\/l21.mx\/index.php?rest_route=\/wp\/v2\/posts\/77779","targetHints":{"allow":["GET"]}}],"collection":[{"href":"https:\/\/l21.mx\/index.php?rest_route=\/wp\/v2\/posts"}],"about":[{"href":"https:\/\/l21.mx\/index.php?rest_route=\/wp\/v2\/types\/post"}],"author":[{"embeddable":true,"href":"https:\/\/l21.mx\/index.php?rest_route=\/wp\/v2\/users\/100"}],"replies":[{"embeddable":true,"href":"https:\/\/l21.mx\/index.php?rest_route=%2Fwp%2Fv2%2Fcomments&post=77779"}],"version-history":[{"count":0,"href":"https:\/\/l21.mx\/index.php?rest_route=\/wp\/v2\/posts\/77779\/revisions"}],"wp:featuredmedia":[{"embeddable":true,"href":"https:\/\/l21.mx\/index.php?rest_route=\/wp\/v2\/media\/77780"}],"wp:attachment":[{"href":"https:\/\/l21.mx\/index.php?rest_route=%2Fwp%2Fv2%2Fmedia&parent=77779"}],"wp:term":[{"taxonomy":"category","embeddable":true,"href":"https:\/\/l21.mx\/index.php?rest_route=%2Fwp%2Fv2%2Fcategories&post=77779"},{"taxonomy":"post_tag","embeddable":true,"href":"https:\/\/l21.mx\/index.php?rest_route=%2Fwp%2Fv2%2Ftags&post=77779"}],"curies":[{"name":"wp","href":"https:\/\/api.w.org\/{rel}","templated":true}]}}