{"id":77794,"date":"2024-08-15T16:46:49","date_gmt":"2024-08-15T21:46:49","guid":{"rendered":"https:\/\/l21.mx\/?p=77794"},"modified":"2024-08-15T16:46:49","modified_gmt":"2024-08-15T21:46:49","slug":"presentan-concierto-musical-a-alumnos-del-curso-de-verano-baxal-paal","status":"publish","type":"post","link":"https:\/\/l21.mx\/?p=77794","title":{"rendered":"Presentan concierto musical a alumnos del curso de verano \u201cBaxal Paal\u201d"},"content":{"rendered":"<p>&nbsp;<\/p>\n<p>Playa del Carmen, Solidaridad, 15 de agosto de 2024.- La presidenta municipal, Lili Campos, comparti\u00f3 una ma\u00f1ana llena de alegr\u00eda con cientos de ni\u00f1os del curso de verano Baxal Paal, disfrutando de un concierto musical ofrecido por el grupo \u00abRa\u00edces\u00bb del Instituto Municipal de la Cultura y las Artes (IMCAS) en la Palapa del DIF Solidaridad.<\/p>\n<p><a href=\"https:\/\/l21.mx\/wp-content\/uploads\/2024\/08\/WhatsApp-Image-2024-08-15-at-2.47.25-PM.jpeg\" data-rel=\"penci-gallery-image-content\" ><img fetchpriority=\"high\" decoding=\"async\" class=\"alignnone size-medium wp-image-77796\" src=\"https:\/\/l21.mx\/wp-content\/uploads\/2024\/08\/WhatsApp-Image-2024-08-15-at-2.47.25-PM-300x194.jpeg\" alt=\"\" width=\"300\" height=\"194\" srcset=\"https:\/\/l21.mx\/wp-content\/uploads\/2024\/08\/WhatsApp-Image-2024-08-15-at-2.47.25-PM-300x194.jpeg 300w, https:\/\/l21.mx\/wp-content\/uploads\/2024\/08\/WhatsApp-Image-2024-08-15-at-2.47.25-PM-1024x662.jpeg 1024w, https:\/\/l21.mx\/wp-content\/uploads\/2024\/08\/WhatsApp-Image-2024-08-15-at-2.47.25-PM-768x497.jpeg 768w, https:\/\/l21.mx\/wp-content\/uploads\/2024\/08\/WhatsApp-Image-2024-08-15-at-2.47.25-PM-1170x757.jpeg 1170w, https:\/\/l21.mx\/wp-content\/uploads\/2024\/08\/WhatsApp-Image-2024-08-15-at-2.47.25-PM-585x378.jpeg 585w, https:\/\/l21.mx\/wp-content\/uploads\/2024\/08\/WhatsApp-Image-2024-08-15-at-2.47.25-PM.jpeg 1280w\" sizes=\"(max-width: 300px) 100vw, 300px\" \/><\/a><\/p>\n<p>El evento comenz\u00f3 con una rese\u00f1a sobre c\u00f3mo nuestros antepasados interpretaron la m\u00fasica, conect\u00e1ndola con los sonidos de la naturaleza: el viento, el agua, los truenos, los p\u00e1jaros y los insectos. Luego, los ni\u00f1os tuvieron la oportunidad de participar activamente, tocando diversos instrumentos de percusi\u00f3n y tambores de diferentes tama\u00f1os.<\/p>\n<p><a href=\"https:\/\/l21.mx\/wp-content\/uploads\/2024\/08\/WhatsApp-Image-2024-08-15-at-2.47.25-PM-1.jpeg\" data-rel=\"penci-gallery-image-content\" ><img decoding=\"async\" class=\"alignnone size-medium wp-image-77797\" src=\"https:\/\/l21.mx\/wp-content\/uploads\/2024\/08\/WhatsApp-Image-2024-08-15-at-2.47.25-PM-1-300x225.jpeg\" alt=\"\" width=\"300\" height=\"225\" srcset=\"https:\/\/l21.mx\/wp-content\/uploads\/2024\/08\/WhatsApp-Image-2024-08-15-at-2.47.25-PM-1-300x225.jpeg 300w, https:\/\/l21.mx\/wp-content\/uploads\/2024\/08\/WhatsApp-Image-2024-08-15-at-2.47.25-PM-1-1024x768.jpeg 1024w, https:\/\/l21.mx\/wp-content\/uploads\/2024\/08\/WhatsApp-Image-2024-08-15-at-2.47.25-PM-1-768x576.jpeg 768w, https:\/\/l21.mx\/wp-content\/uploads\/2024\/08\/WhatsApp-Image-2024-08-15-at-2.47.25-PM-1-1200x900.jpeg 1200w, https:\/\/l21.mx\/wp-content\/uploads\/2024\/08\/WhatsApp-Image-2024-08-15-at-2.47.25-PM-1-1170x878.jpeg 1170w, https:\/\/l21.mx\/wp-content\/uploads\/2024\/08\/WhatsApp-Image-2024-08-15-at-2.47.25-PM-1-585x439.jpeg 585w, https:\/\/l21.mx\/wp-content\/uploads\/2024\/08\/WhatsApp-Image-2024-08-15-at-2.47.25-PM-1.jpeg 1280w\" sizes=\"(max-width: 300px) 100vw, 300px\" \/><\/a><\/p>\n<p>Al finalizar la ronda de melod\u00edas que abarc\u00f3 desde la \u00e9poca prehisp\u00e1nica hasta la colonizaci\u00f3n y la revoluci\u00f3n mexicana, la presidenta anim\u00f3 a los peque\u00f1os a bailar y a capturar el momento con una foto del recuerdo. Antes de despedirse, agradeci\u00f3 a todos por su entusiasta participaci\u00f3n en el curso Baxal Paal.<\/p>\n<p><a href=\"https:\/\/l21.mx\/wp-content\/uploads\/2024\/08\/WhatsApp-Image-2024-08-15-at-2.47.24-PM.jpeg\" data-rel=\"penci-gallery-image-content\" ><img decoding=\"async\" class=\"alignnone size-medium wp-image-77798\" src=\"https:\/\/l21.mx\/wp-content\/uploads\/2024\/08\/WhatsApp-Image-2024-08-15-at-2.47.24-PM-300x191.jpeg\" alt=\"\" width=\"300\" height=\"191\" srcset=\"https:\/\/l21.mx\/wp-content\/uploads\/2024\/08\/WhatsApp-Image-2024-08-15-at-2.47.24-PM-300x191.jpeg 300w, https:\/\/l21.mx\/wp-content\/uploads\/2024\/08\/WhatsApp-Image-2024-08-15-at-2.47.24-PM-1024x652.jpeg 1024w, https:\/\/l21.mx\/wp-content\/uploads\/2024\/08\/WhatsApp-Image-2024-08-15-at-2.47.24-PM-768x489.jpeg 768w, https:\/\/l21.mx\/wp-content\/uploads\/2024\/08\/WhatsApp-Image-2024-08-15-at-2.47.24-PM-1170x745.jpeg 1170w, https:\/\/l21.mx\/wp-content\/uploads\/2024\/08\/WhatsApp-Image-2024-08-15-at-2.47.24-PM-585x372.jpeg 585w, https:\/\/l21.mx\/wp-content\/uploads\/2024\/08\/WhatsApp-Image-2024-08-15-at-2.47.24-PM.jpeg 1280w\" sizes=\"(max-width: 300px) 100vw, 300px\" \/><\/a><\/p>\n<p>Este viernes, el curso de verano, que ha contado con la participaci\u00f3n de m\u00e1s de 240 ni\u00f1os, llegar\u00e1 a su fin tras cuatro semanas de intensas actividades. Entre las experiencias vividas, los menores disfrutaron de manualidades, folclor, baile, pintura, voleibol y f\u00fatbol, entre otras.<\/p>\n","protected":false},"excerpt":{"rendered":"<p>&nbsp; Playa del Carmen, Solidaridad, 15 de agosto de 2024.- La presidenta municipal, Lili Campos, comparti\u00f3&hellip;<\/p>\n","protected":false},"author":100,"featured_media":77795,"comment_status":"closed","ping_status":"closed","sticky":false,"template":"","format":"standard","meta":{"_acf_changed":false,"_lmt_disableupdate":"","_lmt_disable":"","_mbp_gutenberg_autopost":false,"footnotes":""},"categories":[1654],"tags":[],"class_list":["post-77794","post","type-post","status-publish","format-standard","has-post-thumbnail","hentry","category-solidaridad"],"acf":[],"_links":{"self":[{"href":"https:\/\/l21.mx\/index.php?rest_route=\/wp\/v2\/posts\/77794","targetHints":{"allow":["GET"]}}],"collection":[{"href":"https:\/\/l21.mx\/index.php?rest_route=\/wp\/v2\/posts"}],"about":[{"href":"https:\/\/l21.mx\/index.php?rest_route=\/wp\/v2\/types\/post"}],"author":[{"embeddable":true,"href":"https:\/\/l21.mx\/index.php?rest_route=\/wp\/v2\/users\/100"}],"replies":[{"embeddable":true,"href":"https:\/\/l21.mx\/index.php?rest_route=%2Fwp%2Fv2%2Fcomments&post=77794"}],"version-history":[{"count":0,"href":"https:\/\/l21.mx\/index.php?rest_route=\/wp\/v2\/posts\/77794\/revisions"}],"wp:featuredmedia":[{"embeddable":true,"href":"https:\/\/l21.mx\/index.php?rest_route=\/wp\/v2\/media\/77795"}],"wp:attachment":[{"href":"https:\/\/l21.mx\/index.php?rest_route=%2Fwp%2Fv2%2Fmedia&parent=77794"}],"wp:term":[{"taxonomy":"category","embeddable":true,"href":"https:\/\/l21.mx\/index.php?rest_route=%2Fwp%2Fv2%2Fcategories&post=77794"},{"taxonomy":"post_tag","embeddable":true,"href":"https:\/\/l21.mx\/index.php?rest_route=%2Fwp%2Fv2%2Ftags&post=77794"}],"curies":[{"name":"wp","href":"https:\/\/api.w.org\/{rel}","templated":true}]}}