{"id":77819,"date":"2024-08-16T17:16:52","date_gmt":"2024-08-16T22:16:52","guid":{"rendered":"https:\/\/l21.mx\/?p=77819"},"modified":"2024-08-16T17:16:52","modified_gmt":"2024-08-16T22:16:52","slug":"instalan-consejo-municipal-de-solidaridad-para-continuar-con-buenos-resultados","status":"publish","type":"post","link":"https:\/\/l21.mx\/?p=77819","title":{"rendered":"Instalan Consejo Municipal de Solidaridad para continuar con buenos resultados"},"content":{"rendered":"<p>&nbsp;<\/p>\n<p>Playa del Carmen, Solidaridad a 16 de agosto de 2024.- Con la finalidad de fortalecer la seguridad y mantener la paz social, la presidenta municipal, Lili Campos, encabez\u00f3 la instalaci\u00f3n del Consejo Municipal de Seguridad Ciudadana y realiz\u00f3 la toma de protesta a sus integrantes como parte de las acciones coordinadas de construcci\u00f3n de paz que distinguen a esta administraci\u00f3n.<\/p>\n<p>\u00abNo bajamos la guardia, la seguridad es la columna vertebral de una sociedad, hemos fortalecido a nuestra corporaci\u00f3n y trabajamos de la mano de los tres \u00f3rdenes de gobierno porque la seguridad la construimos entre todos\u00bb, precis\u00f3 la presidenta municipal, Lili Campos.<\/p>\n<p><a href=\"https:\/\/l21.mx\/wp-content\/uploads\/2024\/08\/WhatsApp-Image-2024-08-16-at-2.37.56-PM.jpeg\" data-rel=\"penci-gallery-image-content\" ><img fetchpriority=\"high\" decoding=\"async\" class=\"alignnone size-medium wp-image-77821\" src=\"https:\/\/l21.mx\/wp-content\/uploads\/2024\/08\/WhatsApp-Image-2024-08-16-at-2.37.56-PM-300x185.jpeg\" alt=\"\" width=\"300\" height=\"185\" srcset=\"https:\/\/l21.mx\/wp-content\/uploads\/2024\/08\/WhatsApp-Image-2024-08-16-at-2.37.56-PM-300x185.jpeg 300w, https:\/\/l21.mx\/wp-content\/uploads\/2024\/08\/WhatsApp-Image-2024-08-16-at-2.37.56-PM-1024x633.jpeg 1024w, https:\/\/l21.mx\/wp-content\/uploads\/2024\/08\/WhatsApp-Image-2024-08-16-at-2.37.56-PM-768x475.jpeg 768w, https:\/\/l21.mx\/wp-content\/uploads\/2024\/08\/WhatsApp-Image-2024-08-16-at-2.37.56-PM-1170x723.jpeg 1170w, https:\/\/l21.mx\/wp-content\/uploads\/2024\/08\/WhatsApp-Image-2024-08-16-at-2.37.56-PM-585x362.jpeg 585w, https:\/\/l21.mx\/wp-content\/uploads\/2024\/08\/WhatsApp-Image-2024-08-16-at-2.37.56-PM.jpeg 1280w\" sizes=\"(max-width: 300px) 100vw, 300px\" \/><\/a><\/p>\n<p>Este organismo que refuerza la coordinaci\u00f3n del Ayuntamiento de Solidaridad est\u00e1 integrado por el secretario general del Ayuntamiento, Cecilio Puc; el secretario de Seguridad Ciudadana del Estado, Julio Cesar G\u00f3mez; el secretario de Seguridad Ciudadana Municipal, Ra\u00fal Tassinari; el representante de la Guardia Nacional en el estado, Carlos Alberto Lara Camargo; en representaci\u00f3n de la Fiscal\u00eda General del Estado, Carlos Alberto Montesinos Garc\u00eda, y \u00c1ngel Salvador Contreras, tercer visitador general de la Comisi\u00f3n de Derechos Humanos del estado.<\/p>\n<p>Ra\u00fal Tassinari, asegur\u00f3 que desde el inicio de la administraci\u00f3n que preside Lili Campos, se fortaleci\u00f3 el estado de fuerza con m\u00e1s equipo, patrullas y elementos, bajo una l\u00ednea de trabajo coordinado con los tres \u00f3rdenes de gobierno, con resultados importantes frente a la delincuencia, manteniendo a Solidaridad entre los municipios con menos violencia en el pa\u00eds.<\/p>\n<p><a href=\"https:\/\/l21.mx\/wp-content\/uploads\/2024\/08\/WhatsApp-Image-2024-08-16-at-2.38.59-PM-1.jpeg\" data-rel=\"penci-gallery-image-content\" ><img decoding=\"async\" class=\"alignnone size-medium wp-image-77822\" src=\"https:\/\/l21.mx\/wp-content\/uploads\/2024\/08\/WhatsApp-Image-2024-08-16-at-2.38.59-PM-1-300x192.jpeg\" alt=\"\" width=\"300\" height=\"192\" srcset=\"https:\/\/l21.mx\/wp-content\/uploads\/2024\/08\/WhatsApp-Image-2024-08-16-at-2.38.59-PM-1-300x192.jpeg 300w, https:\/\/l21.mx\/wp-content\/uploads\/2024\/08\/WhatsApp-Image-2024-08-16-at-2.38.59-PM-1-1024x655.jpeg 1024w, https:\/\/l21.mx\/wp-content\/uploads\/2024\/08\/WhatsApp-Image-2024-08-16-at-2.38.59-PM-1-768x491.jpeg 768w, https:\/\/l21.mx\/wp-content\/uploads\/2024\/08\/WhatsApp-Image-2024-08-16-at-2.38.59-PM-1-1170x749.jpeg 1170w, https:\/\/l21.mx\/wp-content\/uploads\/2024\/08\/WhatsApp-Image-2024-08-16-at-2.38.59-PM-1-585x374.jpeg 585w, https:\/\/l21.mx\/wp-content\/uploads\/2024\/08\/WhatsApp-Image-2024-08-16-at-2.38.59-PM-1.jpeg 1280w\" sizes=\"(max-width: 300px) 100vw, 300px\" \/><\/a><\/p>\n<p>Durante el acto se cont\u00f3 con la presencia de Juan Carlos Hern\u00e1ndez, coordinador de la Mesa de Seguridad en Playa del Carmen; Luis Ernesto Mendicuti, presidente de la comisi\u00f3n de Seguridad de la Coparmex; as\u00ed como titulares de distintas secretar\u00edas y dependencias del Ayuntamiento y comandantes de la Secretar\u00eda de Seguridad Ciudadana Municipal de Solidaridad.<\/p>\n","protected":false},"excerpt":{"rendered":"<p>&nbsp; Playa del Carmen, Solidaridad a 16 de agosto de 2024.- Con la finalidad de fortalecer&hellip;<\/p>\n","protected":false},"author":100,"featured_media":77820,"comment_status":"closed","ping_status":"closed","sticky":false,"template":"","format":"standard","meta":{"_acf_changed":false,"_lmt_disableupdate":"","_lmt_disable":"","_mbp_gutenberg_autopost":false,"footnotes":""},"categories":[1654],"tags":[],"class_list":["post-77819","post","type-post","status-publish","format-standard","has-post-thumbnail","hentry","category-solidaridad"],"acf":[],"_links":{"self":[{"href":"https:\/\/l21.mx\/index.php?rest_route=\/wp\/v2\/posts\/77819","targetHints":{"allow":["GET"]}}],"collection":[{"href":"https:\/\/l21.mx\/index.php?rest_route=\/wp\/v2\/posts"}],"about":[{"href":"https:\/\/l21.mx\/index.php?rest_route=\/wp\/v2\/types\/post"}],"author":[{"embeddable":true,"href":"https:\/\/l21.mx\/index.php?rest_route=\/wp\/v2\/users\/100"}],"replies":[{"embeddable":true,"href":"https:\/\/l21.mx\/index.php?rest_route=%2Fwp%2Fv2%2Fcomments&post=77819"}],"version-history":[{"count":0,"href":"https:\/\/l21.mx\/index.php?rest_route=\/wp\/v2\/posts\/77819\/revisions"}],"wp:featuredmedia":[{"embeddable":true,"href":"https:\/\/l21.mx\/index.php?rest_route=\/wp\/v2\/media\/77820"}],"wp:attachment":[{"href":"https:\/\/l21.mx\/index.php?rest_route=%2Fwp%2Fv2%2Fmedia&parent=77819"}],"wp:term":[{"taxonomy":"category","embeddable":true,"href":"https:\/\/l21.mx\/index.php?rest_route=%2Fwp%2Fv2%2Fcategories&post=77819"},{"taxonomy":"post_tag","embeddable":true,"href":"https:\/\/l21.mx\/index.php?rest_route=%2Fwp%2Fv2%2Ftags&post=77819"}],"curies":[{"name":"wp","href":"https:\/\/api.w.org\/{rel}","templated":true}]}}