{"id":78642,"date":"2024-09-02T09:22:34","date_gmt":"2024-09-02T14:22:34","guid":{"rendered":"https:\/\/l21.mx\/?p=78642"},"modified":"2024-09-02T09:22:34","modified_gmt":"2024-09-02T14:22:34","slug":"compromiso-con-la-educacion","status":"publish","type":"post","link":"https:\/\/l21.mx\/?p=78642","title":{"rendered":"Compromiso con la educaci\u00f3n"},"content":{"rendered":"<p>&nbsp;<\/p>\n<p>&nbsp;<\/p>\n<p>&nbsp;<\/p>\n<p><em>Fundaci\u00f3n Brisas demuestra su responsabilidad social en este regreso a clases, en aras de contribuir a un futuro mejor para la ni\u00f1ez de Canc\u00fan<\/em><\/p>\n<p><a href=\"https:\/\/l21.mx\/wp-content\/uploads\/2024\/09\/RESP-SOCIAL-Brisas-Back-to-school-10-scaled.jpg\" data-rel=\"penci-gallery-image-content\" ><img fetchpriority=\"high\" decoding=\"async\" class=\"alignnone size-medium wp-image-78644\" src=\"https:\/\/l21.mx\/wp-content\/uploads\/2024\/09\/RESP-SOCIAL-Brisas-Back-to-school-10-300x191.jpg\" alt=\"\" width=\"300\" height=\"191\" srcset=\"https:\/\/l21.mx\/wp-content\/uploads\/2024\/09\/RESP-SOCIAL-Brisas-Back-to-school-10-300x191.jpg 300w, https:\/\/l21.mx\/wp-content\/uploads\/2024\/09\/RESP-SOCIAL-Brisas-Back-to-school-10-1024x652.jpg 1024w, https:\/\/l21.mx\/wp-content\/uploads\/2024\/09\/RESP-SOCIAL-Brisas-Back-to-school-10-768x489.jpg 768w, https:\/\/l21.mx\/wp-content\/uploads\/2024\/09\/RESP-SOCIAL-Brisas-Back-to-school-10-1536x979.jpg 1536w, https:\/\/l21.mx\/wp-content\/uploads\/2024\/09\/RESP-SOCIAL-Brisas-Back-to-school-10-2048x1305.jpg 2048w, https:\/\/l21.mx\/wp-content\/uploads\/2024\/09\/RESP-SOCIAL-Brisas-Back-to-school-10-1920x1223.jpg 1920w, https:\/\/l21.mx\/wp-content\/uploads\/2024\/09\/RESP-SOCIAL-Brisas-Back-to-school-10-1170x745.jpg 1170w, https:\/\/l21.mx\/wp-content\/uploads\/2024\/09\/RESP-SOCIAL-Brisas-Back-to-school-10-585x373.jpg 585w\" sizes=\"(max-width: 300px) 100vw, 300px\" \/><\/a><\/p>\n<p>Como parte de su compromiso por fomentar la educaci\u00f3n y la sana convivencia familiar, Fundaci\u00f3n Brisas A. C. entreg\u00f3 m\u00e1s de 200 mochilas con \u00fatiles escolares a hijos de colaboradores del hotel NIZUC Resort &amp; Spa.<\/p>\n<p>En este regreso a clases, la fundaci\u00f3n de Grupo Brisas, corporativo tur\u00edstico con presencia en las principales ciudades y destinos de playa del pa\u00eds con sus marcas NIZUC Resort &amp; Spa, Galer\u00eda Plaza y Las Brisas, apoy\u00f3 como cada a\u00f1o a sus colaboradores de su exclusivo resort ubicado en el Caribe Mexicano.<\/p>\n<p>Para esta ocasi\u00f3n especial, el resort convoc\u00f3 a su personal y a sus familias en el Circo Forever para disfrutar de una funci\u00f3n en exclusiva con lo mejor de su espect\u00e1culo que incluy\u00f3 payasos, acr\u00f3batas y princesas, mientras los presentes de todas las edades disfrutaban de refrescos y palomitas.<\/p>\n<p>El Comit\u00e9 Ejecutivo y Operativo del resort se encarg\u00f3 de entregar, en el transcurso de la funci\u00f3n, los apoyos escolares a los hijos de los colaboradores que cursan diferentes niveles educativos, como preescolar, primaria y secundaria.<\/p>\n<p>El director general del resort, Alfonso Mart\u00ednez destac\u00f3 que el evento cumpli\u00f3 con \u00e9xito su objetivo al reunir a m\u00e1s de 250 personas, entre familiares, amigos e hijos de sus colaboradores, quienes pasaron un rato de esparcimiento y recibieron en agradecimiento a su excelente labor este apoyo educativo que consisti\u00f3 en 22 mochilas para ni\u00f1os de preescolar, 144 mochilas para estudiantes de primaria y 48 de nivel secundaria.<\/p>\n<p>&nbsp;<\/p>\n<h4><strong>Aumento de matr\u00edcula<\/strong><\/h4>\n<p>En el nuevo ciclo escolar 2024-2025, Quintana Roo cuenta con una matr\u00edcula de 338,815 alumnos de educaci\u00f3n b\u00e1sica.<\/p>\n<p>Desde el 19 de agosto, los supervisores y jefes de sector regresaron a las escuelas para sostener reuniones de formaci\u00f3n continua y abordar el nuevo ciclo escolar; en tanto, el 20, 21 y 22 del mismo mes, retornaron las figuras de Direcci\u00f3n (maestras, maestros y personal administrativo), con el prop\u00f3sito de verificar que las instalaciones se encontraran limpias y en buenas condiciones.<\/p>\n<p>Afortunadamente, este a\u00f1o no se registraron reportes de robo, vandalismo o ambas cosas, derivado de los operativos que se llevaron a cabo durante los recesos de clases con la participaci\u00f3n de la Guardia Nacional, Secretar\u00eda de Seguridad Ciudadana y Seguridad P\u00fablica de los municipios.<\/p>\n<p><a href=\"https:\/\/l21.mx\/wp-content\/uploads\/2024\/09\/RESP-SOCIAL-Brisas-Back-to-school-3-scaled.jpg\" data-rel=\"penci-gallery-image-content\" ><img decoding=\"async\" class=\"alignnone size-medium wp-image-78645\" src=\"https:\/\/l21.mx\/wp-content\/uploads\/2024\/09\/RESP-SOCIAL-Brisas-Back-to-school-3-300x197.jpg\" alt=\"\" width=\"300\" height=\"197\" srcset=\"https:\/\/l21.mx\/wp-content\/uploads\/2024\/09\/RESP-SOCIAL-Brisas-Back-to-school-3-300x197.jpg 300w, https:\/\/l21.mx\/wp-content\/uploads\/2024\/09\/RESP-SOCIAL-Brisas-Back-to-school-3-1024x672.jpg 1024w, https:\/\/l21.mx\/wp-content\/uploads\/2024\/09\/RESP-SOCIAL-Brisas-Back-to-school-3-768x504.jpg 768w, https:\/\/l21.mx\/wp-content\/uploads\/2024\/09\/RESP-SOCIAL-Brisas-Back-to-school-3-1536x1008.jpg 1536w, https:\/\/l21.mx\/wp-content\/uploads\/2024\/09\/RESP-SOCIAL-Brisas-Back-to-school-3-2048x1345.jpg 2048w, https:\/\/l21.mx\/wp-content\/uploads\/2024\/09\/RESP-SOCIAL-Brisas-Back-to-school-3-1920x1261.jpg 1920w, https:\/\/l21.mx\/wp-content\/uploads\/2024\/09\/RESP-SOCIAL-Brisas-Back-to-school-3-1170x768.jpg 1170w, https:\/\/l21.mx\/wp-content\/uploads\/2024\/09\/RESP-SOCIAL-Brisas-Back-to-school-3-780x516.jpg 780w, https:\/\/l21.mx\/wp-content\/uploads\/2024\/09\/RESP-SOCIAL-Brisas-Back-to-school-3-585x384.jpg 585w\" sizes=\"(max-width: 300px) 100vw, 300px\" \/><\/a><\/p>\n<h4>Entrega de mochilas para los estudiantes<\/h4>\n<ul>\n<li>22 para preescolar<\/li>\n<li>144 para primaria<\/li>\n<li>48 para secundaria<\/li>\n<\/ul>\n<p>&nbsp;<\/p>\n<p>&nbsp;<\/p>\n","protected":false},"excerpt":{"rendered":"<p>&nbsp; &nbsp; &nbsp; Fundaci\u00f3n Brisas demuestra su responsabilidad social en este regreso a clases, en aras&hellip;<\/p>\n","protected":false},"author":100,"featured_media":78643,"comment_status":"closed","ping_status":"closed","sticky":false,"template":"","format":"standard","meta":{"_acf_changed":false,"_lmt_disableupdate":"","_lmt_disable":"","_mbp_gutenberg_autopost":false,"footnotes":""},"categories":[35],"tags":[],"class_list":["post-78642","post","type-post","status-publish","format-standard","has-post-thumbnail","hentry","category-responsabilidad-social"],"acf":[],"_links":{"self":[{"href":"https:\/\/l21.mx\/index.php?rest_route=\/wp\/v2\/posts\/78642","targetHints":{"allow":["GET"]}}],"collection":[{"href":"https:\/\/l21.mx\/index.php?rest_route=\/wp\/v2\/posts"}],"about":[{"href":"https:\/\/l21.mx\/index.php?rest_route=\/wp\/v2\/types\/post"}],"author":[{"embeddable":true,"href":"https:\/\/l21.mx\/index.php?rest_route=\/wp\/v2\/users\/100"}],"replies":[{"embeddable":true,"href":"https:\/\/l21.mx\/index.php?rest_route=%2Fwp%2Fv2%2Fcomments&post=78642"}],"version-history":[{"count":0,"href":"https:\/\/l21.mx\/index.php?rest_route=\/wp\/v2\/posts\/78642\/revisions"}],"wp:featuredmedia":[{"embeddable":true,"href":"https:\/\/l21.mx\/index.php?rest_route=\/wp\/v2\/media\/78643"}],"wp:attachment":[{"href":"https:\/\/l21.mx\/index.php?rest_route=%2Fwp%2Fv2%2Fmedia&parent=78642"}],"wp:term":[{"taxonomy":"category","embeddable":true,"href":"https:\/\/l21.mx\/index.php?rest_route=%2Fwp%2Fv2%2Fcategories&post=78642"},{"taxonomy":"post_tag","embeddable":true,"href":"https:\/\/l21.mx\/index.php?rest_route=%2Fwp%2Fv2%2Ftags&post=78642"}],"curies":[{"name":"wp","href":"https:\/\/api.w.org\/{rel}","templated":true}]}}