{"id":79036,"date":"2024-09-09T15:52:58","date_gmt":"2024-09-09T20:52:58","guid":{"rendered":"https:\/\/l21.mx\/?p=79036"},"modified":"2024-09-09T15:52:58","modified_gmt":"2024-09-09T20:52:58","slug":"reuniones-estrategicas-de-asociados-nauticos-quintana-roo-con-la-secretaria-de-marina-en-ciudad-de-mexico","status":"publish","type":"post","link":"https:\/\/l21.mx\/?p=79036","title":{"rendered":"Reuniones estrat\u00e9gicas de Asociados N\u00e1uticos Quintana Roo con la Secretar\u00eda de Marina en Ciudad de M\u00e9xico"},"content":{"rendered":"<p>Ciudad de M\u00e9xico, septiembre 2024 \u2013 Asociados N\u00e1uticos Quintana Roo (ANQR A. C.) informa<br \/>\nsobre la realizaci\u00f3n de tres reuniones cruciales con la Secretar\u00eda de Marina, enfocadas en abordar<br \/>\ntemas de inter\u00e9s para la comunidad mar\u00edtima del estado. Estas reuniones contaron con la presencia<br \/>\nde funcionarios de alto nivel, incluidos el Cap. de Alt. Manuel Fernando Guti\u00e9rrez Gallardo, Coordinador General de Puertos y Marina Mercante; contralmirante Carlos Alberto G\u00f3mez Mart\u00ednez, Director General de Marina Mercante; Cap. de Nav. C.G. DEM. Juan Francisco R\u00edos G\u00f3mez, Director General de Puertos; y el Contralmirante Roberto Andr\u00e9s Villalobos Antonio, Director General Adjunto de Capitan\u00edas de Puerto.<\/p>\n<p><a href=\"https:\/\/l21.mx\/wp-content\/uploads\/2024\/09\/WhatsApp-Image-2024-09-09-at-9.25.43-AM.jpeg\" data-rel=\"penci-gallery-image-content\" ><img fetchpriority=\"high\" decoding=\"async\" class=\"alignnone size-medium wp-image-79037\" src=\"https:\/\/l21.mx\/wp-content\/uploads\/2024\/09\/WhatsApp-Image-2024-09-09-at-9.25.43-AM-300x225.jpeg\" alt=\"\" width=\"300\" height=\"225\" srcset=\"https:\/\/l21.mx\/wp-content\/uploads\/2024\/09\/WhatsApp-Image-2024-09-09-at-9.25.43-AM-300x225.jpeg 300w, https:\/\/l21.mx\/wp-content\/uploads\/2024\/09\/WhatsApp-Image-2024-09-09-at-9.25.43-AM-1024x768.jpeg 1024w, https:\/\/l21.mx\/wp-content\/uploads\/2024\/09\/WhatsApp-Image-2024-09-09-at-9.25.43-AM-768x576.jpeg 768w, https:\/\/l21.mx\/wp-content\/uploads\/2024\/09\/WhatsApp-Image-2024-09-09-at-9.25.43-AM-1200x900.jpeg 1200w, https:\/\/l21.mx\/wp-content\/uploads\/2024\/09\/WhatsApp-Image-2024-09-09-at-9.25.43-AM-1170x878.jpeg 1170w, https:\/\/l21.mx\/wp-content\/uploads\/2024\/09\/WhatsApp-Image-2024-09-09-at-9.25.43-AM-585x439.jpeg 585w, https:\/\/l21.mx\/wp-content\/uploads\/2024\/09\/WhatsApp-Image-2024-09-09-at-9.25.43-AM.jpeg 1280w\" sizes=\"(max-width: 300px) 100vw, 300px\" \/><\/a><br \/>\nEn estos encuentros, se trataron temas fundamentales para el desarrollo y operatividad de la actividad del turismo n\u00e1utico en Quintana Roo, incluyendo:<\/p>\n<p>Primera Reuni\u00f3n: Coordinaci\u00f3n General de Puertos y Marina Mercante<br \/>\n1. La Presentaci\u00f3n actualizada y los alcances del proyecto de vigilancia y conservaci\u00f3n del<br \/>\narrecife conocido como El Meco en Punta Sam.<br \/>\n2. La necesidad de contar con personal de la marina mercante calificado y titulado en la<br \/>\nregi\u00f3n.<br \/>\nSegunda Reuni\u00f3n: Direcci\u00f3n General Adjunta de Capitan\u00edas de Puerto<br \/>\n1. Se agradeci\u00f3 la soluci\u00f3n brindada para el desarrollo de actividades n\u00e1uticas recreativas en<br \/>\nel pol\u00edgono de Nizuc, bajo la jurisdicci\u00f3n de la Capitan\u00eda de Puerto Ju\u00e1rez.<br \/>\n2. Se propuso la creaci\u00f3n de mesas de trabajo para generar estudios cient\u00edficos que ayuden a<br \/>\ndeterminar el cierre o apertura parcial de los puertos en la zona norte del estado.<br \/>\n3. Di\u00e1logo sobre aspectos clave para la mejora regulatoria en las Capitan\u00edas de Puerto y el<br \/>\nimpulso del turismo n\u00e1utico.<br \/>\nTercera Reuni\u00f3n: Direcci\u00f3n General de Marina Mercante<br \/>\n1. Evaluaci\u00f3n de la viabilidad para contratar tripulaciones extranjeras especializadas en<br \/>\nturismo n\u00e1utico, a fin de garantizar la calidad y seguridad de las operaciones ante la<br \/>\nescasez de personal calificado en la regi\u00f3n.<br \/>\nEstas reuniones reflejan el compromiso de Asociados N\u00e1uticos Quintana Roo con el desarrollo<br \/>\nseguro y sostenible de la actividad n\u00e1utica en el Estado y el fortalecimiento de la coordinaci\u00f3n con<br \/>\nlas autoridades mar\u00edtimas nacionales.<\/p>\n","protected":false},"excerpt":{"rendered":"<p>Ciudad de M\u00e9xico, septiembre 2024 \u2013 Asociados N\u00e1uticos Quintana Roo (ANQR A. C.) informa sobre la&hellip;<\/p>\n","protected":false},"author":100,"featured_media":79038,"comment_status":"closed","ping_status":"closed","sticky":false,"template":"","format":"standard","meta":{"_acf_changed":false,"_lmt_disableupdate":"","_lmt_disable":"","_mbp_gutenberg_autopost":false,"footnotes":""},"categories":[23,1656],"tags":[],"class_list":["post-79036","post","type-post","status-publish","format-standard","has-post-thumbnail","hentry","category-noticias","category-quintana-roo"],"acf":[],"_links":{"self":[{"href":"https:\/\/l21.mx\/index.php?rest_route=\/wp\/v2\/posts\/79036","targetHints":{"allow":["GET"]}}],"collection":[{"href":"https:\/\/l21.mx\/index.php?rest_route=\/wp\/v2\/posts"}],"about":[{"href":"https:\/\/l21.mx\/index.php?rest_route=\/wp\/v2\/types\/post"}],"author":[{"embeddable":true,"href":"https:\/\/l21.mx\/index.php?rest_route=\/wp\/v2\/users\/100"}],"replies":[{"embeddable":true,"href":"https:\/\/l21.mx\/index.php?rest_route=%2Fwp%2Fv2%2Fcomments&post=79036"}],"version-history":[{"count":0,"href":"https:\/\/l21.mx\/index.php?rest_route=\/wp\/v2\/posts\/79036\/revisions"}],"wp:featuredmedia":[{"embeddable":true,"href":"https:\/\/l21.mx\/index.php?rest_route=\/wp\/v2\/media\/79038"}],"wp:attachment":[{"href":"https:\/\/l21.mx\/index.php?rest_route=%2Fwp%2Fv2%2Fmedia&parent=79036"}],"wp:term":[{"taxonomy":"category","embeddable":true,"href":"https:\/\/l21.mx\/index.php?rest_route=%2Fwp%2Fv2%2Fcategories&post=79036"},{"taxonomy":"post_tag","embeddable":true,"href":"https:\/\/l21.mx\/index.php?rest_route=%2Fwp%2Fv2%2Ftags&post=79036"}],"curies":[{"name":"wp","href":"https:\/\/api.w.org\/{rel}","templated":true}]}}