{"id":79042,"date":"2024-09-09T15:57:24","date_gmt":"2024-09-09T20:57:24","guid":{"rendered":"https:\/\/l21.mx\/?p=79042"},"modified":"2024-09-09T15:57:24","modified_gmt":"2024-09-09T20:57:24","slug":"mejoran-imagen-urbana-con-descacharrizacion","status":"publish","type":"post","link":"https:\/\/l21.mx\/?p=79042","title":{"rendered":"Mejoran imagen urbana con descacharrizaci\u00f3n"},"content":{"rendered":"<p>&nbsp;<\/p>\n<p>Playa del Carmen, Solidaridad a 9 de septiembre del 2024.- Con la finalidad de mantener limpias calles y avenidas, adem\u00e1s de prevenir enfermedades como el dengue, el gobierno que dirige la presidenta Lili Campos a trav\u00e9s de la Secretar\u00eda de Servicios P\u00fablicos realiza la campa\u00f1a permanente de descacharrizaci\u00f3n en cuatro colonias y fraccionamientos de la ciudad.<\/p>\n<p><a href=\"https:\/\/l21.mx\/wp-content\/uploads\/2024\/09\/WhatsApp-Image-2024-09-09-at-3.16.26-PM.jpeg\" data-rel=\"penci-gallery-image-content\" ><img fetchpriority=\"high\" decoding=\"async\" class=\"alignnone size-medium wp-image-79043\" src=\"https:\/\/l21.mx\/wp-content\/uploads\/2024\/09\/WhatsApp-Image-2024-09-09-at-3.16.26-PM-300x200.jpeg\" alt=\"\" width=\"300\" height=\"200\" srcset=\"https:\/\/l21.mx\/wp-content\/uploads\/2024\/09\/WhatsApp-Image-2024-09-09-at-3.16.26-PM-300x200.jpeg 300w, https:\/\/l21.mx\/wp-content\/uploads\/2024\/09\/WhatsApp-Image-2024-09-09-at-3.16.26-PM-1024x682.jpeg 1024w, https:\/\/l21.mx\/wp-content\/uploads\/2024\/09\/WhatsApp-Image-2024-09-09-at-3.16.26-PM-768x512.jpeg 768w, https:\/\/l21.mx\/wp-content\/uploads\/2024\/09\/WhatsApp-Image-2024-09-09-at-3.16.26-PM-1170x780.jpeg 1170w, https:\/\/l21.mx\/wp-content\/uploads\/2024\/09\/WhatsApp-Image-2024-09-09-at-3.16.26-PM-585x390.jpeg 585w, https:\/\/l21.mx\/wp-content\/uploads\/2024\/09\/WhatsApp-Image-2024-09-09-at-3.16.26-PM-263x175.jpeg 263w, https:\/\/l21.mx\/wp-content\/uploads\/2024\/09\/WhatsApp-Image-2024-09-09-at-3.16.26-PM.jpeg 1280w\" sizes=\"(max-width: 300px) 100vw, 300px\" \/><\/a><\/p>\n<p>De acuerdo con el titular, Benny Mill\u00e1n, dijo que en esta segunda semana de septiembre se estar\u00e1 realizando en Mundo H\u00e1bitat, Misi\u00f3n del Carmen, Bosque Real y 28 de Julio o Nueva Creaci\u00f3n, en un horario de 6:00 de la ma\u00f1ana a 2:00 de la tarde.<\/p>\n<p>Puntualiz\u00f3 que es momento para que la ciudadan\u00eda saque sus cacharros como colchones, muebles, tazas y lavamanos, puesto que el cami\u00f3n de la basura no los recoge, pues se necesitan unidades especiales y al quedar expuestos en la calle puede haber criaderos de mosquitos adem\u00e1s de dar mala imagen urbana.<\/p>\n","protected":false},"excerpt":{"rendered":"<p>&nbsp; Playa del Carmen, Solidaridad a 9 de septiembre del 2024.- Con la finalidad de mantener&hellip;<\/p>\n","protected":false},"author":100,"featured_media":79044,"comment_status":"closed","ping_status":"closed","sticky":false,"template":"","format":"standard","meta":{"_acf_changed":false,"_lmt_disableupdate":"","_lmt_disable":"","_mbp_gutenberg_autopost":false,"footnotes":""},"categories":[1654],"tags":[],"class_list":["post-79042","post","type-post","status-publish","format-standard","has-post-thumbnail","hentry","category-solidaridad"],"acf":[],"_links":{"self":[{"href":"https:\/\/l21.mx\/index.php?rest_route=\/wp\/v2\/posts\/79042","targetHints":{"allow":["GET"]}}],"collection":[{"href":"https:\/\/l21.mx\/index.php?rest_route=\/wp\/v2\/posts"}],"about":[{"href":"https:\/\/l21.mx\/index.php?rest_route=\/wp\/v2\/types\/post"}],"author":[{"embeddable":true,"href":"https:\/\/l21.mx\/index.php?rest_route=\/wp\/v2\/users\/100"}],"replies":[{"embeddable":true,"href":"https:\/\/l21.mx\/index.php?rest_route=%2Fwp%2Fv2%2Fcomments&post=79042"}],"version-history":[{"count":0,"href":"https:\/\/l21.mx\/index.php?rest_route=\/wp\/v2\/posts\/79042\/revisions"}],"wp:featuredmedia":[{"embeddable":true,"href":"https:\/\/l21.mx\/index.php?rest_route=\/wp\/v2\/media\/79044"}],"wp:attachment":[{"href":"https:\/\/l21.mx\/index.php?rest_route=%2Fwp%2Fv2%2Fmedia&parent=79042"}],"wp:term":[{"taxonomy":"category","embeddable":true,"href":"https:\/\/l21.mx\/index.php?rest_route=%2Fwp%2Fv2%2Fcategories&post=79042"},{"taxonomy":"post_tag","embeddable":true,"href":"https:\/\/l21.mx\/index.php?rest_route=%2Fwp%2Fv2%2Ftags&post=79042"}],"curies":[{"name":"wp","href":"https:\/\/api.w.org\/{rel}","templated":true}]}}