{"id":79065,"date":"2024-09-10T16:31:17","date_gmt":"2024-09-10T21:31:17","guid":{"rendered":"https:\/\/l21.mx\/?p=79065"},"modified":"2024-09-10T16:31:17","modified_gmt":"2024-09-10T21:31:17","slug":"abre-dif-solidaridad-escuela-de-futbol-para-ninos-ninas-y-personas-con-discapacidad","status":"publish","type":"post","link":"https:\/\/l21.mx\/?p=79065","title":{"rendered":"Abre DIF Solidaridad escuela de f\u00fatbol para ni\u00f1os, ni\u00f1as y personas con discapacidad"},"content":{"rendered":"<p>&nbsp;<\/p>\n<p>Playa del Carmen, Quintana Roo, a 10 de septiembre de 2024.- Para fomentar el deporte en la ni\u00f1ez y adolescencia, el Gobierno de Solidaridad que encabeza la presidenta Lili Campos a trav\u00e9s del DIF Municipal abrieron las inscripciones a las escuelas de f\u00fatbol mixta (ni\u00f1as y ni\u00f1os) e inclusiva (para personas con discapacidad), en la cancha de este organismo descentralizado a partir de este lunes 9 de septiembre.<\/p>\n<p><a href=\"https:\/\/l21.mx\/wp-content\/uploads\/2024\/09\/WhatsApp-Image-2024-09-09-at-3.18.39-PM.jpeg\" data-rel=\"penci-gallery-image-content\" ><img fetchpriority=\"high\" decoding=\"async\" class=\"alignnone size-medium wp-image-79069\" src=\"https:\/\/l21.mx\/wp-content\/uploads\/2024\/09\/WhatsApp-Image-2024-09-09-at-3.18.39-PM-300x178.jpeg\" alt=\"\" width=\"300\" height=\"178\" srcset=\"https:\/\/l21.mx\/wp-content\/uploads\/2024\/09\/WhatsApp-Image-2024-09-09-at-3.18.39-PM-300x178.jpeg 300w, https:\/\/l21.mx\/wp-content\/uploads\/2024\/09\/WhatsApp-Image-2024-09-09-at-3.18.39-PM-1024x607.jpeg 1024w, https:\/\/l21.mx\/wp-content\/uploads\/2024\/09\/WhatsApp-Image-2024-09-09-at-3.18.39-PM-768x455.jpeg 768w, https:\/\/l21.mx\/wp-content\/uploads\/2024\/09\/WhatsApp-Image-2024-09-09-at-3.18.39-PM-1170x694.jpeg 1170w, https:\/\/l21.mx\/wp-content\/uploads\/2024\/09\/WhatsApp-Image-2024-09-09-at-3.18.39-PM-585x347.jpeg 585w, https:\/\/l21.mx\/wp-content\/uploads\/2024\/09\/WhatsApp-Image-2024-09-09-at-3.18.39-PM.jpeg 1280w\" sizes=\"(max-width: 300px) 100vw, 300px\" \/><\/a><\/p>\n<p>La escuela de f\u00fatbol mixta ser\u00e1 para ni\u00f1as, ni\u00f1os y adolescentes de 6 a 17 a\u00f1os de edad, en diferentes d\u00edas y horarios de acuerdo a la edad. Las clases ser\u00e1n los d\u00edas lunes, martes, mi\u00e9rcoles y viernes, en horarios de 16:00 y 17:30 horas.<\/p>\n<p>Mientras que la escuela de f\u00fatbol mixta ser\u00e1 para personas con discapacidad de 8 a 12 a\u00f1os de edad, los d\u00edas mi\u00e9rcoles y viernes de 15:30 a 17:00 horas.<\/p>\n<p><a href=\"https:\/\/l21.mx\/wp-content\/uploads\/2024\/09\/WhatsApp-Image-2024-09-09-at-3.18.39-PM-1.jpeg\" data-rel=\"penci-gallery-image-content\" ><img decoding=\"async\" class=\"alignnone size-medium wp-image-79066\" src=\"https:\/\/l21.mx\/wp-content\/uploads\/2024\/09\/WhatsApp-Image-2024-09-09-at-3.18.39-PM-1-300x224.jpeg\" alt=\"\" width=\"300\" height=\"224\" srcset=\"https:\/\/l21.mx\/wp-content\/uploads\/2024\/09\/WhatsApp-Image-2024-09-09-at-3.18.39-PM-1-300x224.jpeg 300w, https:\/\/l21.mx\/wp-content\/uploads\/2024\/09\/WhatsApp-Image-2024-09-09-at-3.18.39-PM-1-1024x766.jpeg 1024w, https:\/\/l21.mx\/wp-content\/uploads\/2024\/09\/WhatsApp-Image-2024-09-09-at-3.18.39-PM-1-768x574.jpeg 768w, https:\/\/l21.mx\/wp-content\/uploads\/2024\/09\/WhatsApp-Image-2024-09-09-at-3.18.39-PM-1-1200x900.jpeg 1200w, https:\/\/l21.mx\/wp-content\/uploads\/2024\/09\/WhatsApp-Image-2024-09-09-at-3.18.39-PM-1-1170x875.jpeg 1170w, https:\/\/l21.mx\/wp-content\/uploads\/2024\/09\/WhatsApp-Image-2024-09-09-at-3.18.39-PM-1-585x437.jpeg 585w, https:\/\/l21.mx\/wp-content\/uploads\/2024\/09\/WhatsApp-Image-2024-09-09-at-3.18.39-PM-1.jpeg 1280w\" sizes=\"(max-width: 300px) 100vw, 300px\" \/><\/a><\/p>\n<p>Las inscripciones permanecen abiertas en la oficina de Recreaci\u00f3n, Cultura y Deporte (Recude) del DIF, en la calle 8 entre avenidas 30 y 40, Colonia Centro, de lunes a viernes, de 11:00 a 15:00 horas.<\/p>\n","protected":false},"excerpt":{"rendered":"<p>&nbsp; Playa del Carmen, Quintana Roo, a 10 de septiembre de 2024.- Para fomentar el deporte&hellip;<\/p>\n","protected":false},"author":100,"featured_media":79067,"comment_status":"closed","ping_status":"closed","sticky":false,"template":"","format":"standard","meta":{"_acf_changed":false,"_lmt_disableupdate":"","_lmt_disable":"","_mbp_gutenberg_autopost":false,"footnotes":""},"categories":[1654],"tags":[],"class_list":["post-79065","post","type-post","status-publish","format-standard","has-post-thumbnail","hentry","category-solidaridad"],"acf":[],"_links":{"self":[{"href":"https:\/\/l21.mx\/index.php?rest_route=\/wp\/v2\/posts\/79065","targetHints":{"allow":["GET"]}}],"collection":[{"href":"https:\/\/l21.mx\/index.php?rest_route=\/wp\/v2\/posts"}],"about":[{"href":"https:\/\/l21.mx\/index.php?rest_route=\/wp\/v2\/types\/post"}],"author":[{"embeddable":true,"href":"https:\/\/l21.mx\/index.php?rest_route=\/wp\/v2\/users\/100"}],"replies":[{"embeddable":true,"href":"https:\/\/l21.mx\/index.php?rest_route=%2Fwp%2Fv2%2Fcomments&post=79065"}],"version-history":[{"count":0,"href":"https:\/\/l21.mx\/index.php?rest_route=\/wp\/v2\/posts\/79065\/revisions"}],"wp:featuredmedia":[{"embeddable":true,"href":"https:\/\/l21.mx\/index.php?rest_route=\/wp\/v2\/media\/79067"}],"wp:attachment":[{"href":"https:\/\/l21.mx\/index.php?rest_route=%2Fwp%2Fv2%2Fmedia&parent=79065"}],"wp:term":[{"taxonomy":"category","embeddable":true,"href":"https:\/\/l21.mx\/index.php?rest_route=%2Fwp%2Fv2%2Fcategories&post=79065"},{"taxonomy":"post_tag","embeddable":true,"href":"https:\/\/l21.mx\/index.php?rest_route=%2Fwp%2Fv2%2Ftags&post=79065"}],"curies":[{"name":"wp","href":"https:\/\/api.w.org\/{rel}","templated":true}]}}