{"id":79400,"date":"2024-09-23T09:58:20","date_gmt":"2024-09-23T14:58:20","guid":{"rendered":"https:\/\/l21.mx\/?p=79400"},"modified":"2024-09-23T09:58:20","modified_gmt":"2024-09-23T14:58:20","slug":"mara-lezama-refrenda-su-compromiso-con-la-transformacion-en-quintana-roo-y-mexico-en-el-congreso-nacional-de-morena","status":"publish","type":"post","link":"https:\/\/l21.mx\/?p=79400","title":{"rendered":"Mara Lezama refrenda su compromiso con la transformaci\u00f3n en Quintana Roo y M\u00e9xico en el Congreso Nacional de MORENA"},"content":{"rendered":"<p>&nbsp;<\/p>\n<p>Ciudad de M\u00e9xico.- La gobernadora de Quintana Roo, Mara Lezama Espinosa acompa\u00f1\u00f3 a la presidenta electa de M\u00e9xico, Claudia Sheinbaum en el VII Congreso Nacional Extraordinario de MORENA, rumbo a la construcci\u00f3n del segundo piso de la Cuarta Transformaci\u00f3n.<\/p>\n<p><a href=\"https:\/\/l21.mx\/wp-content\/uploads\/2024\/09\/WhatsApp-Image-2024-09-22-at-2.15.17-PM.jpeg\" data-rel=\"penci-gallery-image-content\" ><img fetchpriority=\"high\" decoding=\"async\" class=\"alignnone size-medium wp-image-79403\" src=\"https:\/\/l21.mx\/wp-content\/uploads\/2024\/09\/WhatsApp-Image-2024-09-22-at-2.15.17-PM-300x200.jpeg\" alt=\"\" width=\"300\" height=\"200\" srcset=\"https:\/\/l21.mx\/wp-content\/uploads\/2024\/09\/WhatsApp-Image-2024-09-22-at-2.15.17-PM-300x200.jpeg 300w, https:\/\/l21.mx\/wp-content\/uploads\/2024\/09\/WhatsApp-Image-2024-09-22-at-2.15.17-PM-1024x683.jpeg 1024w, https:\/\/l21.mx\/wp-content\/uploads\/2024\/09\/WhatsApp-Image-2024-09-22-at-2.15.17-PM-768x512.jpeg 768w, https:\/\/l21.mx\/wp-content\/uploads\/2024\/09\/WhatsApp-Image-2024-09-22-at-2.15.17-PM-1536x1024.jpeg 1536w, https:\/\/l21.mx\/wp-content\/uploads\/2024\/09\/WhatsApp-Image-2024-09-22-at-2.15.17-PM-2048x1366.jpeg 2048w, https:\/\/l21.mx\/wp-content\/uploads\/2024\/09\/WhatsApp-Image-2024-09-22-at-2.15.17-PM-1920x1280.jpeg 1920w, https:\/\/l21.mx\/wp-content\/uploads\/2024\/09\/WhatsApp-Image-2024-09-22-at-2.15.17-PM-1170x780.jpeg 1170w, https:\/\/l21.mx\/wp-content\/uploads\/2024\/09\/WhatsApp-Image-2024-09-22-at-2.15.17-PM-585x390.jpeg 585w, https:\/\/l21.mx\/wp-content\/uploads\/2024\/09\/WhatsApp-Image-2024-09-22-at-2.15.17-PM-263x175.jpeg 263w\" sizes=\"(max-width: 300px) 100vw, 300px\" \/><\/a><\/p>\n<p>Previamente, gobernadoras y gobernadores sostuvieron una reuni\u00f3n con la presidenta electa para fortalecer los pilares del movimiento.<\/p>\n<p><a href=\"https:\/\/l21.mx\/wp-content\/uploads\/2024\/09\/WhatsApp-Image-2024-09-22-at-2.15.15-PM-scaled.jpeg\" data-rel=\"penci-gallery-image-content\" ><img decoding=\"async\" class=\"alignnone size-medium wp-image-79402\" src=\"https:\/\/l21.mx\/wp-content\/uploads\/2024\/09\/WhatsApp-Image-2024-09-22-at-2.15.15-PM-300x200.jpeg\" alt=\"\" width=\"300\" height=\"200\" srcset=\"https:\/\/l21.mx\/wp-content\/uploads\/2024\/09\/WhatsApp-Image-2024-09-22-at-2.15.15-PM-300x200.jpeg 300w, https:\/\/l21.mx\/wp-content\/uploads\/2024\/09\/WhatsApp-Image-2024-09-22-at-2.15.15-PM-1024x683.jpeg 1024w, https:\/\/l21.mx\/wp-content\/uploads\/2024\/09\/WhatsApp-Image-2024-09-22-at-2.15.15-PM-768x512.jpeg 768w, https:\/\/l21.mx\/wp-content\/uploads\/2024\/09\/WhatsApp-Image-2024-09-22-at-2.15.15-PM-1536x1024.jpeg 1536w, https:\/\/l21.mx\/wp-content\/uploads\/2024\/09\/WhatsApp-Image-2024-09-22-at-2.15.15-PM-2048x1366.jpeg 2048w, https:\/\/l21.mx\/wp-content\/uploads\/2024\/09\/WhatsApp-Image-2024-09-22-at-2.15.15-PM-1920x1280.jpeg 1920w, https:\/\/l21.mx\/wp-content\/uploads\/2024\/09\/WhatsApp-Image-2024-09-22-at-2.15.15-PM-1170x780.jpeg 1170w, https:\/\/l21.mx\/wp-content\/uploads\/2024\/09\/WhatsApp-Image-2024-09-22-at-2.15.15-PM-585x390.jpeg 585w, https:\/\/l21.mx\/wp-content\/uploads\/2024\/09\/WhatsApp-Image-2024-09-22-at-2.15.15-PM-263x175.jpeg 263w\" sizes=\"(max-width: 300px) 100vw, 300px\" \/><\/a><\/p>\n<p>\u201cEstamos con gobernadoras y gobernadores, reunidos con nuestra presidenta electa, Claudia Sheinbaum previo al inicio del Congreso Nacional de Morena. \u00a1Un gran d\u00eda para nuestro movimiento!\u201d, public\u00f3 Mara Lezama en sus redes sociales.<\/p>\n","protected":false},"excerpt":{"rendered":"<p>&nbsp; Ciudad de M\u00e9xico.- La gobernadora de Quintana Roo, Mara Lezama Espinosa acompa\u00f1\u00f3 a la presidenta&hellip;<\/p>\n","protected":false},"author":100,"featured_media":79401,"comment_status":"closed","ping_status":"closed","sticky":false,"template":"","format":"standard","meta":{"_acf_changed":false,"_lmt_disableupdate":"","_lmt_disable":"","_mbp_gutenberg_autopost":false,"footnotes":""},"categories":[23,1656],"tags":[],"class_list":["post-79400","post","type-post","status-publish","format-standard","has-post-thumbnail","hentry","category-noticias","category-quintana-roo"],"acf":[],"_links":{"self":[{"href":"https:\/\/l21.mx\/index.php?rest_route=\/wp\/v2\/posts\/79400","targetHints":{"allow":["GET"]}}],"collection":[{"href":"https:\/\/l21.mx\/index.php?rest_route=\/wp\/v2\/posts"}],"about":[{"href":"https:\/\/l21.mx\/index.php?rest_route=\/wp\/v2\/types\/post"}],"author":[{"embeddable":true,"href":"https:\/\/l21.mx\/index.php?rest_route=\/wp\/v2\/users\/100"}],"replies":[{"embeddable":true,"href":"https:\/\/l21.mx\/index.php?rest_route=%2Fwp%2Fv2%2Fcomments&post=79400"}],"version-history":[{"count":0,"href":"https:\/\/l21.mx\/index.php?rest_route=\/wp\/v2\/posts\/79400\/revisions"}],"wp:featuredmedia":[{"embeddable":true,"href":"https:\/\/l21.mx\/index.php?rest_route=\/wp\/v2\/media\/79401"}],"wp:attachment":[{"href":"https:\/\/l21.mx\/index.php?rest_route=%2Fwp%2Fv2%2Fmedia&parent=79400"}],"wp:term":[{"taxonomy":"category","embeddable":true,"href":"https:\/\/l21.mx\/index.php?rest_route=%2Fwp%2Fv2%2Fcategories&post=79400"},{"taxonomy":"post_tag","embeddable":true,"href":"https:\/\/l21.mx\/index.php?rest_route=%2Fwp%2Fv2%2Ftags&post=79400"}],"curies":[{"name":"wp","href":"https:\/\/api.w.org\/{rel}","templated":true}]}}