{"id":79526,"date":"2024-09-26T12:57:12","date_gmt":"2024-09-26T17:57:12","guid":{"rendered":"https:\/\/l21.mx\/?p=79526"},"modified":"2024-09-26T12:57:12","modified_gmt":"2024-09-26T17:57:12","slug":"ruben-carrillo-a-favor-de-igualdad-de-operacion-en-el-servicio-de-transporte-en-cancun","status":"publish","type":"post","link":"https:\/\/l21.mx\/?p=79526","title":{"rendered":"Rub\u00e9n Carrillo, a favor de igualdad de operaci\u00f3n en el servicio de transporte en Canc\u00fan"},"content":{"rendered":"<p>&nbsp;<\/p>\n<p>Canc\u00fan, Quintana Roo.- Rub\u00e9n Carrillo, Secretario General del Sindicato de Taxistas &#8216;Andr\u00e9s Quintana Roo&#8217;, expres\u00f3 su voluntad para que todo el transporte acate la ley.<\/p>\n<p>\u00abEstamos a favor de los operativos y reconocemos que el Instituto de Movilidad de Quintana Roo (Imoveqroo) est\u00e1 actuando de manera equitativa\u00bb, se\u00f1al\u00f3 Carrillo, destacando la imparcialidad de las acciones del instituto.<\/p>\n<p><a href=\"https:\/\/l21.mx\/wp-content\/uploads\/2024\/09\/WhatsApp-Image-2024-09-26-at-12.48.17-PM.jpeg\" data-rel=\"penci-gallery-image-content\" ><img fetchpriority=\"high\" decoding=\"async\" class=\"alignnone size-medium wp-image-79529\" src=\"https:\/\/l21.mx\/wp-content\/uploads\/2024\/09\/WhatsApp-Image-2024-09-26-at-12.48.17-PM-300x225.jpeg\" alt=\"\" width=\"300\" height=\"225\" srcset=\"https:\/\/l21.mx\/wp-content\/uploads\/2024\/09\/WhatsApp-Image-2024-09-26-at-12.48.17-PM-300x225.jpeg 300w, https:\/\/l21.mx\/wp-content\/uploads\/2024\/09\/WhatsApp-Image-2024-09-26-at-12.48.17-PM-585x439.jpeg 585w, https:\/\/l21.mx\/wp-content\/uploads\/2024\/09\/WhatsApp-Image-2024-09-26-at-12.48.17-PM.jpeg 720w\" sizes=\"(max-width: 300px) 100vw, 300px\" \/><\/a><\/p>\n<p>\u00abDesde que iniciaron los operativos, tambi\u00e9n se han detenido varias unidades de taxi. Es por eso que hemos reforzado nuestro trabajo interno, solicitando a nuestros socios y operadores que mantengan su documentaci\u00f3n en regla, como licencias, p\u00f3lizas y refrendos, para evitar problemas con la autoridad\u00bb.<\/p>\n<p>Carrillo subray\u00f3 que el sindicato siempre estar\u00e1 dispuesto a apoyar a sus afiliados, pero enfatiz\u00f3 que dicho apoyo solo se brindar\u00e1 dentro del marco de la legalidad.<\/p>\n<p>\u00abEl sindicato est\u00e1 para respaldar a los socios, pero siempre y cuando est\u00e9n cumpliendo con la normativa vigente\u00bb, afirm\u00f3.<\/p>\n<p>Carrillo Buenfil consider\u00f3 esencial la creaci\u00f3n de una mesa de di\u00e1logo, en la que participen los prestadores del servicio p\u00fablico, las plataformas digitales y el Instituto de Movilidad, con el prop\u00f3sito de asegurar el cumplimiento de la Ley de Movilidad vigente en Quintana Roo.<\/p>\n<p><a href=\"https:\/\/l21.mx\/wp-content\/uploads\/2024\/09\/WhatsApp-Image-2024-09-26-at-12.48.18-PM-1.jpeg\" data-rel=\"penci-gallery-image-content\" ><img decoding=\"async\" class=\"alignnone size-medium wp-image-79527\" src=\"https:\/\/l21.mx\/wp-content\/uploads\/2024\/09\/WhatsApp-Image-2024-09-26-at-12.48.18-PM-1-300x225.jpeg\" alt=\"\" width=\"300\" height=\"225\" srcset=\"https:\/\/l21.mx\/wp-content\/uploads\/2024\/09\/WhatsApp-Image-2024-09-26-at-12.48.18-PM-1-300x225.jpeg 300w, https:\/\/l21.mx\/wp-content\/uploads\/2024\/09\/WhatsApp-Image-2024-09-26-at-12.48.18-PM-1-585x439.jpeg 585w, https:\/\/l21.mx\/wp-content\/uploads\/2024\/09\/WhatsApp-Image-2024-09-26-at-12.48.18-PM-1.jpeg 720w\" sizes=\"(max-width: 300px) 100vw, 300px\" \/><\/a><\/p>\n<p>\u00abEs necesario que todos los actores involucrados trabajen en conjunto para asegurar un servicio de transporte justo y equitativo para todos\u00bb, concluy\u00f3 Carrillo.<\/p>\n<p>Esta propuesta de di\u00e1logo busca encontrar un balance que permita la convivencia pac\u00edfica y justa entre los diferentes modelos de transporte que operan en la regi\u00f3n, promoviendo siempre el bienestar y seguridad de los usuarios.<\/p>\n","protected":false},"excerpt":{"rendered":"<p>&nbsp; Canc\u00fan, Quintana Roo.- Rub\u00e9n Carrillo, Secretario General del Sindicato de Taxistas &#8216;Andr\u00e9s Quintana Roo&#8217;, expres\u00f3&hellip;<\/p>\n","protected":false},"author":100,"featured_media":79528,"comment_status":"closed","ping_status":"closed","sticky":false,"template":"","format":"standard","meta":{"_acf_changed":false,"_lmt_disableupdate":"","_lmt_disable":"","_mbp_gutenberg_autopost":false,"footnotes":""},"categories":[23,1656],"tags":[],"class_list":["post-79526","post","type-post","status-publish","format-standard","has-post-thumbnail","hentry","category-noticias","category-quintana-roo"],"acf":[],"_links":{"self":[{"href":"https:\/\/l21.mx\/index.php?rest_route=\/wp\/v2\/posts\/79526","targetHints":{"allow":["GET"]}}],"collection":[{"href":"https:\/\/l21.mx\/index.php?rest_route=\/wp\/v2\/posts"}],"about":[{"href":"https:\/\/l21.mx\/index.php?rest_route=\/wp\/v2\/types\/post"}],"author":[{"embeddable":true,"href":"https:\/\/l21.mx\/index.php?rest_route=\/wp\/v2\/users\/100"}],"replies":[{"embeddable":true,"href":"https:\/\/l21.mx\/index.php?rest_route=%2Fwp%2Fv2%2Fcomments&post=79526"}],"version-history":[{"count":0,"href":"https:\/\/l21.mx\/index.php?rest_route=\/wp\/v2\/posts\/79526\/revisions"}],"wp:featuredmedia":[{"embeddable":true,"href":"https:\/\/l21.mx\/index.php?rest_route=\/wp\/v2\/media\/79528"}],"wp:attachment":[{"href":"https:\/\/l21.mx\/index.php?rest_route=%2Fwp%2Fv2%2Fmedia&parent=79526"}],"wp:term":[{"taxonomy":"category","embeddable":true,"href":"https:\/\/l21.mx\/index.php?rest_route=%2Fwp%2Fv2%2Fcategories&post=79526"},{"taxonomy":"post_tag","embeddable":true,"href":"https:\/\/l21.mx\/index.php?rest_route=%2Fwp%2Fv2%2Ftags&post=79526"}],"curies":[{"name":"wp","href":"https:\/\/api.w.org\/{rel}","templated":true}]}}