{"id":79544,"date":"2024-09-26T17:45:00","date_gmt":"2024-09-26T22:45:00","guid":{"rendered":"https:\/\/l21.mx\/?p=79544"},"modified":"2024-09-26T17:45:00","modified_gmt":"2024-09-26T22:45:00","slug":"inaugura-lili-campos-parque-cervantes-en-santa-fe","status":"publish","type":"post","link":"https:\/\/l21.mx\/?p=79544","title":{"rendered":"Inaugura Lili Campos parque Cervantes en Santa F\u00e9"},"content":{"rendered":"<p>&nbsp;<\/p>\n<p>Playa del Carmen, Solidaridad a 26 de septiembre del 2024.- En beneficio de la convivencia familiar, la presidenta municipal Lili Campos inaugur\u00f3 el parque \u201cCervantes\u201d ubicado en el fraccionamiento Santa Fe, un espacio que hab\u00eda estado abandonado y que ahora cuenta con modernos juegos infantiles. Adem\u00e1s, visit\u00f3 las instalaciones remodeladas de la cancha de usos m\u00faltiples de la colonia Zacil Ha.<\/p>\n<p><a href=\"https:\/\/l21.mx\/wp-content\/uploads\/2024\/09\/WhatsApp-Image-2024-09-26-at-5.12.28-PM.jpeg\" data-rel=\"penci-gallery-image-content\" ><img fetchpriority=\"high\" decoding=\"async\" class=\"alignnone size-medium wp-image-79545\" src=\"https:\/\/l21.mx\/wp-content\/uploads\/2024\/09\/WhatsApp-Image-2024-09-26-at-5.12.28-PM-300x200.jpeg\" alt=\"\" width=\"300\" height=\"200\" srcset=\"https:\/\/l21.mx\/wp-content\/uploads\/2024\/09\/WhatsApp-Image-2024-09-26-at-5.12.28-PM-300x200.jpeg 300w, https:\/\/l21.mx\/wp-content\/uploads\/2024\/09\/WhatsApp-Image-2024-09-26-at-5.12.28-PM-1024x682.jpeg 1024w, https:\/\/l21.mx\/wp-content\/uploads\/2024\/09\/WhatsApp-Image-2024-09-26-at-5.12.28-PM-768x512.jpeg 768w, https:\/\/l21.mx\/wp-content\/uploads\/2024\/09\/WhatsApp-Image-2024-09-26-at-5.12.28-PM-1170x780.jpeg 1170w, https:\/\/l21.mx\/wp-content\/uploads\/2024\/09\/WhatsApp-Image-2024-09-26-at-5.12.28-PM-585x390.jpeg 585w, https:\/\/l21.mx\/wp-content\/uploads\/2024\/09\/WhatsApp-Image-2024-09-26-at-5.12.28-PM-263x175.jpeg 263w, https:\/\/l21.mx\/wp-content\/uploads\/2024\/09\/WhatsApp-Image-2024-09-26-at-5.12.28-PM.jpeg 1280w\" sizes=\"(max-width: 300px) 100vw, 300px\" \/><\/a><\/p>\n<p>Durante la inauguraci\u00f3n del parque \u201cCervantes\u201d, la presidenta estuvo acompa\u00f1ada de autoridades de su gabinete, recorri\u00f3 las instalaciones y convers\u00f3 con los vecinos, quienes expresaron su agradecimiento por los trabajos realizados. Destacaron que estas mejoras permitir\u00e1n disfrutar de tiempo en familia, ofrecer diversi\u00f3n a los m\u00e1s peque\u00f1os y proporcionar tranquilidad y oportunidades de deporte para los adultos mayores.<\/p>\n<p><a href=\"https:\/\/l21.mx\/wp-content\/uploads\/2024\/09\/WhatsApp-Image-2024-09-26-at-5.12.17-PM-1.jpeg\" data-rel=\"penci-gallery-image-content\" ><img decoding=\"async\" class=\"alignnone size-medium wp-image-79548\" src=\"https:\/\/l21.mx\/wp-content\/uploads\/2024\/09\/WhatsApp-Image-2024-09-26-at-5.12.17-PM-1-300x200.jpeg\" alt=\"\" width=\"300\" height=\"200\" srcset=\"https:\/\/l21.mx\/wp-content\/uploads\/2024\/09\/WhatsApp-Image-2024-09-26-at-5.12.17-PM-1-300x200.jpeg 300w, https:\/\/l21.mx\/wp-content\/uploads\/2024\/09\/WhatsApp-Image-2024-09-26-at-5.12.17-PM-1-1024x682.jpeg 1024w, https:\/\/l21.mx\/wp-content\/uploads\/2024\/09\/WhatsApp-Image-2024-09-26-at-5.12.17-PM-1-768x512.jpeg 768w, https:\/\/l21.mx\/wp-content\/uploads\/2024\/09\/WhatsApp-Image-2024-09-26-at-5.12.17-PM-1-1170x780.jpeg 1170w, https:\/\/l21.mx\/wp-content\/uploads\/2024\/09\/WhatsApp-Image-2024-09-26-at-5.12.17-PM-1-585x390.jpeg 585w, https:\/\/l21.mx\/wp-content\/uploads\/2024\/09\/WhatsApp-Image-2024-09-26-at-5.12.17-PM-1-263x175.jpeg 263w, https:\/\/l21.mx\/wp-content\/uploads\/2024\/09\/WhatsApp-Image-2024-09-26-at-5.12.17-PM-1.jpeg 1280w\" sizes=\"(max-width: 300px) 100vw, 300px\" \/><\/a><\/p>\n<p>Este nuevo espacio recreativo incluye un puente colgante, un \u201cnido de p\u00e1jaros\u201d, subibajas, aparatos de ejercicio de uso rudo, pasto sint\u00e9tico, andadores de concreto ecol\u00f3gico y abundante vegetaci\u00f3n nativa.<\/p>\n<p><a href=\"https:\/\/l21.mx\/wp-content\/uploads\/2024\/09\/WhatsApp-Image-2024-09-26-at-5.12.29-PM.jpeg\" data-rel=\"penci-gallery-image-content\" ><img decoding=\"async\" class=\"alignnone size-medium wp-image-79547\" src=\"https:\/\/l21.mx\/wp-content\/uploads\/2024\/09\/WhatsApp-Image-2024-09-26-at-5.12.29-PM-300x200.jpeg\" alt=\"\" width=\"300\" height=\"200\" srcset=\"https:\/\/l21.mx\/wp-content\/uploads\/2024\/09\/WhatsApp-Image-2024-09-26-at-5.12.29-PM-300x200.jpeg 300w, https:\/\/l21.mx\/wp-content\/uploads\/2024\/09\/WhatsApp-Image-2024-09-26-at-5.12.29-PM-1024x682.jpeg 1024w, https:\/\/l21.mx\/wp-content\/uploads\/2024\/09\/WhatsApp-Image-2024-09-26-at-5.12.29-PM-768x512.jpeg 768w, https:\/\/l21.mx\/wp-content\/uploads\/2024\/09\/WhatsApp-Image-2024-09-26-at-5.12.29-PM-1170x780.jpeg 1170w, https:\/\/l21.mx\/wp-content\/uploads\/2024\/09\/WhatsApp-Image-2024-09-26-at-5.12.29-PM-585x390.jpeg 585w, https:\/\/l21.mx\/wp-content\/uploads\/2024\/09\/WhatsApp-Image-2024-09-26-at-5.12.29-PM-263x175.jpeg 263w, https:\/\/l21.mx\/wp-content\/uploads\/2024\/09\/WhatsApp-Image-2024-09-26-at-5.12.29-PM.jpeg 1280w\" sizes=\"(max-width: 300px) 100vw, 300px\" \/><\/a><\/p>\n<p>Por otro lado, Lili Campos tambi\u00e9n visit\u00f3 la cancha de usos m\u00faltiples ubicada en la avenida CTM con 25, donde comparti\u00f3 momentos con un grupo de mujeres que practican zumba. Ellas expresaron su satisfacci\u00f3n por contar con un espacio digno y limpio, que incluye juegos infantiles, donde pueden realizar sus actividades diarias de zumba, mientras los ni\u00f1os juegan al voleibol, baloncesto o f\u00fatbol.<\/p>\n","protected":false},"excerpt":{"rendered":"<p>&nbsp; Playa del Carmen, Solidaridad a 26 de septiembre del 2024.- En beneficio de la convivencia&hellip;<\/p>\n","protected":false},"author":100,"featured_media":79546,"comment_status":"closed","ping_status":"closed","sticky":false,"template":"","format":"standard","meta":{"_acf_changed":false,"_lmt_disableupdate":"","_lmt_disable":"","_mbp_gutenberg_autopost":false,"footnotes":""},"categories":[1654],"tags":[],"class_list":["post-79544","post","type-post","status-publish","format-standard","has-post-thumbnail","hentry","category-solidaridad"],"acf":[],"_links":{"self":[{"href":"https:\/\/l21.mx\/index.php?rest_route=\/wp\/v2\/posts\/79544","targetHints":{"allow":["GET"]}}],"collection":[{"href":"https:\/\/l21.mx\/index.php?rest_route=\/wp\/v2\/posts"}],"about":[{"href":"https:\/\/l21.mx\/index.php?rest_route=\/wp\/v2\/types\/post"}],"author":[{"embeddable":true,"href":"https:\/\/l21.mx\/index.php?rest_route=\/wp\/v2\/users\/100"}],"replies":[{"embeddable":true,"href":"https:\/\/l21.mx\/index.php?rest_route=%2Fwp%2Fv2%2Fcomments&post=79544"}],"version-history":[{"count":0,"href":"https:\/\/l21.mx\/index.php?rest_route=\/wp\/v2\/posts\/79544\/revisions"}],"wp:featuredmedia":[{"embeddable":true,"href":"https:\/\/l21.mx\/index.php?rest_route=\/wp\/v2\/media\/79546"}],"wp:attachment":[{"href":"https:\/\/l21.mx\/index.php?rest_route=%2Fwp%2Fv2%2Fmedia&parent=79544"}],"wp:term":[{"taxonomy":"category","embeddable":true,"href":"https:\/\/l21.mx\/index.php?rest_route=%2Fwp%2Fv2%2Fcategories&post=79544"},{"taxonomy":"post_tag","embeddable":true,"href":"https:\/\/l21.mx\/index.php?rest_route=%2Fwp%2Fv2%2Ftags&post=79544"}],"curies":[{"name":"wp","href":"https:\/\/api.w.org\/{rel}","templated":true}]}}