{"id":79577,"date":"2024-09-27T16:15:03","date_gmt":"2024-09-27T21:15:03","guid":{"rendered":"https:\/\/l21.mx\/?p=79577"},"modified":"2024-09-27T16:15:03","modified_gmt":"2024-09-27T21:15:03","slug":"solidaridad-reconocido-como-municipio-promotor-de-salud-en-el-estado","status":"publish","type":"post","link":"https:\/\/l21.mx\/?p=79577","title":{"rendered":"Solidaridad reconocido como municipio promotor de salud en el estado"},"content":{"rendered":"<p>&nbsp;<\/p>\n<p>Playa del Carmen, Solidaridad a 27 de septiembre del 2024.- Durante la Cuadrag\u00e9sima Sesi\u00f3n Extraordinaria del Honorable Ayuntamiento, la presidenta municipal Lili Campos recibi\u00f3 la Placa y Certificaci\u00f3n como \u201cMunicipio Promotor a la Salud\u201d por parte de los Servicios Estatales de Salud, tambi\u00e9n se aprob\u00f3 remitir el informe del estado del refinanciamiento de la deuda p\u00fablica al \u00d3rgano Interno de Control del Municipio de Solidaridad, entre otros acuerdos.<\/p>\n<p><a href=\"https:\/\/l21.mx\/wp-content\/uploads\/2024\/09\/WhatsApp-Image-2024-09-27-at-3.45.59-PM.jpeg\" data-rel=\"penci-gallery-image-content\" ><img fetchpriority=\"high\" decoding=\"async\" class=\"alignnone wp-image-79578 size-large\" src=\"https:\/\/l21.mx\/wp-content\/uploads\/2024\/09\/WhatsApp-Image-2024-09-27-at-3.45.59-PM-1024x682.jpeg\" alt=\"\" width=\"1024\" height=\"682\" srcset=\"https:\/\/l21.mx\/wp-content\/uploads\/2024\/09\/WhatsApp-Image-2024-09-27-at-3.45.59-PM-1024x682.jpeg 1024w, https:\/\/l21.mx\/wp-content\/uploads\/2024\/09\/WhatsApp-Image-2024-09-27-at-3.45.59-PM-300x200.jpeg 300w, https:\/\/l21.mx\/wp-content\/uploads\/2024\/09\/WhatsApp-Image-2024-09-27-at-3.45.59-PM-768x512.jpeg 768w, https:\/\/l21.mx\/wp-content\/uploads\/2024\/09\/WhatsApp-Image-2024-09-27-at-3.45.59-PM-1536x1023.jpeg 1536w, https:\/\/l21.mx\/wp-content\/uploads\/2024\/09\/WhatsApp-Image-2024-09-27-at-3.45.59-PM-1170x780.jpeg 1170w, https:\/\/l21.mx\/wp-content\/uploads\/2024\/09\/WhatsApp-Image-2024-09-27-at-3.45.59-PM-585x390.jpeg 585w, https:\/\/l21.mx\/wp-content\/uploads\/2024\/09\/WhatsApp-Image-2024-09-27-at-3.45.59-PM-263x175.jpeg 263w, https:\/\/l21.mx\/wp-content\/uploads\/2024\/09\/WhatsApp-Image-2024-09-27-at-3.45.59-PM.jpeg 1600w\" sizes=\"(max-width: 1024px) 100vw, 1024px\" \/><\/a><\/p>\n<p>El Coordinador de Promoci\u00f3n a la Salud del Estado, Juan Carlos Esparza, en representaci\u00f3n del titular de los Servicios Estatales de Salud, reconoci\u00f3 a la administraci\u00f3n municipal y al trabajo de la presidenta Lili Campos, \u00abPor elevar la salud p\u00fablica a categor\u00eda de Secretar\u00eda de Salud Municipal, siendo el primero en todo el estado de Quintana Roo. Asimismo, por las acciones de atenci\u00f3n m\u00e9dica, conservaci\u00f3n, prevenci\u00f3n y promoci\u00f3n de la salud\u00bb.<\/p>\n<p>En la sesi\u00f3n, se aprob\u00f3 el informe del estado del refinanciamiento de la deuda p\u00fablica del municipio, como parte del proceso de entrega-recepci\u00f3n de la administraci\u00f3n municipal 2021-2024, instruyendo a la titular de la Tesorer\u00eda Municipal, remitirlo al \u00d3rgano Interno de Control del Municipio de Solidaridad, para su integraci\u00f3n al expediente oficial de entrega-recepci\u00f3n.<\/p>\n<p>Tambi\u00e9n se aprob\u00f3 con car\u00e1cter de urgente y obvia resoluci\u00f3n, iniciar los trabajos para crear un protocolo de actuaci\u00f3n para el Centro de Atenci\u00f3n a Llamadas de Emergencia 911 en Solidaridad. De igual modo se autoriz\u00f3 a la presidenta municipal solicitar la validaci\u00f3n del gobierno del estado para que el C4 est\u00e9 vinculado con el C-5 y se permita que entren las llamadas al 911 directas en el municipio.<\/p>\n<p>Otro acuerdo aprobado fue la Reforma al Reglamento Org\u00e1nico de la Administraci\u00f3n P\u00fablica Municipal, por la que se crea la Direcci\u00f3n de Bienestar Animal Asistencia y Zoonosis de la Secretar\u00eda de Medio Ambiente Sustentable y Cambio Clim\u00e1tico. La cual tiene como facultades, entre otras, atenci\u00f3n integral, denunciar actos de crueldad y maltrato animal, as\u00ed como ser la autoridad para el desahogo y gesti\u00f3n en materia de bienestar animal.<\/p>\n<p>Por \u00faltimo, se aprob\u00f3 la modificaci\u00f3n del art\u00edculo 133 del reglamento interno del Ayuntamiento de Solidaridad y la iniciativa de proyecto de decreto por el que se modifica el art\u00edculo 72 y se adiciona la fracci\u00f3n 22\u00aa de la ley de los municipios del Estado de Quintana Roo, para formar la Comisi\u00f3n Edilicia del Inter\u00e9s Superior de la Ni\u00f1ez y Adolescencia de la Familia.<\/p>\n","protected":false},"excerpt":{"rendered":"<p>&nbsp; Playa del Carmen, Solidaridad a 27 de septiembre del 2024.- Durante la Cuadrag\u00e9sima Sesi\u00f3n Extraordinaria&hellip;<\/p>\n","protected":false},"author":100,"featured_media":79579,"comment_status":"closed","ping_status":"closed","sticky":false,"template":"","format":"standard","meta":{"_acf_changed":false,"_lmt_disableupdate":"","_lmt_disable":"","_mbp_gutenberg_autopost":false,"footnotes":""},"categories":[1654],"tags":[],"class_list":["post-79577","post","type-post","status-publish","format-standard","has-post-thumbnail","hentry","category-solidaridad"],"acf":[],"_links":{"self":[{"href":"https:\/\/l21.mx\/index.php?rest_route=\/wp\/v2\/posts\/79577","targetHints":{"allow":["GET"]}}],"collection":[{"href":"https:\/\/l21.mx\/index.php?rest_route=\/wp\/v2\/posts"}],"about":[{"href":"https:\/\/l21.mx\/index.php?rest_route=\/wp\/v2\/types\/post"}],"author":[{"embeddable":true,"href":"https:\/\/l21.mx\/index.php?rest_route=\/wp\/v2\/users\/100"}],"replies":[{"embeddable":true,"href":"https:\/\/l21.mx\/index.php?rest_route=%2Fwp%2Fv2%2Fcomments&post=79577"}],"version-history":[{"count":0,"href":"https:\/\/l21.mx\/index.php?rest_route=\/wp\/v2\/posts\/79577\/revisions"}],"wp:featuredmedia":[{"embeddable":true,"href":"https:\/\/l21.mx\/index.php?rest_route=\/wp\/v2\/media\/79579"}],"wp:attachment":[{"href":"https:\/\/l21.mx\/index.php?rest_route=%2Fwp%2Fv2%2Fmedia&parent=79577"}],"wp:term":[{"taxonomy":"category","embeddable":true,"href":"https:\/\/l21.mx\/index.php?rest_route=%2Fwp%2Fv2%2Fcategories&post=79577"},{"taxonomy":"post_tag","embeddable":true,"href":"https:\/\/l21.mx\/index.php?rest_route=%2Fwp%2Fv2%2Ftags&post=79577"}],"curies":[{"name":"wp","href":"https:\/\/api.w.org\/{rel}","templated":true}]}}