{"id":79583,"date":"2024-09-27T16:43:37","date_gmt":"2024-09-27T21:43:37","guid":{"rendered":"https:\/\/l21.mx\/?p=79583"},"modified":"2024-09-27T16:43:37","modified_gmt":"2024-09-27T21:43:37","slug":"promueven-un-futuro-inclusivo-y-sostenible-en-la-expo-cancun-unidos-por-el-turismo-y-la-paz","status":"publish","type":"post","link":"https:\/\/l21.mx\/?p=79583","title":{"rendered":"Promueven un futuro inclusivo y sostenible en la Expo Canc\u00fan \u201cUnidos por el Turismo y la Paz\u201d"},"content":{"rendered":"<p>&nbsp;<\/p>\n<p>-Evento que conmemora el D\u00eda Mundial del Turismo, con la asistencia de c\u00f3nsules, acad\u00e9micos, hoteleros, restauranteros, y estudiantes del sector<\/p>\n<p>-Mara Lezama destac\u00f3 la colaboraci\u00f3n, innovaci\u00f3n y sostenibilidad como ejes clave para impulsar el turismo y combatir la desigualdad social en Quintana Roo<\/p>\n<p><a href=\"https:\/\/l21.mx\/wp-content\/uploads\/2024\/09\/WhatsApp-Image-2024-09-27-at-3.43.22-PM-1.jpeg\" data-rel=\"penci-gallery-image-content\" ><img fetchpriority=\"high\" decoding=\"async\" class=\"alignnone size-medium wp-image-79587\" src=\"https:\/\/l21.mx\/wp-content\/uploads\/2024\/09\/WhatsApp-Image-2024-09-27-at-3.43.22-PM-1-300x200.jpeg\" alt=\"\" width=\"300\" height=\"200\" srcset=\"https:\/\/l21.mx\/wp-content\/uploads\/2024\/09\/WhatsApp-Image-2024-09-27-at-3.43.22-PM-1-300x200.jpeg 300w, https:\/\/l21.mx\/wp-content\/uploads\/2024\/09\/WhatsApp-Image-2024-09-27-at-3.43.22-PM-1-1024x682.jpeg 1024w, https:\/\/l21.mx\/wp-content\/uploads\/2024\/09\/WhatsApp-Image-2024-09-27-at-3.43.22-PM-1-768x512.jpeg 768w, https:\/\/l21.mx\/wp-content\/uploads\/2024\/09\/WhatsApp-Image-2024-09-27-at-3.43.22-PM-1-1536x1023.jpeg 1536w, https:\/\/l21.mx\/wp-content\/uploads\/2024\/09\/WhatsApp-Image-2024-09-27-at-3.43.22-PM-1-1170x780.jpeg 1170w, https:\/\/l21.mx\/wp-content\/uploads\/2024\/09\/WhatsApp-Image-2024-09-27-at-3.43.22-PM-1-585x390.jpeg 585w, https:\/\/l21.mx\/wp-content\/uploads\/2024\/09\/WhatsApp-Image-2024-09-27-at-3.43.22-PM-1-263x175.jpeg 263w, https:\/\/l21.mx\/wp-content\/uploads\/2024\/09\/WhatsApp-Image-2024-09-27-at-3.43.22-PM-1.jpeg 1600w\" sizes=\"(max-width: 300px) 100vw, 300px\" \/><\/a><\/p>\n<p>Canc\u00fan.- Con la presencia de c\u00f3nsules, acad\u00e9micos, hoteleros, restauranteros, y estudiantes del sector tur\u00edstico, la gobernadora Mara Lezama Espinosa particip\u00f3 en la Expo Canc\u00fan \u201cUnidos por el Turismo y la Paz\u201d, que se realiz\u00f3 en el hotel Fiesta Inn de Canc\u00fan en el marco del D\u00eda Mundial del Turismo.<\/p>\n<p>La Gobernadora destac\u00f3 que este evento resalta la importancia de la colaboraci\u00f3n, la innovaci\u00f3n y la sostenibilidad en el sector tur\u00edstico, motor de la econom\u00eda quintanarroense y fortaleza para combatir la desigualdad social, de acuerdo con el Nuevo Acuerdo por el Bienestar y Desarrollo de Quintana Roo.<\/p>\n<p>\u201cEste gobierno humanista con coraz\u00f3n feminista impulsa una Nueva Era del Turismo que permita la inclusi\u00f3n de todas y todos en esta actividad, de modo que el \u00e9xito se refleje en prosperidad compartida, en la bolsa y la mesa de trabajadoras y trabajadores, artesanas y artesanos, as\u00ed como habitantes de las comunidades rurales\u201d explic\u00f3 Mara Lezama.<\/p>\n<p>Se expuso que la Secretar\u00eda Estatal de Turismo, en colaboraci\u00f3n con la Secretar\u00eda de Turismo de Benito Ju\u00e1rez y otros municipios, trabajan para diversificar la oferta tur\u00edstica m\u00e1s all\u00e1 del tradicional sol y playa, donde el estado ya se posiciona como l\u00edder internacional. Este esfuerzo incluye promover la cultura y ayudar a los visitantes a descubrir las bellezas naturales y la rica historia del estado, siempre bajo un enfoque sostenible.<\/p>\n<p><a href=\"https:\/\/l21.mx\/wp-content\/uploads\/2024\/09\/WhatsApp-Image-2024-09-27-at-3.43.23-PM.jpeg\" data-rel=\"penci-gallery-image-content\" ><img decoding=\"async\" class=\"alignnone size-medium wp-image-79586\" src=\"https:\/\/l21.mx\/wp-content\/uploads\/2024\/09\/WhatsApp-Image-2024-09-27-at-3.43.23-PM-300x200.jpeg\" alt=\"\" width=\"300\" height=\"200\" srcset=\"https:\/\/l21.mx\/wp-content\/uploads\/2024\/09\/WhatsApp-Image-2024-09-27-at-3.43.23-PM-300x200.jpeg 300w, https:\/\/l21.mx\/wp-content\/uploads\/2024\/09\/WhatsApp-Image-2024-09-27-at-3.43.23-PM-1024x682.jpeg 1024w, https:\/\/l21.mx\/wp-content\/uploads\/2024\/09\/WhatsApp-Image-2024-09-27-at-3.43.23-PM-768x512.jpeg 768w, https:\/\/l21.mx\/wp-content\/uploads\/2024\/09\/WhatsApp-Image-2024-09-27-at-3.43.23-PM-1536x1023.jpeg 1536w, https:\/\/l21.mx\/wp-content\/uploads\/2024\/09\/WhatsApp-Image-2024-09-27-at-3.43.23-PM-1170x780.jpeg 1170w, https:\/\/l21.mx\/wp-content\/uploads\/2024\/09\/WhatsApp-Image-2024-09-27-at-3.43.23-PM-585x390.jpeg 585w, https:\/\/l21.mx\/wp-content\/uploads\/2024\/09\/WhatsApp-Image-2024-09-27-at-3.43.23-PM-263x175.jpeg 263w, https:\/\/l21.mx\/wp-content\/uploads\/2024\/09\/WhatsApp-Image-2024-09-27-at-3.43.23-PM.jpeg 1600w\" sizes=\"(max-width: 300px) 100vw, 300px\" \/><\/a><\/p>\n<p>En el evento, Andr\u00e9s Mart\u00ednez, el director del Consejo de Promoci\u00f3n Tur\u00edstica (CPTQ) afirm\u00f3 que en Quintana Roo vivimos del turismo y toca al consejo llevar la voz de Quintana Roo, de sus 12 destinos, a los mejores escaparates del mundo.<\/p>\n<p>El secretario Bernardo Cueto destac\u00f3 que este D\u00eda Mundial del Turismo representa a nuestra gente, lo m\u00e1s importante que tenemos en Quintana Roo, \u201cm\u00e1s all\u00e1 de nuestras maravillosas playas, de los cenotes, las selvas, esos paisajes que son inigualables, lo m\u00e1s importante y que hace que las personas regresen, que tengamos m\u00e1s del 50% de tasa retorno, somos todos y cada uno de nosotros, son nuestras colaboradoras y colaboradores, la poblaci\u00f3n, nuestra gente, ponemos por encima de todo el servicio y la protecci\u00f3n a nuestros turistas, por eso siempre quieren regresar, Quintana Roo es el mejor destino tur\u00edstico del mundo y lo estamos construyendo juntos\u201d.<\/p>\n<p><a href=\"https:\/\/l21.mx\/wp-content\/uploads\/2024\/09\/WhatsApp-Image-2024-09-27-at-3.43.23-PM-1.jpeg\" data-rel=\"penci-gallery-image-content\" ><img decoding=\"async\" class=\"alignnone size-medium wp-image-79585\" src=\"https:\/\/l21.mx\/wp-content\/uploads\/2024\/09\/WhatsApp-Image-2024-09-27-at-3.43.23-PM-1-300x200.jpeg\" alt=\"\" width=\"300\" height=\"200\" srcset=\"https:\/\/l21.mx\/wp-content\/uploads\/2024\/09\/WhatsApp-Image-2024-09-27-at-3.43.23-PM-1-300x200.jpeg 300w, https:\/\/l21.mx\/wp-content\/uploads\/2024\/09\/WhatsApp-Image-2024-09-27-at-3.43.23-PM-1-1024x682.jpeg 1024w, https:\/\/l21.mx\/wp-content\/uploads\/2024\/09\/WhatsApp-Image-2024-09-27-at-3.43.23-PM-1-768x512.jpeg 768w, https:\/\/l21.mx\/wp-content\/uploads\/2024\/09\/WhatsApp-Image-2024-09-27-at-3.43.23-PM-1-1536x1023.jpeg 1536w, https:\/\/l21.mx\/wp-content\/uploads\/2024\/09\/WhatsApp-Image-2024-09-27-at-3.43.23-PM-1-1170x780.jpeg 1170w, https:\/\/l21.mx\/wp-content\/uploads\/2024\/09\/WhatsApp-Image-2024-09-27-at-3.43.23-PM-1-585x390.jpeg 585w, https:\/\/l21.mx\/wp-content\/uploads\/2024\/09\/WhatsApp-Image-2024-09-27-at-3.43.23-PM-1-263x175.jpeg 263w, https:\/\/l21.mx\/wp-content\/uploads\/2024\/09\/WhatsApp-Image-2024-09-27-at-3.43.23-PM-1.jpeg 1600w\" sizes=\"(max-width: 300px) 100vw, 300px\" \/><\/a><\/p>\n","protected":false},"excerpt":{"rendered":"<p>&nbsp; -Evento que conmemora el D\u00eda Mundial del Turismo, con la asistencia de c\u00f3nsules, acad\u00e9micos, hoteleros,&hellip;<\/p>\n","protected":false},"author":100,"featured_media":79584,"comment_status":"closed","ping_status":"closed","sticky":false,"template":"","format":"standard","meta":{"_acf_changed":false,"_lmt_disableupdate":"","_lmt_disable":"","_mbp_gutenberg_autopost":false,"footnotes":""},"categories":[23,1656],"tags":[],"class_list":["post-79583","post","type-post","status-publish","format-standard","has-post-thumbnail","hentry","category-noticias","category-quintana-roo"],"acf":[],"_links":{"self":[{"href":"https:\/\/l21.mx\/index.php?rest_route=\/wp\/v2\/posts\/79583","targetHints":{"allow":["GET"]}}],"collection":[{"href":"https:\/\/l21.mx\/index.php?rest_route=\/wp\/v2\/posts"}],"about":[{"href":"https:\/\/l21.mx\/index.php?rest_route=\/wp\/v2\/types\/post"}],"author":[{"embeddable":true,"href":"https:\/\/l21.mx\/index.php?rest_route=\/wp\/v2\/users\/100"}],"replies":[{"embeddable":true,"href":"https:\/\/l21.mx\/index.php?rest_route=%2Fwp%2Fv2%2Fcomments&post=79583"}],"version-history":[{"count":0,"href":"https:\/\/l21.mx\/index.php?rest_route=\/wp\/v2\/posts\/79583\/revisions"}],"wp:featuredmedia":[{"embeddable":true,"href":"https:\/\/l21.mx\/index.php?rest_route=\/wp\/v2\/media\/79584"}],"wp:attachment":[{"href":"https:\/\/l21.mx\/index.php?rest_route=%2Fwp%2Fv2%2Fmedia&parent=79583"}],"wp:term":[{"taxonomy":"category","embeddable":true,"href":"https:\/\/l21.mx\/index.php?rest_route=%2Fwp%2Fv2%2Fcategories&post=79583"},{"taxonomy":"post_tag","embeddable":true,"href":"https:\/\/l21.mx\/index.php?rest_route=%2Fwp%2Fv2%2Ftags&post=79583"}],"curies":[{"name":"wp","href":"https:\/\/api.w.org\/{rel}","templated":true}]}}