{"id":79592,"date":"2024-09-27T20:35:47","date_gmt":"2024-09-28T01:35:47","guid":{"rendered":"https:\/\/l21.mx\/?p=79592"},"modified":"2024-09-27T20:35:47","modified_gmt":"2024-09-28T01:35:47","slug":"fundacion-funo-huellas-de-pan-y-mara-lezama-inauguran-el-centro-de-cuidados-y-fortalecimiento-familiar","status":"publish","type":"post","link":"https:\/\/l21.mx\/?p=79592","title":{"rendered":"Fundaci\u00f3n FUNO, Huellas de Pan y Mara Lezama inauguran el Centro de Cuidados y Fortalecimiento Familiar"},"content":{"rendered":"<p>Junto con Huellas de Pan AC, Mara Lezama inaugura el Centro de Cuidados y Fortalecimiento Familiar para cerrar brechas de desigualdad<\/p>\n<p>-Se trata de un oasis de esperanza y justicia social para el bienestar de las familias y atender los or\u00edgenes de las violencias<\/p>\n<p><a href=\"https:\/\/l21.mx\/wp-content\/uploads\/2024\/09\/WhatsApp-Image-2024-09-27-at-8.17.33-PM-1-scaled.jpeg\" data-rel=\"penci-gallery-image-content\" ><img fetchpriority=\"high\" decoding=\"async\" class=\"alignnone size-medium wp-image-79598\" src=\"https:\/\/l21.mx\/wp-content\/uploads\/2024\/09\/WhatsApp-Image-2024-09-27-at-8.17.33-PM-1-300x200.jpeg\" alt=\"\" width=\"300\" height=\"200\" srcset=\"https:\/\/l21.mx\/wp-content\/uploads\/2024\/09\/WhatsApp-Image-2024-09-27-at-8.17.33-PM-1-300x200.jpeg 300w, https:\/\/l21.mx\/wp-content\/uploads\/2024\/09\/WhatsApp-Image-2024-09-27-at-8.17.33-PM-1-1024x683.jpeg 1024w, https:\/\/l21.mx\/wp-content\/uploads\/2024\/09\/WhatsApp-Image-2024-09-27-at-8.17.33-PM-1-768x512.jpeg 768w, https:\/\/l21.mx\/wp-content\/uploads\/2024\/09\/WhatsApp-Image-2024-09-27-at-8.17.33-PM-1-1536x1024.jpeg 1536w, https:\/\/l21.mx\/wp-content\/uploads\/2024\/09\/WhatsApp-Image-2024-09-27-at-8.17.33-PM-1-2048x1366.jpeg 2048w, https:\/\/l21.mx\/wp-content\/uploads\/2024\/09\/WhatsApp-Image-2024-09-27-at-8.17.33-PM-1-1920x1280.jpeg 1920w, https:\/\/l21.mx\/wp-content\/uploads\/2024\/09\/WhatsApp-Image-2024-09-27-at-8.17.33-PM-1-1170x780.jpeg 1170w, https:\/\/l21.mx\/wp-content\/uploads\/2024\/09\/WhatsApp-Image-2024-09-27-at-8.17.33-PM-1-585x390.jpeg 585w, https:\/\/l21.mx\/wp-content\/uploads\/2024\/09\/WhatsApp-Image-2024-09-27-at-8.17.33-PM-1-263x175.jpeg 263w\" sizes=\"(max-width: 300px) 100vw, 300px\" \/><\/a><\/p>\n<p>Canc\u00fan.- Al inaugurar el Centro de Cuidados y Fortalecimiento Familiar de Huellas de Pan AC, la gobernadora Mara Lezama Espinosa expres\u00f3 que cuando escuchamos el llamado de la compasi\u00f3n, cuando abrimos nuestro coraz\u00f3n al sentimiento revolucionario y transformador, logramos cosas maravillosas, significativas y trascendentes.<\/p>\n<p>\u201cY este espacio, este oasis de esperanza y justicia social es prueba de ello\u201d, afirm\u00f3 al reconocer la importante labor que desde hace muchos a\u00f1os realiza Huellas de pan, una instituci\u00f3n que siempre ha predicado con el ejemplo y que busca el \u201ccomo s\u00ed\u201d por el bien de los seres humanos.<\/p>\n<p>Este Centro de Cuidados y Fortalecimiento Familiar tiene como meta beneficiar a alrededor de 500 ni\u00f1as, ni\u00f1os y adolescentes en riesgo social. Tendr\u00e1 servicios de psicolog\u00eda, medicina, asistencia legal, psicopedagog\u00eda, ludoteca y trabajo social.<\/p>\n<p><a href=\"https:\/\/l21.mx\/wp-content\/uploads\/2024\/09\/WhatsApp-Image-2024-09-27-at-8.17.36-PM-scaled.jpeg\" data-rel=\"penci-gallery-image-content\" ><img decoding=\"async\" class=\"alignnone size-medium wp-image-79595\" src=\"https:\/\/l21.mx\/wp-content\/uploads\/2024\/09\/WhatsApp-Image-2024-09-27-at-8.17.36-PM-300x200.jpeg\" alt=\"\" width=\"300\" height=\"200\" srcset=\"https:\/\/l21.mx\/wp-content\/uploads\/2024\/09\/WhatsApp-Image-2024-09-27-at-8.17.36-PM-300x200.jpeg 300w, https:\/\/l21.mx\/wp-content\/uploads\/2024\/09\/WhatsApp-Image-2024-09-27-at-8.17.36-PM-1024x683.jpeg 1024w, https:\/\/l21.mx\/wp-content\/uploads\/2024\/09\/WhatsApp-Image-2024-09-27-at-8.17.36-PM-768x512.jpeg 768w, https:\/\/l21.mx\/wp-content\/uploads\/2024\/09\/WhatsApp-Image-2024-09-27-at-8.17.36-PM-1536x1024.jpeg 1536w, https:\/\/l21.mx\/wp-content\/uploads\/2024\/09\/WhatsApp-Image-2024-09-27-at-8.17.36-PM-2048x1366.jpeg 2048w, https:\/\/l21.mx\/wp-content\/uploads\/2024\/09\/WhatsApp-Image-2024-09-27-at-8.17.36-PM-1920x1280.jpeg 1920w, https:\/\/l21.mx\/wp-content\/uploads\/2024\/09\/WhatsApp-Image-2024-09-27-at-8.17.36-PM-1170x780.jpeg 1170w, https:\/\/l21.mx\/wp-content\/uploads\/2024\/09\/WhatsApp-Image-2024-09-27-at-8.17.36-PM-585x390.jpeg 585w, https:\/\/l21.mx\/wp-content\/uploads\/2024\/09\/WhatsApp-Image-2024-09-27-at-8.17.36-PM-263x175.jpeg 263w\" sizes=\"(max-width: 300px) 100vw, 300px\" \/><\/a><\/p>\n<p>Mara Lezama se\u00f1al\u00f3 que es fruto de la visi\u00f3n compartida sintetizada en el Nuevo Acuerdo por el Bienestar y Desarrollo de Quintana Roo, la visi\u00f3n de un gobierno humanista con coraz\u00f3n feminista y esp\u00edritu transformador.<\/p>\n<p>Dio a conocer que para la construcci\u00f3n de este espacio se destinaron m\u00e1s de 8 millones de pesos del Fideicomiso del Bienestar y casi 4 millones de la fundaci\u00f3n FUNO, combatiendo la corrupci\u00f3n, con el convencimiento de mayor recaudaci\u00f3n para combatir las causas de las violencias y desigualdades sociales y con un porcentaje del impuesto al hospedaje.<\/p>\n<p>Mara Lezama estuvo acompa\u00f1ada de Mar\u00eda Elena Orteg\u00f3n Ojeda, presidenta de Huellas de pan AC., quien se\u00f1al\u00f3 que a veces la palabra no es suficiente, sino que se requieren acciones trabajando bajo la f\u00f3rmula conjunta de iniciativa privada, gobierno y sociedad.<\/p>\n<p><a href=\"https:\/\/l21.mx\/wp-content\/uploads\/2024\/09\/WhatsApp-Image-2024-09-27-at-8.17.34-PM-scaled.jpeg\" data-rel=\"penci-gallery-image-content\" ><img decoding=\"async\" class=\"alignnone size-medium wp-image-79597\" src=\"https:\/\/l21.mx\/wp-content\/uploads\/2024\/09\/WhatsApp-Image-2024-09-27-at-8.17.34-PM-300x200.jpeg\" alt=\"\" width=\"300\" height=\"200\" srcset=\"https:\/\/l21.mx\/wp-content\/uploads\/2024\/09\/WhatsApp-Image-2024-09-27-at-8.17.34-PM-300x200.jpeg 300w, https:\/\/l21.mx\/wp-content\/uploads\/2024\/09\/WhatsApp-Image-2024-09-27-at-8.17.34-PM-1024x683.jpeg 1024w, https:\/\/l21.mx\/wp-content\/uploads\/2024\/09\/WhatsApp-Image-2024-09-27-at-8.17.34-PM-768x512.jpeg 768w, https:\/\/l21.mx\/wp-content\/uploads\/2024\/09\/WhatsApp-Image-2024-09-27-at-8.17.34-PM-1536x1024.jpeg 1536w, https:\/\/l21.mx\/wp-content\/uploads\/2024\/09\/WhatsApp-Image-2024-09-27-at-8.17.34-PM-2048x1366.jpeg 2048w, https:\/\/l21.mx\/wp-content\/uploads\/2024\/09\/WhatsApp-Image-2024-09-27-at-8.17.34-PM-1920x1280.jpeg 1920w, https:\/\/l21.mx\/wp-content\/uploads\/2024\/09\/WhatsApp-Image-2024-09-27-at-8.17.34-PM-1170x780.jpeg 1170w, https:\/\/l21.mx\/wp-content\/uploads\/2024\/09\/WhatsApp-Image-2024-09-27-at-8.17.34-PM-585x390.jpeg 585w, https:\/\/l21.mx\/wp-content\/uploads\/2024\/09\/WhatsApp-Image-2024-09-27-at-8.17.34-PM-263x175.jpeg 263w\" sizes=\"(max-width: 300px) 100vw, 300px\" \/><\/a><\/p>\n<p>Agradeci\u00f3 el apoyo de la gobernadora Mara Lezama al indicar que \u201cjam\u00e1s hab\u00eda escuchado que un gobierno hubiera dado el apoyo que se dio aqu\u00ed; se hizo y gracias a esta administraci\u00f3n. Lo m\u00e1s grande de la primera mujer gobernadora es creer en las asociaciones civiles\u201d.<\/p>\n<p><a href=\"https:\/\/l21.mx\/wp-content\/uploads\/2024\/09\/WhatsApp-Image-2024-09-27-at-8.17.35-PM-scaled.jpeg\" data-rel=\"penci-gallery-image-content\" ><img loading=\"lazy\" decoding=\"async\" class=\"alignnone size-medium wp-image-79596\" src=\"https:\/\/l21.mx\/wp-content\/uploads\/2024\/09\/WhatsApp-Image-2024-09-27-at-8.17.35-PM-300x200.jpeg\" alt=\"\" width=\"300\" height=\"200\" srcset=\"https:\/\/l21.mx\/wp-content\/uploads\/2024\/09\/WhatsApp-Image-2024-09-27-at-8.17.35-PM-300x200.jpeg 300w, https:\/\/l21.mx\/wp-content\/uploads\/2024\/09\/WhatsApp-Image-2024-09-27-at-8.17.35-PM-1024x683.jpeg 1024w, https:\/\/l21.mx\/wp-content\/uploads\/2024\/09\/WhatsApp-Image-2024-09-27-at-8.17.35-PM-768x512.jpeg 768w, https:\/\/l21.mx\/wp-content\/uploads\/2024\/09\/WhatsApp-Image-2024-09-27-at-8.17.35-PM-1536x1024.jpeg 1536w, https:\/\/l21.mx\/wp-content\/uploads\/2024\/09\/WhatsApp-Image-2024-09-27-at-8.17.35-PM-2048x1366.jpeg 2048w, https:\/\/l21.mx\/wp-content\/uploads\/2024\/09\/WhatsApp-Image-2024-09-27-at-8.17.35-PM-1920x1280.jpeg 1920w, https:\/\/l21.mx\/wp-content\/uploads\/2024\/09\/WhatsApp-Image-2024-09-27-at-8.17.35-PM-1170x780.jpeg 1170w, https:\/\/l21.mx\/wp-content\/uploads\/2024\/09\/WhatsApp-Image-2024-09-27-at-8.17.35-PM-585x390.jpeg 585w, https:\/\/l21.mx\/wp-content\/uploads\/2024\/09\/WhatsApp-Image-2024-09-27-at-8.17.35-PM-263x175.jpeg 263w\" sizes=\"(max-width: 300px) 100vw, 300px\" \/><\/a><\/p>\n<p>Tras el acto protocolario, que incluy\u00f3 las palabras de Mois\u00e9s El-Mann Arazi, representante de la fundaci\u00f3n FUNO, y del secretario de Bienestar Luis Pablo Bustamante Beltr\u00e1n, se procedi\u00f3 al corte del list\u00f3n y a un recorrido por las instalaciones.<\/p>\n<p>Al dar la bienvenida, la presidenta municipal de Benito Ju\u00e1rez, Ana Paty Peralta de la Pe\u00f1a, celebr\u00f3 con alegr\u00eda la apertura de este Centro e inform\u00f3 que este a\u00f1o fue decretado, en el municipio, como A\u00f1o de la Familia.<\/p>\n<p>Acompa\u00f1\u00f3 a la Gobernadora, la presidenta honoraria del Sistema DIF Quintana Roo, Ver\u00f3nica Lezama Espinosa.<\/p>\n","protected":false},"excerpt":{"rendered":"<p>Junto con Huellas de Pan AC, Mara Lezama inaugura el Centro de Cuidados y Fortalecimiento Familiar&hellip;<\/p>\n","protected":false},"author":100,"featured_media":79594,"comment_status":"closed","ping_status":"closed","sticky":false,"template":"","format":"standard","meta":{"_acf_changed":false,"_lmt_disableupdate":"","_lmt_disable":"","_mbp_gutenberg_autopost":false,"footnotes":""},"categories":[23,1656],"tags":[],"class_list":["post-79592","post","type-post","status-publish","format-standard","has-post-thumbnail","hentry","category-noticias","category-quintana-roo"],"acf":[],"_links":{"self":[{"href":"https:\/\/l21.mx\/index.php?rest_route=\/wp\/v2\/posts\/79592","targetHints":{"allow":["GET"]}}],"collection":[{"href":"https:\/\/l21.mx\/index.php?rest_route=\/wp\/v2\/posts"}],"about":[{"href":"https:\/\/l21.mx\/index.php?rest_route=\/wp\/v2\/types\/post"}],"author":[{"embeddable":true,"href":"https:\/\/l21.mx\/index.php?rest_route=\/wp\/v2\/users\/100"}],"replies":[{"embeddable":true,"href":"https:\/\/l21.mx\/index.php?rest_route=%2Fwp%2Fv2%2Fcomments&post=79592"}],"version-history":[{"count":0,"href":"https:\/\/l21.mx\/index.php?rest_route=\/wp\/v2\/posts\/79592\/revisions"}],"wp:featuredmedia":[{"embeddable":true,"href":"https:\/\/l21.mx\/index.php?rest_route=\/wp\/v2\/media\/79594"}],"wp:attachment":[{"href":"https:\/\/l21.mx\/index.php?rest_route=%2Fwp%2Fv2%2Fmedia&parent=79592"}],"wp:term":[{"taxonomy":"category","embeddable":true,"href":"https:\/\/l21.mx\/index.php?rest_route=%2Fwp%2Fv2%2Fcategories&post=79592"},{"taxonomy":"post_tag","embeddable":true,"href":"https:\/\/l21.mx\/index.php?rest_route=%2Fwp%2Fv2%2Ftags&post=79592"}],"curies":[{"name":"wp","href":"https:\/\/api.w.org\/{rel}","templated":true}]}}