{"id":80345,"date":"2024-10-16T10:59:58","date_gmt":"2024-10-16T15:59:58","guid":{"rendered":"https:\/\/l21.mx\/?p=80345"},"modified":"2024-10-16T10:59:58","modified_gmt":"2024-10-16T15:59:58","slug":"anuncia-mara-lezama-feria-nacional-de-empleo-con-mas-de-3-mil-vacantes-en-cancun-playa-del-carmen-y-chetumal-a-partir-de-hoy","status":"publish","type":"post","link":"https:\/\/l21.mx\/?p=80345","title":{"rendered":"Anuncia Mara Lezama Feria Nacional de Empleo con m\u00e1s de 3 mil vacantes en Canc\u00fan, Playa del Carmen y Chetumal, a partir de hoy"},"content":{"rendered":"<p>&nbsp;<\/p>\n<p>Chetumal.- Para que la prosperidad compartida permee entre todas y todos los quintanarroenses, la gobernadora Mara Lezama Espinosa anunci\u00f3 la Feria Nacional de Empleo para la Inclusi\u00f3n Laboral 2024 los d\u00edas 16, 17 y 29 de octubre en Canc\u00fan, Playa del Carmen y Chetumal, la capital.<\/p>\n<p><a href=\"https:\/\/l21.mx\/wp-content\/uploads\/2024\/10\/WhatsApp-Image-2024-10-14-at-6.44.12-PM-1.jpeg\" data-rel=\"penci-gallery-image-content\" ><img fetchpriority=\"high\" decoding=\"async\" class=\"alignnone size-medium wp-image-80347\" src=\"https:\/\/l21.mx\/wp-content\/uploads\/2024\/10\/WhatsApp-Image-2024-10-14-at-6.44.12-PM-1-300x225.jpeg\" alt=\"\" width=\"300\" height=\"225\" srcset=\"https:\/\/l21.mx\/wp-content\/uploads\/2024\/10\/WhatsApp-Image-2024-10-14-at-6.44.12-PM-1-300x225.jpeg 300w, https:\/\/l21.mx\/wp-content\/uploads\/2024\/10\/WhatsApp-Image-2024-10-14-at-6.44.12-PM-1-1024x768.jpeg 1024w, https:\/\/l21.mx\/wp-content\/uploads\/2024\/10\/WhatsApp-Image-2024-10-14-at-6.44.12-PM-1-768x576.jpeg 768w, https:\/\/l21.mx\/wp-content\/uploads\/2024\/10\/WhatsApp-Image-2024-10-14-at-6.44.12-PM-1-1536x1152.jpeg 1536w, https:\/\/l21.mx\/wp-content\/uploads\/2024\/10\/WhatsApp-Image-2024-10-14-at-6.44.12-PM-1-2048x1536.jpeg 2048w, https:\/\/l21.mx\/wp-content\/uploads\/2024\/10\/WhatsApp-Image-2024-10-14-at-6.44.12-PM-1-1200x900.jpeg 1200w, https:\/\/l21.mx\/wp-content\/uploads\/2024\/10\/WhatsApp-Image-2024-10-14-at-6.44.12-PM-1-1920x1440.jpeg 1920w, https:\/\/l21.mx\/wp-content\/uploads\/2024\/10\/WhatsApp-Image-2024-10-14-at-6.44.12-PM-1-1170x878.jpeg 1170w, https:\/\/l21.mx\/wp-content\/uploads\/2024\/10\/WhatsApp-Image-2024-10-14-at-6.44.12-PM-1-585x439.jpeg 585w\" sizes=\"(max-width: 300px) 100vw, 300px\" \/><\/a><\/p>\n<p>Dio a conocer que este mi\u00e9rcoles 16 esta Feria estar\u00e1 en el Domo Doble Jacinto Canek, de Canc\u00fan; ma\u00f1ana mi\u00e9rcoles 17 en el domo Gonzalo Guerrero, de Playa del Carmen, y el martes 29 en el Sal\u00f3n Social Bellavista, de Chetumal.<\/p>\n<p>M\u00e1s de 3 mil vacantes est\u00e1n ofreciendo empresas nacionales e internacionales, como Alstom, una de las empresas encargadas en la construcci\u00f3n del tren maya, el hotel Palladium, hotel AVA Resort, Go Mart, Royalton, Splash Riviera Maya, entre otros giros y empresas; as\u00ed como la Secretar\u00eda de Seguridad Ciudadana, que ofertar\u00e1 vacantes con salarios que van desde los 15,000 hasta los 20,000 pesos mensuales.<\/p>\n<p>La gobernadora de Quintana Roo invit\u00f3 a todas las personas interesadas en obtener un empleo formal, bien pagado y con todas las prestaciones de ley, acudir a esta Feria, porque este gobierno humanista, con coraz\u00f3n feminista, darte oportunidades laborales si interesa.<\/p>\n<p>Por ello, a\u00f1adi\u00f3 que como parte de la estrategia \u201cEmpl\u00e9ate Quintana Roo\u201d, tambi\u00e9n pueden ingresar a la p\u00e1gina ferias.empleo.gob.mx en donde est\u00e1n los detalles laborales, para tu bienestar.<\/p>\n","protected":false},"excerpt":{"rendered":"<p>&nbsp; Chetumal.- Para que la prosperidad compartida permee entre todas y todos los quintanarroenses, la gobernadora&hellip;<\/p>\n","protected":false},"author":100,"featured_media":80346,"comment_status":"closed","ping_status":"closed","sticky":false,"template":"","format":"standard","meta":{"_acf_changed":false,"_lmt_disableupdate":"","_lmt_disable":"","_mbp_gutenberg_autopost":false,"footnotes":""},"categories":[23,1656],"tags":[],"class_list":["post-80345","post","type-post","status-publish","format-standard","has-post-thumbnail","hentry","category-noticias","category-quintana-roo"],"acf":[],"_links":{"self":[{"href":"https:\/\/l21.mx\/index.php?rest_route=\/wp\/v2\/posts\/80345","targetHints":{"allow":["GET"]}}],"collection":[{"href":"https:\/\/l21.mx\/index.php?rest_route=\/wp\/v2\/posts"}],"about":[{"href":"https:\/\/l21.mx\/index.php?rest_route=\/wp\/v2\/types\/post"}],"author":[{"embeddable":true,"href":"https:\/\/l21.mx\/index.php?rest_route=\/wp\/v2\/users\/100"}],"replies":[{"embeddable":true,"href":"https:\/\/l21.mx\/index.php?rest_route=%2Fwp%2Fv2%2Fcomments&post=80345"}],"version-history":[{"count":0,"href":"https:\/\/l21.mx\/index.php?rest_route=\/wp\/v2\/posts\/80345\/revisions"}],"wp:featuredmedia":[{"embeddable":true,"href":"https:\/\/l21.mx\/index.php?rest_route=\/wp\/v2\/media\/80346"}],"wp:attachment":[{"href":"https:\/\/l21.mx\/index.php?rest_route=%2Fwp%2Fv2%2Fmedia&parent=80345"}],"wp:term":[{"taxonomy":"category","embeddable":true,"href":"https:\/\/l21.mx\/index.php?rest_route=%2Fwp%2Fv2%2Fcategories&post=80345"},{"taxonomy":"post_tag","embeddable":true,"href":"https:\/\/l21.mx\/index.php?rest_route=%2Fwp%2Fv2%2Ftags&post=80345"}],"curies":[{"name":"wp","href":"https:\/\/api.w.org\/{rel}","templated":true}]}}