{"id":80361,"date":"2024-10-17T16:27:01","date_gmt":"2024-10-17T21:27:01","guid":{"rendered":"https:\/\/l21.mx\/?p=80361"},"modified":"2024-10-17T16:27:01","modified_gmt":"2024-10-17T21:27:01","slug":"presentan-el-sistema-de-corredores-de-transporte-publico-y-la-conectividad-con-el-tren-maya-en-quintana-roo","status":"publish","type":"post","link":"https:\/\/l21.mx\/?p=80361","title":{"rendered":"Presentan el Sistema de Corredores de Transporte P\u00fablico y la conectividad con el Tren Maya en Quintana Roo"},"content":{"rendered":"<p>&nbsp;<\/p>\n<p>-Durante la Tercera Edici\u00f3n del Foro \u201cMe lleva el Tren\u201d que reuni\u00f3 a expertos en movilidad sustentable, medio ambiente y pol\u00edtica p\u00fablica<\/p>\n<p><a href=\"https:\/\/l21.mx\/wp-content\/uploads\/2024\/10\/WhatsApp-Image-2024-10-17-at-4.09.49-PM-1-scaled.jpeg\" data-rel=\"penci-gallery-image-content\" ><img fetchpriority=\"high\" decoding=\"async\" class=\"alignnone size-medium wp-image-80363\" src=\"https:\/\/l21.mx\/wp-content\/uploads\/2024\/10\/WhatsApp-Image-2024-10-17-at-4.09.49-PM-1-300x200.jpeg\" alt=\"\" width=\"300\" height=\"200\" srcset=\"https:\/\/l21.mx\/wp-content\/uploads\/2024\/10\/WhatsApp-Image-2024-10-17-at-4.09.49-PM-1-300x200.jpeg 300w, https:\/\/l21.mx\/wp-content\/uploads\/2024\/10\/WhatsApp-Image-2024-10-17-at-4.09.49-PM-1-1024x683.jpeg 1024w, https:\/\/l21.mx\/wp-content\/uploads\/2024\/10\/WhatsApp-Image-2024-10-17-at-4.09.49-PM-1-768x512.jpeg 768w, https:\/\/l21.mx\/wp-content\/uploads\/2024\/10\/WhatsApp-Image-2024-10-17-at-4.09.49-PM-1-1536x1024.jpeg 1536w, https:\/\/l21.mx\/wp-content\/uploads\/2024\/10\/WhatsApp-Image-2024-10-17-at-4.09.49-PM-1-2048x1366.jpeg 2048w, https:\/\/l21.mx\/wp-content\/uploads\/2024\/10\/WhatsApp-Image-2024-10-17-at-4.09.49-PM-1-1920x1280.jpeg 1920w, https:\/\/l21.mx\/wp-content\/uploads\/2024\/10\/WhatsApp-Image-2024-10-17-at-4.09.49-PM-1-1170x780.jpeg 1170w, https:\/\/l21.mx\/wp-content\/uploads\/2024\/10\/WhatsApp-Image-2024-10-17-at-4.09.49-PM-1-585x390.jpeg 585w, https:\/\/l21.mx\/wp-content\/uploads\/2024\/10\/WhatsApp-Image-2024-10-17-at-4.09.49-PM-1-263x175.jpeg 263w\" sizes=\"(max-width: 300px) 100vw, 300px\" \/><\/a><\/p>\n<p>Canc\u00fan.- El Instituto de Movilidad del Estado de Quintana Roo (IMOVEQROO) fue sede de la Tercera Edici\u00f3n del Foro \u201cMe lleva el Tren\u201d, un espacio en el que autoridades federales, estatales y municipales, junto con expertos en movilidad sustentable, medio ambiente y pol\u00edtica p\u00fablica, discutieron los desaf\u00edos de financiamiento e implementaci\u00f3n de sistemas ferroviarios e infraestructura de transporte en M\u00e9xico y Quintana Roo.<\/p>\n<p>Durante el evento, el director de IMOVEQROO, Rodrigo Alcazar Urrutia, present\u00f3 el proyecto de Corredores de Transporte P\u00fablico y su integraci\u00f3n con el Tren Maya, destacando la importancia de este desarrollo para transformar la movilidad en la regi\u00f3n.<\/p>\n<p>\u201cEste proyecto, que ya cuenta con clave de inversi\u00f3n de la Secretar\u00eda de Hacienda y Cr\u00e9dito P\u00fablico, cambiar\u00e1 radicalmente la forma en que nos movemos, pasando de un sistema hombre-cami\u00f3n a un sistema integral de transporte m\u00e1s eficiente y conectado\u201d, se\u00f1al\u00f3.<\/p>\n<p><a href=\"https:\/\/l21.mx\/wp-content\/uploads\/2024\/10\/WhatsApp-Image-2024-10-17-at-4.09.49-PM-scaled.jpeg\" data-rel=\"penci-gallery-image-content\" ><img decoding=\"async\" class=\"alignnone size-medium wp-image-80362\" src=\"https:\/\/l21.mx\/wp-content\/uploads\/2024\/10\/WhatsApp-Image-2024-10-17-at-4.09.49-PM-300x192.jpeg\" alt=\"\" width=\"300\" height=\"192\" srcset=\"https:\/\/l21.mx\/wp-content\/uploads\/2024\/10\/WhatsApp-Image-2024-10-17-at-4.09.49-PM-300x192.jpeg 300w, https:\/\/l21.mx\/wp-content\/uploads\/2024\/10\/WhatsApp-Image-2024-10-17-at-4.09.49-PM-1024x654.jpeg 1024w, https:\/\/l21.mx\/wp-content\/uploads\/2024\/10\/WhatsApp-Image-2024-10-17-at-4.09.49-PM-768x491.jpeg 768w, https:\/\/l21.mx\/wp-content\/uploads\/2024\/10\/WhatsApp-Image-2024-10-17-at-4.09.49-PM-1536x981.jpeg 1536w, https:\/\/l21.mx\/wp-content\/uploads\/2024\/10\/WhatsApp-Image-2024-10-17-at-4.09.49-PM-2048x1309.jpeg 2048w, https:\/\/l21.mx\/wp-content\/uploads\/2024\/10\/WhatsApp-Image-2024-10-17-at-4.09.49-PM-1920x1227.jpeg 1920w, https:\/\/l21.mx\/wp-content\/uploads\/2024\/10\/WhatsApp-Image-2024-10-17-at-4.09.49-PM-1170x748.jpeg 1170w, https:\/\/l21.mx\/wp-content\/uploads\/2024\/10\/WhatsApp-Image-2024-10-17-at-4.09.49-PM-585x374.jpeg 585w\" sizes=\"(max-width: 300px) 100vw, 300px\" \/><\/a><\/p>\n<p>El foro, realizado en colaboraci\u00f3n con la organizaci\u00f3n Comunica la Ciudad, fue escenario de debates sobre movilidad no motorizada, tecnolog\u00eda y gobernanza sustentable, donde se subray\u00f3 la relevancia del Tren Maya como eje clave para un pa\u00eds ferroviario, con una red proyectada de m\u00e1s de 3 mil kil\u00f3metros en los pr\u00f3ximos seis a\u00f1os, una iniciativa impulsada por la presidenta de M\u00e9xico, Claudia Sheinbaum.<\/p>\n<p>Por su parte \u00d3scar Fern\u00e1ndez, director ejecutivo de Teltronic M\u00e9xico, destac\u00f3 la visi\u00f3n del gobierno federal para crear un pa\u00eds m\u00e1s conectado y amigable con el medio ambiente.<\/p>\n<p>El titular del IMOVEQROO destac\u00f3 que la gobernadora Mara Lezama, ha mostrado un fuerte compromiso con la movilidad sustentable y la prosperidad compartida llegue a todos los hogares de las y los quintanarroenses.<\/p>\n<p>\u201cEstamos en un momento clave para la movilidad en Canc\u00fan y todo el estado, y este foro nos permite intercambiar ideas con expertos en tecnolog\u00eda, seguridad vial, accesibilidad y movilidad ciclista, en l\u00ednea con nuestras pol\u00edticas p\u00fablicas\u201d, afirm\u00f3.<\/p>\n<p>La Tercera Edici\u00f3n del Foro incluy\u00f3 tres mesas de debate, en las que se abordaron temas como los retos tecnol\u00f3gicos y presupuestales del Tren Maya, la movilidad no motorizada, y la importancia de integrar tecnolog\u00edas avanzadas y sistemas de bicicletas p\u00fablicas para consolidar un sistema de transporte sostenible y eficiente.<\/p>\n<p>Con este tipo de eventos, Quintana Roo refuerza su papel como un actor clave en la movilidad ferroviaria y sustentable en M\u00e9xico, contribuyendo al desarrollo de una infraestructura que mejorar\u00e1 la calidad de vida de sus habitantes y de todo el pa\u00eds.<\/p>\n","protected":false},"excerpt":{"rendered":"<p>&nbsp; -Durante la Tercera Edici\u00f3n del Foro \u201cMe lleva el Tren\u201d que reuni\u00f3 a expertos en&hellip;<\/p>\n","protected":false},"author":100,"featured_media":80364,"comment_status":"closed","ping_status":"closed","sticky":false,"template":"","format":"standard","meta":{"_acf_changed":false,"_lmt_disableupdate":"","_lmt_disable":"","_mbp_gutenberg_autopost":false,"footnotes":""},"categories":[23,1656],"tags":[],"class_list":["post-80361","post","type-post","status-publish","format-standard","has-post-thumbnail","hentry","category-noticias","category-quintana-roo"],"acf":[],"_links":{"self":[{"href":"https:\/\/l21.mx\/index.php?rest_route=\/wp\/v2\/posts\/80361","targetHints":{"allow":["GET"]}}],"collection":[{"href":"https:\/\/l21.mx\/index.php?rest_route=\/wp\/v2\/posts"}],"about":[{"href":"https:\/\/l21.mx\/index.php?rest_route=\/wp\/v2\/types\/post"}],"author":[{"embeddable":true,"href":"https:\/\/l21.mx\/index.php?rest_route=\/wp\/v2\/users\/100"}],"replies":[{"embeddable":true,"href":"https:\/\/l21.mx\/index.php?rest_route=%2Fwp%2Fv2%2Fcomments&post=80361"}],"version-history":[{"count":0,"href":"https:\/\/l21.mx\/index.php?rest_route=\/wp\/v2\/posts\/80361\/revisions"}],"wp:featuredmedia":[{"embeddable":true,"href":"https:\/\/l21.mx\/index.php?rest_route=\/wp\/v2\/media\/80364"}],"wp:attachment":[{"href":"https:\/\/l21.mx\/index.php?rest_route=%2Fwp%2Fv2%2Fmedia&parent=80361"}],"wp:term":[{"taxonomy":"category","embeddable":true,"href":"https:\/\/l21.mx\/index.php?rest_route=%2Fwp%2Fv2%2Fcategories&post=80361"},{"taxonomy":"post_tag","embeddable":true,"href":"https:\/\/l21.mx\/index.php?rest_route=%2Fwp%2Fv2%2Ftags&post=80361"}],"curies":[{"name":"wp","href":"https:\/\/api.w.org\/{rel}","templated":true}]}}