{"id":80382,"date":"2024-10-18T16:44:42","date_gmt":"2024-10-18T21:44:42","guid":{"rendered":"https:\/\/l21.mx\/?p=80382"},"modified":"2024-10-18T16:44:42","modified_gmt":"2024-10-18T21:44:42","slug":"entrega-recepcion-del-mando-de-armas-de-la-novena-region-naval","status":"publish","type":"post","link":"https:\/\/l21.mx\/?p=80382","title":{"rendered":"Entrega-Recepci\u00f3n del Mando de Armas de la Novena Regi\u00f3n Naval"},"content":{"rendered":"<p>&nbsp;<\/p>\n<p>-Recibe el Vicealmirante Alfredo Ram\u00f3n Enr\u00edquez Delgado en significativa ceremonia encabezada por el Almirante Francisco Guillermo Escamilla C\u00e1zares, Oficial Mayor de MARINA<\/p>\n<p><a href=\"https:\/\/l21.mx\/wp-content\/uploads\/2024\/10\/WhatsApp-Image-2024-10-17-at-9.25.12-PM.jpeg\" data-rel=\"penci-gallery-image-content\" ><img fetchpriority=\"high\" decoding=\"async\" class=\"alignnone size-medium wp-image-80384\" src=\"https:\/\/l21.mx\/wp-content\/uploads\/2024\/10\/WhatsApp-Image-2024-10-17-at-9.25.12-PM-300x200.jpeg\" alt=\"\" width=\"300\" height=\"200\" srcset=\"https:\/\/l21.mx\/wp-content\/uploads\/2024\/10\/WhatsApp-Image-2024-10-17-at-9.25.12-PM-300x200.jpeg 300w, https:\/\/l21.mx\/wp-content\/uploads\/2024\/10\/WhatsApp-Image-2024-10-17-at-9.25.12-PM-1024x682.jpeg 1024w, https:\/\/l21.mx\/wp-content\/uploads\/2024\/10\/WhatsApp-Image-2024-10-17-at-9.25.12-PM-768x512.jpeg 768w, https:\/\/l21.mx\/wp-content\/uploads\/2024\/10\/WhatsApp-Image-2024-10-17-at-9.25.12-PM-1536x1023.jpeg 1536w, https:\/\/l21.mx\/wp-content\/uploads\/2024\/10\/WhatsApp-Image-2024-10-17-at-9.25.12-PM-1170x780.jpeg 1170w, https:\/\/l21.mx\/wp-content\/uploads\/2024\/10\/WhatsApp-Image-2024-10-17-at-9.25.12-PM-585x390.jpeg 585w, https:\/\/l21.mx\/wp-content\/uploads\/2024\/10\/WhatsApp-Image-2024-10-17-at-9.25.12-PM-263x175.jpeg 263w, https:\/\/l21.mx\/wp-content\/uploads\/2024\/10\/WhatsApp-Image-2024-10-17-at-9.25.12-PM.jpeg 1600w\" sizes=\"(max-width: 300px) 100vw, 300px\" \/><\/a><\/p>\n<p>Isla Mujeres.- La gobernadora Mara Lezama Espinosa asisti\u00f3 a la ceremonia Entrega-Recepci\u00f3n del Mando de Armas de la Novena Regi\u00f3n Naval, a cargo del Vicealmirante Alfredo Ram\u00f3n Enr\u00edquez Delgado, con la presencia del Almirante Francisco Guillermo Escamilla C\u00e1zares, Oficial Mayor de MARINA y representante del Alto Mando.<\/p>\n<p>En esta significativa ceremonia estuvieron presentes el vicealmirante Omar Zavala Ram\u00edrez, Jefe de Estado Mayor de la Novena Regi\u00f3n Naval; la juez consejera del Consejo de la Judicatura Ruth Gamboa \u00cd\u00f1iguez, en representaci\u00f3n del magistrado Heyden Cebada Rivas, presidente del Tribunal Superior de Justicia; la secretaria t\u00e9cnica de la Coordinaci\u00f3n Estatal para la Construcci\u00f3n de Paz y Seguridad en Quintana Roo.<\/p>\n<p><a href=\"https:\/\/l21.mx\/wp-content\/uploads\/2024\/10\/WhatsApp-Image-2024-10-17-at-9.25.11-PM.jpeg\" data-rel=\"penci-gallery-image-content\" ><img decoding=\"async\" class=\"alignnone size-medium wp-image-80385\" src=\"https:\/\/l21.mx\/wp-content\/uploads\/2024\/10\/WhatsApp-Image-2024-10-17-at-9.25.11-PM-300x200.jpeg\" alt=\"\" width=\"300\" height=\"200\" srcset=\"https:\/\/l21.mx\/wp-content\/uploads\/2024\/10\/WhatsApp-Image-2024-10-17-at-9.25.11-PM-300x200.jpeg 300w, https:\/\/l21.mx\/wp-content\/uploads\/2024\/10\/WhatsApp-Image-2024-10-17-at-9.25.11-PM-1024x682.jpeg 1024w, https:\/\/l21.mx\/wp-content\/uploads\/2024\/10\/WhatsApp-Image-2024-10-17-at-9.25.11-PM-768x512.jpeg 768w, https:\/\/l21.mx\/wp-content\/uploads\/2024\/10\/WhatsApp-Image-2024-10-17-at-9.25.11-PM-1536x1023.jpeg 1536w, https:\/\/l21.mx\/wp-content\/uploads\/2024\/10\/WhatsApp-Image-2024-10-17-at-9.25.11-PM-1170x780.jpeg 1170w, https:\/\/l21.mx\/wp-content\/uploads\/2024\/10\/WhatsApp-Image-2024-10-17-at-9.25.11-PM-585x390.jpeg 585w, https:\/\/l21.mx\/wp-content\/uploads\/2024\/10\/WhatsApp-Image-2024-10-17-at-9.25.11-PM-263x175.jpeg 263w, https:\/\/l21.mx\/wp-content\/uploads\/2024\/10\/WhatsApp-Image-2024-10-17-at-9.25.11-PM.jpeg 1600w\" sizes=\"(max-width: 300px) 100vw, 300px\" \/><\/a><\/p>\n<p>Adem\u00e1s, las presidentas municipales Atenea G\u00f3mez Ricalde, de Isla Mujeres, y Ana Paty Peralta de la Pe\u00f1a, de Benito Ju\u00e1rez; el delegado estatal de la Fiscal\u00eda General de la Rep\u00fablica, Carlos Tovilla Padilla; el Gral. Brigadier DEM David Morales Hern\u00e1ndez, comandante de la Guarnici\u00f3n Militar de Canc\u00fan; el Comisario Jos\u00e9 Luis Mart\u00ednez Rojas, Coordinador Estatal de la Guardia Nacional, y el Fiscal Anticorrupci\u00f3n Edgar Ram\u00edrez Morales.<\/p>\n","protected":false},"excerpt":{"rendered":"<p>&nbsp; -Recibe el Vicealmirante Alfredo Ram\u00f3n Enr\u00edquez Delgado en significativa ceremonia encabezada por el Almirante Francisco&hellip;<\/p>\n","protected":false},"author":100,"featured_media":80383,"comment_status":"closed","ping_status":"closed","sticky":false,"template":"","format":"standard","meta":{"_acf_changed":false,"_lmt_disableupdate":"","_lmt_disable":"","_mbp_gutenberg_autopost":false,"footnotes":""},"categories":[23,1656],"tags":[],"class_list":["post-80382","post","type-post","status-publish","format-standard","has-post-thumbnail","hentry","category-noticias","category-quintana-roo"],"acf":[],"_links":{"self":[{"href":"https:\/\/l21.mx\/index.php?rest_route=\/wp\/v2\/posts\/80382","targetHints":{"allow":["GET"]}}],"collection":[{"href":"https:\/\/l21.mx\/index.php?rest_route=\/wp\/v2\/posts"}],"about":[{"href":"https:\/\/l21.mx\/index.php?rest_route=\/wp\/v2\/types\/post"}],"author":[{"embeddable":true,"href":"https:\/\/l21.mx\/index.php?rest_route=\/wp\/v2\/users\/100"}],"replies":[{"embeddable":true,"href":"https:\/\/l21.mx\/index.php?rest_route=%2Fwp%2Fv2%2Fcomments&post=80382"}],"version-history":[{"count":0,"href":"https:\/\/l21.mx\/index.php?rest_route=\/wp\/v2\/posts\/80382\/revisions"}],"wp:featuredmedia":[{"embeddable":true,"href":"https:\/\/l21.mx\/index.php?rest_route=\/wp\/v2\/media\/80383"}],"wp:attachment":[{"href":"https:\/\/l21.mx\/index.php?rest_route=%2Fwp%2Fv2%2Fmedia&parent=80382"}],"wp:term":[{"taxonomy":"category","embeddable":true,"href":"https:\/\/l21.mx\/index.php?rest_route=%2Fwp%2Fv2%2Fcategories&post=80382"},{"taxonomy":"post_tag","embeddable":true,"href":"https:\/\/l21.mx\/index.php?rest_route=%2Fwp%2Fv2%2Ftags&post=80382"}],"curies":[{"name":"wp","href":"https:\/\/api.w.org\/{rel}","templated":true}]}}