{"id":80405,"date":"2024-10-19T10:28:02","date_gmt":"2024-10-19T15:28:02","guid":{"rendered":"https:\/\/l21.mx\/?p=80405"},"modified":"2024-10-19T10:28:02","modified_gmt":"2024-10-19T15:28:02","slug":"grupo-xcaret-lanza-su-programa-de-turismo-social-koneex-xiimbal-para-beneficiar-a-comunidades-mayas","status":"publish","type":"post","link":"https:\/\/l21.mx\/?p=80405","title":{"rendered":"\u00a0Grupo Xcaret lanza su programa de turismo social Kone\u2019ex X\u00edimbal para beneficiar a comunidades mayas"},"content":{"rendered":"<p class=\"x_MsoNormal\" align=\"center\"><b><span data-olk-copy-source=\"MessageBody\">Grupo Xcaret y comunidades de Quintana Roo: un v\u00ednculo cultural en el Festival de Tradiciones de Vida y Muerte<\/span><\/b><\/p>\n<p class=\"x_MsoNormal\"><a href=\"https:\/\/l21.mx\/wp-content\/uploads\/2024\/10\/ProgramaTurismoSocial-3.jpg\" data-rel=\"penci-gallery-image-content\" ><img fetchpriority=\"high\" decoding=\"async\" class=\"alignnone size-medium wp-image-80407\" src=\"https:\/\/l21.mx\/wp-content\/uploads\/2024\/10\/ProgramaTurismoSocial-3-300x200.jpg\" alt=\"\" width=\"300\" height=\"200\" srcset=\"https:\/\/l21.mx\/wp-content\/uploads\/2024\/10\/ProgramaTurismoSocial-3-300x200.jpg 300w, https:\/\/l21.mx\/wp-content\/uploads\/2024\/10\/ProgramaTurismoSocial-3-1024x683.jpg 1024w, https:\/\/l21.mx\/wp-content\/uploads\/2024\/10\/ProgramaTurismoSocial-3-768x512.jpg 768w, https:\/\/l21.mx\/wp-content\/uploads\/2024\/10\/ProgramaTurismoSocial-3-1536x1024.jpg 1536w, https:\/\/l21.mx\/wp-content\/uploads\/2024\/10\/ProgramaTurismoSocial-3-2048x1365.jpg 2048w, https:\/\/l21.mx\/wp-content\/uploads\/2024\/10\/ProgramaTurismoSocial-3-1920x1280.jpg 1920w, https:\/\/l21.mx\/wp-content\/uploads\/2024\/10\/ProgramaTurismoSocial-3-1170x780.jpg 1170w, https:\/\/l21.mx\/wp-content\/uploads\/2024\/10\/ProgramaTurismoSocial-3-585x390.jpg 585w, https:\/\/l21.mx\/wp-content\/uploads\/2024\/10\/ProgramaTurismoSocial-3-263x175.jpg 263w\" sizes=\"(max-width: 300px) 100vw, 300px\" \/><\/a><\/p>\n<p class=\"x_MsoNormal\">En un esfuerzo por fortalecer los lazos con las comunidades locales y celebrar la riqueza cultural de M\u00e9xico, Grupo Xcaret se enorgullece de anunciar el lanzamiento de su programa de turismo social \u201cKone\u2019ex X\u00edimbal\u201d (Vamos a pasear). Este programa tiene como objetivo fomentar la prosperidad compartida en la regi\u00f3n, beneficiando a las personas de la zona maya de Quintana Roo, quienes a menudo est\u00e1n alejadas de las ofertas tur\u00edsticas y culturales del estado o que tienen pocas posibilidades de acceso.<\/p>\n<p class=\"x_MsoNormal\">\n<p class=\"x_MsoNormal\">Cada mes, Grupo Xcaret recibir\u00e1 a un grupo de 50 personas, brind\u00e1ndoles acceso gratuito al Parque Xcaret con transporte gratuito desde sus comunidades hasta el parque, as\u00ed como alimentos tipo buffet y atenci\u00f3n prioritaria en lengua maya.<\/p>\n<p class=\"x_MsoNormal\"><span lang=\"ES\">\u00a0<\/span>Alineado con el modelo de sostenibilidad de Grupo Xcaret, Kone\u2019ex X\u00edimbal est\u00e1 dise\u00f1ado para agradecer y empoderar a las personas de las comunidades locales que participan en la muestra gastron\u00f3mica del Festival de Tradiciones de Vida y Muerte. Este festival enaltece nuestra cultura al compartir las tradiciones y conocimientos ancestrales del Estado de Quintana Roo con miles de visitantes de M\u00e9xico y el mundo, quienes reconocen el gran valor cultural del pa\u00eds.<\/p>\n<p class=\"x_MsoNormal\">La iniciativa busca agradecer y honrar las tradiciones compartidas, al mismo tiempo, busca fortalecer la identidad local, debido a que los miembros de estas comunidades se sienten a\u00fan m\u00e1s orgullosos de su cultura al ver que despiertan admiraci\u00f3n y respeto tanto de compatriotas como de extranjeros.<\/p>\n<p class=\"x_MsoNormal\">Leticia Aguerrebere, de la Direcci\u00f3n de Arte y Cultura de Grupo Xcaret y en la Direcci\u00f3n General del Festival, se\u00f1al\u00f3: \u201cEl Festival de Tradiciones de Vida y Muerte es una plataforma donde los habitantes de nuestras comunidades exhiben su cultura, promoviendo el respeto y la admiraci\u00f3n por nuestras ra\u00edces\u201d.<\/p>\n<p class=\"x_MsoNormal\">Por su parte, Elizabeth Lugo, de la Direcci\u00f3n Ejecutiva de Parques Tours y Naviera, destac\u00f3 que al acercarse m\u00e1s a estas comunidades se busca crear un v\u00ednculo que permita a los visitantes conocer de manera aut\u00e9ntica y profunda las tradiciones que enriquecen la identidad. De esta forma, se da un sentido m\u00e1s profundo al prop\u00f3sito del Grupo Xcaret: \u201cHacer m\u00e1s feliz al planeta, contagiando nuestro gran amor por M\u00e9xico\u201d.<\/p>\n<p class=\"x_MsoNormal\">As\u00ed, los miembros de las comunidades locales se convierten en embajadores de sus tradiciones y cultura al participar activamente en este festival, que no solo dignifica sus ra\u00edces, sino que les permite transmitirlas al mundo. Esto fomenta un turismo inclusivo y responsable, generando prosperidad compartida en conocimiento y fortaleciendo la relaci\u00f3n entre las comunidades y Grupo Xcaret.<\/p>\n","protected":false},"excerpt":{"rendered":"<p>Grupo Xcaret y comunidades de Quintana Roo: un v\u00ednculo cultural en el Festival de Tradiciones de&hellip;<\/p>\n","protected":false},"author":100,"featured_media":80406,"comment_status":"closed","ping_status":"closed","sticky":false,"template":"","format":"standard","meta":{"_acf_changed":false,"_lmt_disableupdate":"","_lmt_disable":"","_mbp_gutenberg_autopost":false,"footnotes":""},"categories":[23,1656,8],"tags":[],"class_list":["post-80405","post","type-post","status-publish","format-standard","has-post-thumbnail","hentry","category-noticias","category-quintana-roo","category-turismo"],"acf":[],"_links":{"self":[{"href":"https:\/\/l21.mx\/index.php?rest_route=\/wp\/v2\/posts\/80405","targetHints":{"allow":["GET"]}}],"collection":[{"href":"https:\/\/l21.mx\/index.php?rest_route=\/wp\/v2\/posts"}],"about":[{"href":"https:\/\/l21.mx\/index.php?rest_route=\/wp\/v2\/types\/post"}],"author":[{"embeddable":true,"href":"https:\/\/l21.mx\/index.php?rest_route=\/wp\/v2\/users\/100"}],"replies":[{"embeddable":true,"href":"https:\/\/l21.mx\/index.php?rest_route=%2Fwp%2Fv2%2Fcomments&post=80405"}],"version-history":[{"count":0,"href":"https:\/\/l21.mx\/index.php?rest_route=\/wp\/v2\/posts\/80405\/revisions"}],"wp:featuredmedia":[{"embeddable":true,"href":"https:\/\/l21.mx\/index.php?rest_route=\/wp\/v2\/media\/80406"}],"wp:attachment":[{"href":"https:\/\/l21.mx\/index.php?rest_route=%2Fwp%2Fv2%2Fmedia&parent=80405"}],"wp:term":[{"taxonomy":"category","embeddable":true,"href":"https:\/\/l21.mx\/index.php?rest_route=%2Fwp%2Fv2%2Fcategories&post=80405"},{"taxonomy":"post_tag","embeddable":true,"href":"https:\/\/l21.mx\/index.php?rest_route=%2Fwp%2Fv2%2Ftags&post=80405"}],"curies":[{"name":"wp","href":"https:\/\/api.w.org\/{rel}","templated":true}]}}