{"id":80442,"date":"2024-10-21T10:24:02","date_gmt":"2024-10-21T15:24:02","guid":{"rendered":"https:\/\/l21.mx\/?p=80442"},"modified":"2024-10-21T10:24:02","modified_gmt":"2024-10-21T15:24:02","slug":"cruz-roja-mexicana-institucion-que-salva-vidas-y-brinda-esperanza-estefania-mercado","status":"publish","type":"post","link":"https:\/\/l21.mx\/?p=80442","title":{"rendered":"Cruz Roja Mexicana, instituci\u00f3n que salva vidas y brinda esperanza: Estefan\u00eda Mercado"},"content":{"rendered":"<p>&nbsp;<\/p>\n<p>\u2022 La presidenta municipal de Solidaridad destaca el irremplazable papel que desempe\u00f1a la instituci\u00f3n dentro de la sociedad, especialmente en Playa del Carmen<\/p>\n<p><a href=\"https:\/\/l21.mx\/wp-content\/uploads\/2024\/10\/WhatsApp-Image-2024-10-20-at-2.08.54-PM.jpeg\" data-rel=\"penci-gallery-image-content\" ><img fetchpriority=\"high\" decoding=\"async\" class=\"alignnone size-medium wp-image-80443\" src=\"https:\/\/l21.mx\/wp-content\/uploads\/2024\/10\/WhatsApp-Image-2024-10-20-at-2.08.54-PM-300x200.jpeg\" alt=\"\" width=\"300\" height=\"200\" srcset=\"https:\/\/l21.mx\/wp-content\/uploads\/2024\/10\/WhatsApp-Image-2024-10-20-at-2.08.54-PM-300x200.jpeg 300w, https:\/\/l21.mx\/wp-content\/uploads\/2024\/10\/WhatsApp-Image-2024-10-20-at-2.08.54-PM-1024x682.jpeg 1024w, https:\/\/l21.mx\/wp-content\/uploads\/2024\/10\/WhatsApp-Image-2024-10-20-at-2.08.54-PM-768x511.jpeg 768w, https:\/\/l21.mx\/wp-content\/uploads\/2024\/10\/WhatsApp-Image-2024-10-20-at-2.08.54-PM-1170x779.jpeg 1170w, https:\/\/l21.mx\/wp-content\/uploads\/2024\/10\/WhatsApp-Image-2024-10-20-at-2.08.54-PM-585x389.jpeg 585w, https:\/\/l21.mx\/wp-content\/uploads\/2024\/10\/WhatsApp-Image-2024-10-20-at-2.08.54-PM-263x175.jpeg 263w, https:\/\/l21.mx\/wp-content\/uploads\/2024\/10\/WhatsApp-Image-2024-10-20-at-2.08.54-PM.jpeg 1280w\" sizes=\"(max-width: 300px) 100vw, 300px\" \/><\/a><\/p>\n<p>Playa del Carmen, Quintana Roo, 21 de octubre de 2024.\u2014 La presidenta municipal de Solidaridad, Estefan\u00eda Mercado, hizo un reconocimiento especial a la Cruz Roja Mexicana, por el irremplazable papel que desempe\u00f1a dentro de la sociedad, especialmente en la ciudad de Playa del Carmen.<\/p>\n<p>La alcaldesa de Solidaridad particip\u00f3 la noche de este s\u00e1bado en un evento de beneficencia para recaudar fondos destinados a esta noble instituci\u00f3n, encabezada por Carlos Constandse, vicepresidente Nacional de Cruz Roja Mexicana y delegado estatal en Quintana Roo.<\/p>\n<p><a href=\"https:\/\/l21.mx\/wp-content\/uploads\/2024\/10\/WhatsApp-Image-2024-10-20-at-2.08.52-PM.jpeg\" data-rel=\"penci-gallery-image-content\" ><img decoding=\"async\" class=\"alignnone size-medium wp-image-80445\" src=\"https:\/\/l21.mx\/wp-content\/uploads\/2024\/10\/WhatsApp-Image-2024-10-20-at-2.08.52-PM-300x200.jpeg\" alt=\"\" width=\"300\" height=\"200\" srcset=\"https:\/\/l21.mx\/wp-content\/uploads\/2024\/10\/WhatsApp-Image-2024-10-20-at-2.08.52-PM-300x200.jpeg 300w, https:\/\/l21.mx\/wp-content\/uploads\/2024\/10\/WhatsApp-Image-2024-10-20-at-2.08.52-PM-1024x682.jpeg 1024w, https:\/\/l21.mx\/wp-content\/uploads\/2024\/10\/WhatsApp-Image-2024-10-20-at-2.08.52-PM-768x511.jpeg 768w, https:\/\/l21.mx\/wp-content\/uploads\/2024\/10\/WhatsApp-Image-2024-10-20-at-2.08.52-PM-1170x779.jpeg 1170w, https:\/\/l21.mx\/wp-content\/uploads\/2024\/10\/WhatsApp-Image-2024-10-20-at-2.08.52-PM-585x389.jpeg 585w, https:\/\/l21.mx\/wp-content\/uploads\/2024\/10\/WhatsApp-Image-2024-10-20-at-2.08.52-PM-263x175.jpeg 263w, https:\/\/l21.mx\/wp-content\/uploads\/2024\/10\/WhatsApp-Image-2024-10-20-at-2.08.52-PM.jpeg 1280w\" sizes=\"(max-width: 300px) 100vw, 300px\" \/><\/a><\/p>\n<p>En este marco, la presidenta municipal Estefan\u00eda Mercado destac\u00f3 que la Instituci\u00f3n est\u00e1 siempre presente en los momentos m\u00e1s cr\u00edticos, protegiendo vidas y brindando consuelo cuando parece que todo est\u00e1 perdido.<\/p>\n<p>\u201cNo importa el momento ni el lugar, siempre est\u00e1n all\u00ed para tender una mano amiga a quienes m\u00e1s lo necesitan. Su labor no s\u00f3lo salva vidas, tambi\u00e9n da esperanza, y eso no tiene precio\u201d, destac\u00f3 durante la cena de gala con causa, que tuvo lugar ayer por la noche en el hotel Xcaret Arte de este destino tur\u00edstico.<\/p>\n<p>Extendi\u00f3 el reconocimiento a quienes integran el equipo de la Cruz Roja: m\u00e9dicos, param\u00e9dicos, voluntarios y a cada persona que, d\u00eda a d\u00eda, realiza una labor incalculable. \u201cSu dedicaci\u00f3n y compromiso son una fuente de inspiraci\u00f3n para todos nosotros\u201d, agreg\u00f3.<\/p>\n<p>Asimismo, destac\u00f3 la labor del arquitecto Carlos Constandse al frente de la benem\u00e9rita instituci\u00f3n, ya que su liderazgo ha sido fundamental para continuar el valioso trabajo de salvar vidas y brindar ayuda a quienes m\u00e1s lo necesitan.<\/p>\n<p>\u201cGracias a todos por su generosidad, juntos podemos seguir fortaleciendo esta misi\u00f3n de servir a quienes m\u00e1s lo necesitan. Sigamos apoyando a quienes hacen posible que la Cruz Roja siga siendo un faro de esperanza\u201d, convoc\u00f3 la Presidenta Municipal de Solidaridad en la velada a la que asistieron empresarios, integrantes de la clase pol\u00edtica local y voluntarios de la sociedad civil, entre otros invitados especiales.<\/p>\n","protected":false},"excerpt":{"rendered":"<p>&nbsp; \u2022 La presidenta municipal de Solidaridad destaca el irremplazable papel que desempe\u00f1a la instituci\u00f3n dentro&hellip;<\/p>\n","protected":false},"author":100,"featured_media":80444,"comment_status":"closed","ping_status":"closed","sticky":false,"template":"","format":"standard","meta":{"_acf_changed":false,"_lmt_disableupdate":"","_lmt_disable":"","_mbp_gutenberg_autopost":false,"footnotes":""},"categories":[1654],"tags":[],"class_list":["post-80442","post","type-post","status-publish","format-standard","has-post-thumbnail","hentry","category-solidaridad"],"acf":[],"_links":{"self":[{"href":"https:\/\/l21.mx\/index.php?rest_route=\/wp\/v2\/posts\/80442","targetHints":{"allow":["GET"]}}],"collection":[{"href":"https:\/\/l21.mx\/index.php?rest_route=\/wp\/v2\/posts"}],"about":[{"href":"https:\/\/l21.mx\/index.php?rest_route=\/wp\/v2\/types\/post"}],"author":[{"embeddable":true,"href":"https:\/\/l21.mx\/index.php?rest_route=\/wp\/v2\/users\/100"}],"replies":[{"embeddable":true,"href":"https:\/\/l21.mx\/index.php?rest_route=%2Fwp%2Fv2%2Fcomments&post=80442"}],"version-history":[{"count":0,"href":"https:\/\/l21.mx\/index.php?rest_route=\/wp\/v2\/posts\/80442\/revisions"}],"wp:featuredmedia":[{"embeddable":true,"href":"https:\/\/l21.mx\/index.php?rest_route=\/wp\/v2\/media\/80444"}],"wp:attachment":[{"href":"https:\/\/l21.mx\/index.php?rest_route=%2Fwp%2Fv2%2Fmedia&parent=80442"}],"wp:term":[{"taxonomy":"category","embeddable":true,"href":"https:\/\/l21.mx\/index.php?rest_route=%2Fwp%2Fv2%2Fcategories&post=80442"},{"taxonomy":"post_tag","embeddable":true,"href":"https:\/\/l21.mx\/index.php?rest_route=%2Fwp%2Fv2%2Ftags&post=80442"}],"curies":[{"name":"wp","href":"https:\/\/api.w.org\/{rel}","templated":true}]}}