{"id":81474,"date":"2024-11-15T17:42:03","date_gmt":"2024-11-15T22:42:03","guid":{"rendered":"https:\/\/l21.mx\/?p=81474"},"modified":"2024-11-15T17:42:03","modified_gmt":"2024-11-15T22:42:03","slug":"anuncia-mara-lezama-programa-estrategico-para-prevenir-ulceras-plantares-en-el-dia-nacional-del-pie-diabetico","status":"publish","type":"post","link":"https:\/\/l21.mx\/?p=81474","title":{"rendered":"Anuncia Mara Lezama programa estrat\u00e9gico para prevenir \u00falceras plantares, en el D\u00eda Nacional del Pie Diab\u00e9tico"},"content":{"rendered":"<p>&nbsp;<\/p>\n<p>-En coordinaci\u00f3n con la Beneficencia P\u00fablica y el DIF Quintana Roo se beneficiar\u00e1 a 300 pacientes con kit preventivo que contiene calzado adecuado y adaptaci\u00f3n de plantillas ortop\u00e9dicas<\/p>\n<p>Canc\u00fan.- En el marco del D\u00eda Nacional del Pie Diab\u00e9tico, la gobernadora Mara Lezama Espinosa y la presidenta honoraria del Sistema DIF Quintana Roo, Ver\u00f3nica Lezama Espinosa, anunciaron, a partir de hoy, un programa estrat\u00e9gico de prevenci\u00f3n de \u00falceras plantares que, inicialmente, beneficiar\u00e1 a 300 personas.<\/p>\n<p>Con este programa, Quintana Roo se convierte en el primer estado del pa\u00eds en realizar una jornada de prevenci\u00f3n del pie diab\u00e9tico, a trav\u00e9s de un estudio plantogr\u00e1fico para detectar zonas de presi\u00f3n y potencial desarrollo de heridas, as\u00ed como la prescripci\u00f3n de calzado adecuado y la adaptaci\u00f3n de plantillas ortop\u00e9dicas.<\/p>\n<p>\u201cEn Quintana Roo ponemos manos a la obra para ayudar a combatir esta silenciosa enfermedad\u201d expres\u00f3 la Gobernadora en relaci\u00f3n con la diabetes. A\u00f1adi\u00f3 que con la coordinaci\u00f3n entre el Patrimonio de la Beneficencia P\u00fablica y el Sistema DIF Quintana Roo, se realizar\u00e1 este programa estrat\u00e9gico que contempla la entrega de un kit de prevenci\u00f3n que contiene un par de calzado especial, una plantilla ortop\u00e9dica de liberaci\u00f3n de puntos de presi\u00f3n y una crema lubricante para pies\u201d.<\/p>\n","protected":false},"excerpt":{"rendered":"<p>&nbsp; -En coordinaci\u00f3n con la Beneficencia P\u00fablica y el DIF Quintana Roo se beneficiar\u00e1 a 300&hellip;<\/p>\n","protected":false},"author":100,"featured_media":81475,"comment_status":"closed","ping_status":"closed","sticky":false,"template":"","format":"standard","meta":{"_acf_changed":false,"_lmt_disableupdate":"","_lmt_disable":"","_mbp_gutenberg_autopost":false,"footnotes":""},"categories":[23,1656],"tags":[],"class_list":["post-81474","post","type-post","status-publish","format-standard","has-post-thumbnail","hentry","category-noticias","category-quintana-roo"],"acf":[],"_links":{"self":[{"href":"https:\/\/l21.mx\/index.php?rest_route=\/wp\/v2\/posts\/81474","targetHints":{"allow":["GET"]}}],"collection":[{"href":"https:\/\/l21.mx\/index.php?rest_route=\/wp\/v2\/posts"}],"about":[{"href":"https:\/\/l21.mx\/index.php?rest_route=\/wp\/v2\/types\/post"}],"author":[{"embeddable":true,"href":"https:\/\/l21.mx\/index.php?rest_route=\/wp\/v2\/users\/100"}],"replies":[{"embeddable":true,"href":"https:\/\/l21.mx\/index.php?rest_route=%2Fwp%2Fv2%2Fcomments&post=81474"}],"version-history":[{"count":0,"href":"https:\/\/l21.mx\/index.php?rest_route=\/wp\/v2\/posts\/81474\/revisions"}],"wp:featuredmedia":[{"embeddable":true,"href":"https:\/\/l21.mx\/index.php?rest_route=\/wp\/v2\/media\/81475"}],"wp:attachment":[{"href":"https:\/\/l21.mx\/index.php?rest_route=%2Fwp%2Fv2%2Fmedia&parent=81474"}],"wp:term":[{"taxonomy":"category","embeddable":true,"href":"https:\/\/l21.mx\/index.php?rest_route=%2Fwp%2Fv2%2Fcategories&post=81474"},{"taxonomy":"post_tag","embeddable":true,"href":"https:\/\/l21.mx\/index.php?rest_route=%2Fwp%2Fv2%2Ftags&post=81474"}],"curies":[{"name":"wp","href":"https:\/\/api.w.org\/{rel}","templated":true}]}}