{"id":81738,"date":"2024-11-28T10:38:10","date_gmt":"2024-11-28T15:38:10","guid":{"rendered":"https:\/\/l21.mx\/?p=81738"},"modified":"2024-11-28T10:38:11","modified_gmt":"2024-11-28T15:38:11","slug":"fortalece-y-visibiliza-mara-lezama-65-proyectos-de-cultura-y-desarrollo-artistico-en-quintana-roo","status":"publish","type":"post","link":"https:\/\/l21.mx\/?p=81738","title":{"rendered":"Fortalece y visibiliza Mara Lezama 65 proyectos de cultura y desarrollo art\u00edstico en Quintana Roo"},"content":{"rendered":"<p>&nbsp;<\/p>\n<p>Canc\u00fan.- Al atestiguar la entrega de recursos de las convocatorias 2024 del Programa de Apoyos a las Culturas Municipales y Comunitarias (PACMyC) y del Programa de Est\u00edmulo a la Creaci\u00f3n y Desarrollo Art\u00edstico y Apoyo a Instituciones Estatales de Cultura (PECDA), la gobernadora Mara Lezama Espinosa afirm\u00f3 que estas iniciativas permiten a mujeres y j\u00f3venes progresar mediante conocimientos adquiridos en sus comunidades, fortaleciendo la econom\u00eda social y preservando el patrimonio cultural vivo.<\/p>\n<p><a href=\"https:\/\/l21.mx\/wp-content\/uploads\/2024\/11\/1b-11.jpg\" data-rel=\"penci-gallery-image-content\" ><img fetchpriority=\"high\" decoding=\"async\" class=\"alignnone size-medium wp-image-81739\" src=\"https:\/\/l21.mx\/wp-content\/uploads\/2024\/11\/1b-11-300x174.jpg\" alt=\"\" width=\"300\" height=\"174\" srcset=\"https:\/\/l21.mx\/wp-content\/uploads\/2024\/11\/1b-11-300x174.jpg 300w, https:\/\/l21.mx\/wp-content\/uploads\/2024\/11\/1b-11-1024x594.jpg 1024w, https:\/\/l21.mx\/wp-content\/uploads\/2024\/11\/1b-11-768x446.jpg 768w, https:\/\/l21.mx\/wp-content\/uploads\/2024\/11\/1b-11-1536x892.jpg 1536w, https:\/\/l21.mx\/wp-content\/uploads\/2024\/11\/1b-11-2048x1189.jpg 2048w, https:\/\/l21.mx\/wp-content\/uploads\/2024\/11\/1b-11-1920x1115.jpg 1920w, https:\/\/l21.mx\/wp-content\/uploads\/2024\/11\/1b-11-1170x679.jpg 1170w, https:\/\/l21.mx\/wp-content\/uploads\/2024\/11\/1b-11-585x340.jpg 585w\" sizes=\"(max-width: 300px) 100vw, 300px\" \/><\/a><\/p>\n<p>El evento se realiz\u00f3 en la Casa de la Cultura de Canc\u00fan, en donde la directora de la Cultura y las Artes, Lilian Villanueva Chan explic\u00f3 que son beneficiarios destacados artistas, portadores de tradiciones y gestores culturales de Quintana Roo quienes a trav\u00e9s de sus proyectos y creaciones fortalecen el desarrollo social y cultural del estado.<\/p>\n<p>Villanueva Chan inform\u00f3 que en esta administraci\u00f3n de la gobernadora Mara Lezama Espinosa se han duplicado los apoyos, lo que garantiza que el talento y la riqueza cultural local impulsen oportunidades de crecimiento, identidad y bienestar colectivo.<\/p>\n<p>En esta ocasi\u00f3n se entregaron recursos para el financiamiento de 65 proyectos y becas por m\u00e1s de 5 millones de pesos.<\/p>\n<p>Al respecto, la gobernadora Mara Lezama afirm\u00f3 que este gobierno humanista y progresista, con coraz\u00f3n feminista, \u201creafirma este compromiso de fortalecer nuestra identidad invirtiendo en el desarrollo cultural y art\u00edstico, garantizando que la cultura llegue a todos, porque la cultura no debe de ser nada m\u00e1s para aquellos que pueden pagar un boleto para ir a ver una obra de teatro, o un concierto, o cualquier expresi\u00f3n art\u00edstica. Y a trav\u00e9s de ello tambi\u00e9n lograremos la construcci\u00f3n de la paz a trav\u00e9s de una educaci\u00f3n integral acorde al Nuevo Acuerdo por el Bienestar y Desarrollo de Quintana Roo\u201d.<\/p>\n<p>Agradeci\u00f3 la colaboraci\u00f3n de la Secretar\u00eda de Cultura del gobierno federal, pues en dos a\u00f1os de esta nueva forma de gobernar ha hecho posible apoyar 171 proyectos que benefician a los creadores de las diversas comunidades y ciudades donde florece el arte y se fortalece la riqueza cultural.<\/p>\n<p>Adem\u00e1s, se ha capacitado a mil 675 artistas y promotores culturales en disciplinas como la danza, m\u00fasica y lectura, integr\u00e1ndolos a proyectos de turismo comunitario, buscando la prosperidad compartida.<\/p>\n<p>Mara Lezama entreg\u00f3 apoyos al maestro Filiberto Ch\u00ed May, de m\u00fasica Mayapax de Felipe Carrillo Puerto, as\u00ed como instrumentos como bater\u00eda, saxof\u00f3n, tambores y trompetas para la jarana charanguera al maestro Genaro Asunci\u00f3n Ak\u00e9, de Jos\u00e9 Mar\u00eda Morelos.<\/p>\n<p>Tambi\u00e9n entreg\u00f3 est\u00edmulos a la Creaci\u00f3n y Desarrollo Art\u00edstico (PECDA) a creadores de Benito Ju\u00e1rez, Jos\u00e9 Mar\u00eda Morelos, Solidaridad, Tulum, Oth\u00f3n P. Blanco e Isla Mujeres.<\/p>\n<p>Al respecto, la Gobernadora destac\u00f3 que se cumplen los compromisos de esas voces que se escucharon en territorio y que perdurar\u00e1n e inspirar\u00e1n en un futuro, \u201cporque en este gobierno diferente nadie se quedar\u00e1 fuera ni nadie se quedar\u00e1 atr\u00e1s, pues visibilizamos la cultura e identidad de los pueblos ind\u00edgenas\u201d.<\/p>\n<p>En el marco de este evento, se firmaron los Acuerdos Solidarios para \u201cEl Bienestar y Desarrollo Art\u00edstico de Quintana Roo, a trav\u00e9s de la Formaci\u00f3n, Capacitaci\u00f3n y Producci\u00f3n de Artes Esc\u00e9nicas, Visuales, Pl\u00e1sticas, Literatura, Arquitectura, Investigaci\u00f3n y Difusi\u00f3n Cultural\u201d, y para el \u201cBienestar y Desarrollo Sostenible del Patrimonio Cultural Inmaterial de Quintana Roo, a trav\u00e9s de los Sistemas de Organizaci\u00f3n Local y Colectivos Comprometidos con su Protecci\u00f3n y Transmisi\u00f3n Intergeneracional\u201d.<\/p>\n","protected":false},"excerpt":{"rendered":"<p>&nbsp; Canc\u00fan.- Al atestiguar la entrega de recursos de las convocatorias 2024 del Programa de Apoyos&hellip;<\/p>\n","protected":false},"author":100,"featured_media":81740,"comment_status":"closed","ping_status":"closed","sticky":false,"template":"","format":"standard","meta":{"_acf_changed":false,"_lmt_disableupdate":"","_lmt_disable":"","_mbp_gutenberg_autopost":false,"footnotes":""},"categories":[23,1656],"tags":[],"class_list":["post-81738","post","type-post","status-publish","format-standard","has-post-thumbnail","hentry","category-noticias","category-quintana-roo"],"acf":[],"_links":{"self":[{"href":"https:\/\/l21.mx\/index.php?rest_route=\/wp\/v2\/posts\/81738","targetHints":{"allow":["GET"]}}],"collection":[{"href":"https:\/\/l21.mx\/index.php?rest_route=\/wp\/v2\/posts"}],"about":[{"href":"https:\/\/l21.mx\/index.php?rest_route=\/wp\/v2\/types\/post"}],"author":[{"embeddable":true,"href":"https:\/\/l21.mx\/index.php?rest_route=\/wp\/v2\/users\/100"}],"replies":[{"embeddable":true,"href":"https:\/\/l21.mx\/index.php?rest_route=%2Fwp%2Fv2%2Fcomments&post=81738"}],"version-history":[{"count":0,"href":"https:\/\/l21.mx\/index.php?rest_route=\/wp\/v2\/posts\/81738\/revisions"}],"wp:featuredmedia":[{"embeddable":true,"href":"https:\/\/l21.mx\/index.php?rest_route=\/wp\/v2\/media\/81740"}],"wp:attachment":[{"href":"https:\/\/l21.mx\/index.php?rest_route=%2Fwp%2Fv2%2Fmedia&parent=81738"}],"wp:term":[{"taxonomy":"category","embeddable":true,"href":"https:\/\/l21.mx\/index.php?rest_route=%2Fwp%2Fv2%2Fcategories&post=81738"},{"taxonomy":"post_tag","embeddable":true,"href":"https:\/\/l21.mx\/index.php?rest_route=%2Fwp%2Fv2%2Ftags&post=81738"}],"curies":[{"name":"wp","href":"https:\/\/api.w.org\/{rel}","templated":true}]}}